{"id":14380,"date":"2024-10-08T12:39:46","date_gmt":"2024-10-08T15:39:46","guid":{"rendered":"https:\/\/ipatingafc.com.br\/index.php\/2024\/10\/08\/parque-dos-espanhois-celebra-aniversario-de-16-anos-com-programacao-especial-neste-sabado-12-agencia-de-noticias\/"},"modified":"2024-10-08T12:39:46","modified_gmt":"2024-10-08T15:39:46","slug":"parque-dos-espanhois-celebra-aniversario-de-16-anos-com-programacao-especial-neste-sabado-12-agencia-de-noticias","status":"publish","type":"post","link":"https:\/\/ipatingafc.com.br\/index.php\/2024\/10\/08\/parque-dos-espanhois-celebra-aniversario-de-16-anos-com-programacao-especial-neste-sabado-12-agencia-de-noticias\/","title":{"rendered":"Parque dos Espanh\u00f3is celebra anivers\u00e1rio de 16 anos com programa\u00e7\u00e3o especial neste s\u00e1bado (12) \u2013 Ag\u00eancia de Not\u00edcias"},"content":{"rendered":"<p><\/p>\n<div>\n<div class=\"col\">\n<p class=\"mt-0\">\n                        <strong><br \/>\n                            <span class=\"far fa-calendar mr-1 mt-2\"\/><br \/>\n                            7 de outubro de 2024<br \/>\n                            <span class=\"far fa-clock ml-3 mt-2\"\/><br \/>\n                            16:56<br \/>\n                        <\/strong>\n                    <\/p>\n<p class=\"mb-0\">Por: <strong>Mariana Campos<\/strong><\/p>\n<\/p><\/div>\n<\/p><\/div>\n<div>\n<p>A popula\u00e7\u00e3o ter\u00e1 a oportunidade de participar, das 12h \u00e0s 22h de s\u00e1bado (12), de um evento cultural especial para celebrar os 16 anos do Parque dos Espanh\u00f3is, tradicional espa\u00e7o p\u00fablico da cidade, localizado na Vila Assis, Zona Leste de Sorocaba. A programa\u00e7\u00e3o gratuita, voltada a pessoas de todas as idades, contar\u00e1 com exposi\u00e7\u00e3o e apresenta\u00e7\u00f5es art\u00edsticas.<\/p>\n<p>Administrado pela Prefeitura de Sorocaba, por meio da Secretaria de Cultura (Secult), o Parque dos Espanh\u00f3is foi inaugurado em 12 de outubro de 2008 e recebeu este nome em homenagem aos imigrantes espanh\u00f3is que s\u00e3o maioria no bairro.<\/p>\n<p>Das 12h \u00e0s 22h, o p\u00fablico poder\u00e1 conferir exposi\u00e7\u00e3o de motorhomes e carros antigos, proporcionando um dia de lazer, troca de ideias e exibi\u00e7\u00e3o dos modelos. \u00c0s 17h30 ter\u00e1 apresenta\u00e7\u00e3o de Cururu, antiga tradi\u00e7\u00e3o cultural da regi\u00e3o paulista do M\u00e9dio Tiet\u00ea, que representa a raiz sorocabana. \u00c0s 18h30, subir\u00e1 ao palco a Orquestra de Violas \u201cZ\u00e9 Franco\u201d, grupo que nasceu com o intuito de resgatar a viola caipira enquanto express\u00e3o da cultura popular brasileira. Em seguida, \u00e0s 19h, ser\u00e1 a vez do coral sorocabano Momentus Vivere. Para finalizar as atra\u00e7\u00f5es art\u00edsticas, o grupo de dan\u00e7a Flashback no Parque \u2013 Galera Passinho se apresentar\u00e1 no local.<\/p>\n<p>O Parque dos Espanh\u00f3is est\u00e1 localizado na Rua Dr. Campos Salles, s\/n, na Vila Assis, e conta com uma agenda de eventos durante o ano todo, oferecendo aulas gratuitas de gin\u00e1stica, capoeira, canto coral, teatro, al\u00e9m de equipamentos de gin\u00e1stica, parque infantil e espa\u00e7o para a pr\u00e1tica esportiva.<\/p>\n<p>Mais informa\u00e7\u00f5es podem ser obtidas pelo e-mail: secult@sorocaba.sp.gov.br ou, de segunda a sexta-feira, das 8h \u00e0s 17h, pelo telefone: (15) 3233-9809.<\/p>\n<p><span style=\"text-decoration: underline;\">12 de outubro (s\u00e1bado)<\/span><br \/><strong>Programa\u00e7\u00e3o especial de anivers\u00e1rio do Parque dos Espanh\u00f3is<\/strong><br \/>12h \u00e0s 22h \u2013 Exposi\u00e7\u00e3o de Motorhomes e Carros antigos<br \/>17h30 \u2013 Cururu<br \/>18h \u2013 Orquestra de Viola Jos\u00e9 Franco<br \/>19h \u2013 Coral Momentus Vivere<br \/>19h30 \u2013 Grupo de dan\u00e7a Flashback no Parque \u2013 Galera Passinho<br \/>Local: Parque dos Espanh\u00f3is (Rua Dr. Campos Salles, s\/n \u2013 Vila Assis)<\/p>\n<\/p><\/div>\n","protected":false},"excerpt":{"rendered":"<p>7 de outubro de 2024 16:56 Por: Mariana Campos A popula\u00e7\u00e3o ter\u00e1 a oportunidade de&#8230;<\/p>\n","protected":false},"author":2,"featured_media":0,"comment_status":"","ping_status":"","sticky":false,"template":"","format":"standard","meta":{"footnotes":""},"categories":[2],"tags":[],"class_list":["post-14380","post","type-post","status-publish","format-standard","hentry","category-jogos-ao-vivo"],"amp_enabled":true,"_links":{"self":[{"href":"https:\/\/ipatingafc.com.br\/index.php\/wp-json\/wp\/v2\/posts\/14380","targetHints":{"allow":["GET"]}}],"collection":[{"href":"https:\/\/ipatingafc.com.br\/index.php\/wp-json\/wp\/v2\/posts"}],"about":[{"href":"https:\/\/ipatingafc.com.br\/index.php\/wp-json\/wp\/v2\/types\/post"}],"author":[{"embeddable":true,"href":"https:\/\/ipatingafc.com.br\/index.php\/wp-json\/wp\/v2\/users\/2"}],"replies":[{"embeddable":true,"href":"https:\/\/ipatingafc.com.br\/index.php\/wp-json\/wp\/v2\/comments?post=14380"}],"version-history":[{"count":0,"href":"https:\/\/ipatingafc.com.br\/index.php\/wp-json\/wp\/v2\/posts\/14380\/revisions"}],"wp:attachment":[{"href":"https:\/\/ipatingafc.com.br\/index.php\/wp-json\/wp\/v2\/media?parent=14380"}],"wp:term":[{"taxonomy":"category","embeddable":true,"href":"https:\/\/ipatingafc.com.br\/index.php\/wp-json\/wp\/v2\/categories?post=14380"},{"taxonomy":"post_tag","embeddable":true,"href":"https:\/\/ipatingafc.com.br\/index.php\/wp-json\/wp\/v2\/tags?post=14380"}],"curies":[{"name":"wp","href":"https:\/\/api.w.org\/{rel}","templated":true}]}}