{"id":14382,"date":"2024-10-08T13:26:46","date_gmt":"2024-10-08T16:26:46","guid":{"rendered":"https:\/\/ipatingafc.com.br\/index.php\/2024\/10\/08\/empreenda-rio-abertas-as-inscricoes-para-curso-com-direito-a-mentoria-de-90-dias-prefeitura-da-cidade-do-rio-de-janeiro\/"},"modified":"2024-10-08T13:26:46","modified_gmt":"2024-10-08T16:26:46","slug":"empreenda-rio-abertas-as-inscricoes-para-curso-com-direito-a-mentoria-de-90-dias-prefeitura-da-cidade-do-rio-de-janeiro","status":"publish","type":"post","link":"https:\/\/ipatingafc.com.br\/index.php\/2024\/10\/08\/empreenda-rio-abertas-as-inscricoes-para-curso-com-direito-a-mentoria-de-90-dias-prefeitura-da-cidade-do-rio-de-janeiro\/","title":{"rendered":"Empreenda.Rio: abertas as inscri\u00e7\u00f5es para curso com direito a mentoria de 90 dias &#8211; Prefeitura da Cidade do Rio de Janeiro"},"content":{"rendered":"<p><\/p>\n<div id=\"main\">\n<div class=\"wrapper-breadcrumbs\" wp_automatic_readability=\"52.884329678104\">\n<p>Est\u00e3o abertas as inscri\u00e7\u00f5es para as primeiras cinco turmas do curso Empreenda.Rio, realizado pela Secretaria Municipal de Trabalho e Renda em parceria com a Besouro Ag\u00eancia de Fomento Social. De 14 a 18 de outubro e de 21 a 25 de outubro, os alunos aprender\u00e3o, entre outras coisas, a criar um plano de neg\u00f3cios, a fazer gest\u00e3o financeira de um empreendimento e a tra\u00e7ar estrat\u00e9gias de marketing.<\/p>\n<p>O curso gratuito \u00e9 voltado para quem sonha abrir o seu pr\u00f3prio neg\u00f3cio ou para quem j\u00e1 \u00e9 empreendedor. \u00c9 necess\u00e1rio ter no m\u00ednimo 18 anos para se candidatar a uma das 35 vagas em cada uma das turmas. As inscri\u00e7\u00f5es para as quatro primeiras turmas v\u00e3o at\u00e9 o dia 16 e podem ser feitas no site\u00a0http:\/\/www.projetoempreendario.com.br.<\/p>\n<p>O curso usa a viv\u00eancia de cada um para a cria\u00e7\u00e3o de um neg\u00f3cio de baixo ou nenhum custo. Ao fim das aulas, o aluno estar\u00e1 pronto para tirar o empreendimento do papel. E, durante 90 dias, contar\u00e1 com acompanhamento da equipe da Besouro e poder\u00e1 tirar d\u00favidas para garantir a continuidade de seu empreendimento.<\/p>\n<p>\u2014\u00a0 A ideia \u00e9 oferecer ferramentas para que o aluno possa abrir o seu pr\u00f3prio neg\u00f3cio. E, a partir dele, garantir uma renda e melhorar a qualidade de vida de sua fam\u00edlia \u2014 explica o secret\u00e1rio municipal de Trabalho e Renda, Everton Gomes.<\/p>\n<p>Nesta primeira etapa, o curso ser\u00e1 realizado no Centro, em Anchieta, Rocha Miranda e Olaria. Ser\u00e3o 38 turmas no total e os alunos receber\u00e3o gratuitamente o material did\u00e1tico. As datas das pr\u00f3ximas turmas ainda ser\u00e3o anunciadas.<\/p>\n<p>\u00a0<\/p>\n<p><b><strong>As primeiras cinco turmas<\/strong><\/b><\/p>\n<p><b><strong>\u00a0<\/strong><\/b><\/p>\n<p><b><strong><u>Anchieta<\/u><\/strong><\/b><\/p>\n<p>Data: 14\/10 a 18\/10<\/p>\n<p>Hora: 8h30 \u00e0s 12h30<\/p>\n<p>Local: Biblioteca Casa Amarela, na Rua Padre Mario Vers\u00e9, 11<\/p>\n<p>\u00a0<\/p>\n<p><b><strong><u>Anchieta<\/u><\/strong><\/b><\/p>\n<p>Data: 14\/10 a 18\/10<\/p>\n<p>Hora: 8h30 \u00e0s 12h30<\/p>\n<p>Local: For\u00e7a Pavuna, na Avenida Cris\u00f3stomo Pimentel de Oliveira, 1.780<\/p>\n<p>\u00a0<\/p>\n<p><b><strong><u>Centro<\/u><\/strong><\/b><\/p>\n<p>Data: 14\/10 a 18\/10<\/p>\n<p>Hora: 9h \u00e0s 13h<\/p>\n<p>Local: Esta\u00e7\u00e3o Empreenda.Rio Campo de Santana, na Pra\u00e7a da Rep\u00fablica, 139<\/p>\n<p>\u00a0<\/p>\n<p><b><strong><u>Rocha Miranda<\/u><\/strong><\/b><\/p>\n<p>Data: 14\/10 a 18\/10<\/p>\n<p>Hora: 8h30 \u00e0s 12h30<\/p>\n<p>Local: Instituto Social Mulheres de Favela em Rea\u00e7\u00e3o, na Rua P\u00e3o de A\u00e7\u00facar, 140.<\/p>\n<p>\u00a0<\/p>\n<p><b><strong><u>Olaria<\/u><\/strong><\/b><\/p>\n<p>Data: 21\/10 a 25\/10<\/p>\n<p>Hora: 13h \u00e0s 17h<\/p>\n<p>Local: Igreja S\u00e3o Geraldo, na Rua Leopoldina Rego, 344.<\/p>\n<p>             <!-- Compartilhe ---><\/p>\n<p>\t\t\t <!-- TAGS --><\/p>\n<section class=\"category-tags\">\n<article class=\"tags\">\n\t\t\t\t\tMarca\u00e7\u00f5es: curso gratuito Empreenda.Rio secretaria de trabalho e renda<br \/><\/article>\n<\/section>\n<p>            <!-- Mais Not&iacute;cias --><\/p>\n<p>\t\t<!-- Conte&uacute;do SIDEBAR --><\/p><\/div>\n<\/p><\/div>\n","protected":false},"excerpt":{"rendered":"<p>Est\u00e3o abertas as inscri\u00e7\u00f5es para as primeiras cinco turmas do curso Empreenda.Rio, realizado pela Secretaria&#8230;<\/p>\n","protected":false},"author":2,"featured_media":0,"comment_status":"","ping_status":"","sticky":false,"template":"","format":"standard","meta":{"footnotes":""},"categories":[2],"tags":[],"class_list":["post-14382","post","type-post","status-publish","format-standard","hentry","category-jogos-ao-vivo"],"amp_enabled":true,"_links":{"self":[{"href":"https:\/\/ipatingafc.com.br\/index.php\/wp-json\/wp\/v2\/posts\/14382","targetHints":{"allow":["GET"]}}],"collection":[{"href":"https:\/\/ipatingafc.com.br\/index.php\/wp-json\/wp\/v2\/posts"}],"about":[{"href":"https:\/\/ipatingafc.com.br\/index.php\/wp-json\/wp\/v2\/types\/post"}],"author":[{"embeddable":true,"href":"https:\/\/ipatingafc.com.br\/index.php\/wp-json\/wp\/v2\/users\/2"}],"replies":[{"embeddable":true,"href":"https:\/\/ipatingafc.com.br\/index.php\/wp-json\/wp\/v2\/comments?post=14382"}],"version-history":[{"count":0,"href":"https:\/\/ipatingafc.com.br\/index.php\/wp-json\/wp\/v2\/posts\/14382\/revisions"}],"wp:attachment":[{"href":"https:\/\/ipatingafc.com.br\/index.php\/wp-json\/wp\/v2\/media?parent=14382"}],"wp:term":[{"taxonomy":"category","embeddable":true,"href":"https:\/\/ipatingafc.com.br\/index.php\/wp-json\/wp\/v2\/categories?post=14382"},{"taxonomy":"post_tag","embeddable":true,"href":"https:\/\/ipatingafc.com.br\/index.php\/wp-json\/wp\/v2\/tags?post=14382"}],"curies":[{"name":"wp","href":"https:\/\/api.w.org\/{rel}","templated":true}]}}