{"id":14398,"date":"2024-10-08T19:42:47","date_gmt":"2024-10-08T22:42:47","guid":{"rendered":"https:\/\/ipatingafc.com.br\/index.php\/2024\/10\/08\/confira-as-acoes-da-campanha-outubro-rosa-na-rede-municipal-de-sorocaba-agencia-de-noticias\/"},"modified":"2024-10-08T19:42:47","modified_gmt":"2024-10-08T22:42:47","slug":"confira-as-acoes-da-campanha-outubro-rosa-na-rede-municipal-de-sorocaba-agencia-de-noticias","status":"publish","type":"post","link":"https:\/\/ipatingafc.com.br\/index.php\/2024\/10\/08\/confira-as-acoes-da-campanha-outubro-rosa-na-rede-municipal-de-sorocaba-agencia-de-noticias\/","title":{"rendered":"Confira as a\u00e7\u00f5es da campanha Outubro Rosa na rede municipal de Sorocaba \u2013 Ag\u00eancia de Not\u00edcias"},"content":{"rendered":"<p><\/p>\n<div>\n<p class=\"western\" align=\"center\">\n<p class=\"western\" align=\"justify\"><span style=\"color: #171717;\"><span style=\"font-family: Arial, sans-serif;\">A Prefeitura de Sorocaba, por meio da Secretaria da Sa\u00fade (SES), realiza, ao longo do m\u00eas, a\u00e7\u00f5es referentes \u00e0 campanha Outubro Rosa, nas Unidades B\u00e1sicas de Sa\u00fade (UBSs) da cidade. <\/span><\/span><\/p>\n<p class=\"western\" align=\"justify\"><span style=\"color: #171717;\"><span style=\"font-family: Arial, sans-serif;\">A iniciativa tem como objetivo alertar as mulheres sobre a import\u00e2ncia da preven\u00e7\u00e3o e do diagn\u00f3stico precoce dos c\u00e2nceres de mama e do colo do \u00fatero, visando, sempre, aumentar as chances de cura.<\/span><\/span><\/p>\n<p class=\"western\" align=\"justify\"><span style=\"color: #171717;\"><span style=\"font-family: Arial, sans-serif;\">Nas UBSs, que igualmente exibir\u00e3o informa\u00e7\u00f5es visuais sobre o tema, as equipes de profissionais da \u00e1rea da Sa\u00fade intensificar\u00e3o a coleta do exame de Papanicolau e as orienta\u00e7\u00f5es sobre preven\u00e7\u00e3o das doen\u00e7as combatidas no Outubro Rosa, al\u00e9m de outras atividades.<\/span><\/span><\/p>\n<p class=\"western\" align=\"justify\"><span style=\"color: #171717;\"><span style=\"font-family: Arial, sans-serif;\">Em Sorocaba, as mulheres podem procurar o atendimento m\u00e9dico em qualquer uma das 33 UBSs dispon\u00edveis no munic\u00edpio. \u201c\u00c9 muito importante conscientizar a popula\u00e7\u00e3o acerca da sa\u00fade da mulher. A\u00e7\u00f5es informativas contribuem de maneira substancial nos bairros e para isso, campanhas como essa s\u00e3o fundamentais\u201d, destaca o secret\u00e1rio da Sa\u00fade, Dr. Cl\u00e1udio Pompeo.<\/span><\/span><\/p>\n<p class=\"western\" align=\"left\"><strong><span style=\"font-family: Arial, sans-serif;\">Confira as a\u00e7\u00f5es nas unidades:<\/span><\/strong><\/p>\n<p class=\"western\" align=\"left\"><span style=\"font-family: Arial, sans-serif;\"><strong>UBS Aparecidinha<\/strong><br \/>A\u00e7\u00e3o: Coleta do exame de Papanicolau<br \/>Data: 15, 16 e 29\/10<br \/>Hor\u00e1rio: 16h \u00e0s 22h<br \/><\/span><\/p>\n<p class=\"western\" align=\"left\"><span style=\"font-family: Arial, sans-serif;\">Data: 19\/10<br \/>Hor\u00e1rio: 7h \u00e0s 17h<\/span><\/p>\n<p><strong>UBS Bar\u00e3o<\/strong><br \/>A\u00e7\u00e3o: Coleta do exame de Papanicolau<br \/>Data: 30\/10<br \/>Hor\u00e1rio: 17h \u00e0s 20h<\/p>\n<p>Data: 16\/10<br \/>Hor\u00e1rio: 14h \u00e0s 16h<\/p>\n<p><strong>UBS Barcelona<\/strong><br \/>A\u00e7\u00e3o: Coleta do exame de Papanicolau e solicita\u00e7\u00e3o de mamografia<br \/>Data: 11\/10<br \/>Hor\u00e1rio: 11h \u00e0s 15h<\/p>\n<p>Data: 19\/10 e 26\/10<br \/>Hor\u00e1rio: 8h \u00e0s 17h<\/p>\n<p><strong>UBS Brigadeiro Tobias<\/strong><br \/>A\u00e7\u00e3o: Coleta do exame de Papanicolau, vacina\u00e7\u00e3o e caf\u00e9 da manh\u00e3<br \/>Data: 19\/10<br \/>Hor\u00e1rio: 7h \u00e0s 13h<\/p>\n<p><strong>UBS Cajuru<\/strong><br \/>A\u00e7\u00e3o: Palestra sobre preven\u00e7\u00e3o e tratamento do c\u00e2ncer de mama<br \/>Data: 11\/10<br \/>Hor\u00e1rio: a partir das 10h<\/p>\n<p>A\u00e7\u00e3o: Coleta do exame de Papanicolau<br \/>Data: 31\/10<br \/>Hor\u00e1rio: a partir das 11h<\/p>\n<p><strong>UBS Carand\u00e1<\/strong><br \/>A\u00e7\u00e3o: Coleta do exame de Papanicolau, solicita\u00e7\u00e3o de mamografia e orienta\u00e7\u00f5es sobre preven\u00e7\u00e3o, tratamento do c\u00e2ncer e exame f\u00edsico das mamas<br \/>Data: 16 e 23\/10<br \/>Hor\u00e1rio: 14h \u00e0s 18h<\/p>\n<p>A\u00e7\u00e3o: Coleta do exame de Papanicolau<br \/>Data: 19\/10<br \/>Hor\u00e1rio: 7h \u00e0s 13h<\/p>\n<p><strong>UBS Cerrado<\/strong><br \/>A\u00e7\u00e3o: Coleta do exame de Papanicolau<br \/>Data: todas as quintas-feiras<br \/>Hor\u00e1rio: 14h \u00e0s 17h<\/p>\n<p>A\u00e7\u00e3o: Aferi\u00e7\u00e3o de press\u00e3o arterial e orienta\u00e7\u00f5es de primeiros socorros<br \/>Data: 15\/10<br \/>Hor\u00e1rio: 9h \u00e0s 11h<\/p>\n<p>A\u00e7\u00e3o: Coleta do exame de Papanicolau, atualiza\u00e7\u00e3o de cadastral e solicita\u00e7\u00e3o de mamografia<br \/>Data: 19\/10<br \/>Hor\u00e1rio: 8h \u00e0s 17<\/p>\n<p>A\u00e7\u00e3o: Coleta do exame de Papanicolau e solicita\u00e7\u00e3o de mamografia<br \/>Dia: 19\/10<br \/>Hor\u00e1rio: 8h \u00e0s 14h<\/p>\n<p><strong>UBS Escola<\/strong><br \/>A\u00e7\u00e3o: Coleta do exame de Papanicolau e solicita\u00e7\u00e3o de mamografia<br \/>Data: 26\/10<br \/>Hor\u00e1rio: 8h \u00e0s16h<\/p>\n<p><strong>UBS Fiori<\/strong><br \/>A\u00e7\u00e3o: Coleta do exame de Papanicolau e solicita\u00e7\u00e3o de mamografia<br \/>Data: 16 a 23\/10<br \/>Hor\u00e1rio: 8h \u00e0s 12h<\/p>\n<p><strong>UBS Habiteto<\/strong><\/p>\n<p class=\"western\" align=\"left\"><span style=\"font-family: Arial, sans-serif;\">A\u00e7\u00e3o: Coleta do exame de Papanicolau, solicita\u00e7\u00e3o de mamografia e orienta\u00e7\u00f5es sobre autocuidado<br \/>Data: 18\/10<br \/>Hor\u00e1rio: 8h \u00e0s 12h<\/span><\/p>\n<p><strong>UBS Haro<\/strong><\/p>\n<p class=\"western\" align=\"left\"><span style=\"font-family: Arial, sans-serif;\">A\u00e7\u00e3o: Coleta do exame de Papanicolau<br \/>Data: 19 e 26\/10<br \/>Hor\u00e1rio: 7h \u00e0s 14h<\/span><\/p>\n<p>Data: 11, 18, 21, 28 e 25\/10<br \/>Hor\u00e1rio: 7h \u00e0s 19h<\/p>\n<p><strong>UBS Hort\u00eancia<\/strong><\/p>\n<p class=\"western\" align=\"left\"><span style=\"font-family: Arial, sans-serif;\">A\u00e7\u00e3o: Coleta do exame de Papanicolau, auriculoterapia e orienta\u00e7\u00f5es com educador f\u00edsico<br \/>Data: 17\/10<br \/>Hor\u00e1rio: 7h \u00e0s 19h<\/span><\/p>\n<p>A\u00e7\u00e3o: Coleta do exame de Papanicolau<br \/>Data: 26\/10<br \/>Hor\u00e1rio: 8h \u00e0s 17h<\/p>\n<p>UBS Laranjeiras<br \/>A\u00e7\u00e3o: Coleta do exame de Papanicolau, solicita\u00e7\u00e3o de mamografia e orienta\u00e7\u00f5es sobre preven\u00e7\u00e3o, tratamento do c\u00e2ncer e exame f\u00edsico das mamas<br \/>Data: 10, 11, 15, 17, 19, 22, 24, 25, 29 e 31\/10<br \/>Hor\u00e1rio: 7h \u00e0s 19h<\/p>\n<p><strong>UBS M\u00e1rcia Mendes<\/strong><\/p>\n<p class=\"western\" align=\"left\"><span style=\"font-family: Arial, sans-serif;\">A\u00e7\u00e3o: Coleta do exame de Papanicolau, solicita\u00e7\u00e3o de mamografia e orienta\u00e7\u00f5es sobre preven\u00e7\u00e3o, tratamento do c\u00e2ncer e exame f\u00edsico das mamas<br \/>Data: 5, 19 e 26\/10<br \/>Hor\u00e1rio: 7h \u00e0s 16h<\/span><\/p>\n<p><strong>UBS Maria do Carmo<\/strong><br \/>A\u00e7\u00e3o: Coleta do exame de Papanicolau, solicita\u00e7\u00e3o de mamografia e orienta\u00e7\u00f5es sobre preven\u00e7\u00e3o, tratamento do c\u00e2ncer e exame f\u00edsico das mamas<br \/>Data: 16\/10<br \/>Hor\u00e1rio: a partir das 11h<\/p>\n<p>A\u00e7\u00e3o: Coleta do exame de Papanicolau<br \/>Data: 19\/10 e 26\/10<br \/>Hor\u00e1rio: 8h \u00e0s 17h<\/p>\n<p><strong>UBS Maria Eug\u00eania<\/strong><br \/>A\u00e7\u00e3o: Orienta\u00e7\u00f5es sobre preven\u00e7\u00e3o, tratamento do c\u00e2ncer e exame f\u00edsico das mamas<br \/>Data: 24\/10<br \/>Hor\u00e1rio: a partir das 14h<\/p>\n<p>A\u00e7\u00e3o: Medita\u00e7\u00e3o e auriculoterapia<br \/>Data: 25\/10<br \/>Hor\u00e1rio: 10h \u00e0s 12h<\/p>\n<p><strong>UBS Mineir\u00e3o<\/strong><br \/>A\u00e7\u00e3o: Orienta\u00e7\u00f5es sobre preven\u00e7\u00e3o, tratamento do c\u00e2ncer e autoexame das mamas<br \/>Data: 7 a 25\/10<br \/>Hor\u00e1rio: 8h \u00e0s 18h<\/p>\n<p>A\u00e7\u00e3o: Coleta do exame de Papanicolau e solicita\u00e7\u00e3o de mamografia<br \/>Data: 10\/10<br \/>Hor\u00e1rio: 8h \u00e0s 18h<\/p>\n<p><strong>UBS Nova Esperan\u00e7a<\/strong><br \/>A\u00e7\u00e3o: Coleta do exame de Papanicolau e solicita\u00e7\u00e3o de mamografia<br \/>Data: 25\/10<br \/>Hor\u00e1rio: 16 \u00e1s 20h<\/p>\n<p>Data: 10 e 17\/10<br \/>Hor\u00e1rio: 8 \u00e1s 12h<\/p>\n<p><strong>UBS Nova Sorocaba<\/strong><br \/>A\u00e7\u00e3o: Coleta do exame de Papanicolau, solicita\u00e7\u00e3o de mamografia e orienta\u00e7\u00f5es sobre preven\u00e7\u00e3o, tratamento do c\u00e2ncer e exame f\u00edsico das mamas<br \/>Data: m\u00eas todo<br \/>Hor\u00e1rio: 7h \u00e0s 19h<\/p>\n<p><strong>UBS Rodrigo<\/strong><br \/>A\u00e7\u00e3o: Orienta\u00e7\u00f5es sobre preven\u00e7\u00e3o, tratamento do c\u00e2ncer e exame f\u00edsico das mamas<br \/>Data: 22\/10<br \/>Hor\u00e1rio: a partir das 10h<\/p>\n<p>A\u00e7\u00e3o: Coleta do exame de Papanicolau<br \/>Data: 19\/10<br \/>Hor\u00e1rio: 8h \u00e0s 17h<\/p>\n<p>A\u00e7\u00e3o: Auriculoterapia, escalda p\u00e9s e oficina de autocuidado<br \/>Data: 16\/10<br \/>Hor\u00e1rio: 10h \u00e0s 16h<\/p>\n<p>A\u00e7\u00e3o: Escalda p\u00e9s para grupo de gestantes<br \/>Data: 21\/10<br \/>Hor\u00e1rio: 10h<\/p>\n<p><strong>UBS Santana<\/strong><br \/>A\u00e7\u00e3o: Coleta do exame de Papanicolau<br \/>Data: 10, 15, 17, 18, 22, 24 e 31\/10<br \/>Hor\u00e1rio: 14h \u00e0s 17h<\/p>\n<p><strong>UBS S\u00e3o Bento<\/strong><br \/>A\u00e7\u00e3o: Coleta do exame de Papanicolau e orienta\u00e7\u00f5es sobre preven\u00e7\u00e3o, tratamento do c\u00e2ncer e exame f\u00edsico das mamas<br \/>Data: 23\/10<br \/>Hor\u00e1rio: 8h \u00e0s12h<\/p>\n<p>Data: 15 e 29\/10<br \/>Hor\u00e1rio: 13h \u00e0s 16h30<\/p>\n<p><strong>UBS S\u00e3o Guilherme<\/strong><br \/>A\u00e7\u00e3o: Orienta\u00e7\u00f5es sobre preven\u00e7\u00e3o, tratamento do c\u00e2ncer e exame f\u00edsico das mamas<br \/>Data: 23\/10<br \/>Hor\u00e1rio: a partir das 9h<\/p>\n<p>A\u00e7\u00e3o: Coleta do exame de Papanicolau e solicita\u00e7\u00e3o de mamografia<br \/>Data: 19 e 26\/10<br \/>Hor\u00e1rio: 8h \u00e0s 17h<\/p>\n<p><strong>UBS Vila Sabi\u00e1<\/strong><br \/>A\u00e7\u00e3o: Coleta do exame de Papanicolau<br \/>Data: 16 e 23\/10<br \/>Hor\u00e1rio: 17h \u00e0s 20h<\/p>\n<p><strong>UBS Simus<\/strong><br \/>A\u00e7\u00e3o: Palestra e orienta\u00e7\u00f5es sobre viol\u00eancia contra mulher, direito e locais de apoio<br \/>Data: \u00e0s quartas e sextas-feiras<br \/>Hor\u00e1rio: 10h e \u00e0s 16h<\/p>\n<p>A\u00e7\u00e3o: Coleta do exame de Papanicolau, solicita\u00e7\u00e3o de mamografia e exame cl\u00ednico das mamas<br \/>Data: 5 e 19\/10<br \/>Hor\u00e1rio: 7h \u00e0s 12h<\/p>\n<p><strong>UBS Sorocaba 1<\/strong><br \/>A\u00e7\u00e3o: Coleta do exame de Papanicolau e solicita\u00e7\u00e3o mamografia<br \/>Data: 19\/10<br \/>Hor\u00e1rio: 7h \u00e0s 13h<\/p>\n<p><strong>UBS Ulisses Guimar\u00e3es<\/strong><br \/>A\u00e7\u00e3o: Quiz sobre c\u00e2ncer de mama<br \/>Data: 18\/10<br \/>Hor\u00e1rio: 8h \u00e1s 12h<\/p>\n<p>A\u00e7\u00e3o: Coleta de citopatol\u00f3gico (requer agendamento pr\u00e9vio)<br \/>Data: m\u00eas todo<br \/>Hor\u00e1rio: 7h \u00e0s 15h<\/p>\n<p><strong>UBS Vit\u00f3ria R\u00e9gia<\/strong><br \/>A\u00e7\u00e3o: Teste r\u00e1pido para ISTs, orienta\u00e7\u00f5es sobre preven\u00e7\u00e3o, tratamento do c\u00e2ncer e exame f\u00edsico das mamas<br \/>Data: 19\/10<br \/>Hor\u00e1rio: 8h \u00e0s 16h<\/p>\n<p><strong>UBS Wanel Ville<\/strong><br \/>A\u00e7\u00e3o: Coleta do exame de Papanicolau<br \/>Data: m\u00eas todo<br \/>Hor\u00e1rio: 17h \u00e0s 20h<\/p>\n<\/p><\/div>\n","protected":false},"excerpt":{"rendered":"<p>A Prefeitura de Sorocaba, por meio da Secretaria da Sa\u00fade (SES), realiza, ao longo do&#8230;<\/p>\n","protected":false},"author":2,"featured_media":0,"comment_status":"","ping_status":"","sticky":false,"template":"","format":"standard","meta":{"footnotes":""},"categories":[2],"tags":[],"class_list":["post-14398","post","type-post","status-publish","format-standard","hentry","category-jogos-ao-vivo"],"amp_enabled":true,"_links":{"self":[{"href":"https:\/\/ipatingafc.com.br\/index.php\/wp-json\/wp\/v2\/posts\/14398","targetHints":{"allow":["GET"]}}],"collection":[{"href":"https:\/\/ipatingafc.com.br\/index.php\/wp-json\/wp\/v2\/posts"}],"about":[{"href":"https:\/\/ipatingafc.com.br\/index.php\/wp-json\/wp\/v2\/types\/post"}],"author":[{"embeddable":true,"href":"https:\/\/ipatingafc.com.br\/index.php\/wp-json\/wp\/v2\/users\/2"}],"replies":[{"embeddable":true,"href":"https:\/\/ipatingafc.com.br\/index.php\/wp-json\/wp\/v2\/comments?post=14398"}],"version-history":[{"count":0,"href":"https:\/\/ipatingafc.com.br\/index.php\/wp-json\/wp\/v2\/posts\/14398\/revisions"}],"wp:attachment":[{"href":"https:\/\/ipatingafc.com.br\/index.php\/wp-json\/wp\/v2\/media?parent=14398"}],"wp:term":[{"taxonomy":"category","embeddable":true,"href":"https:\/\/ipatingafc.com.br\/index.php\/wp-json\/wp\/v2\/categories?post=14398"},{"taxonomy":"post_tag","embeddable":true,"href":"https:\/\/ipatingafc.com.br\/index.php\/wp-json\/wp\/v2\/tags?post=14398"}],"curies":[{"name":"wp","href":"https:\/\/api.w.org\/{rel}","templated":true}]}}