{"id":14399,"date":"2024-10-08T20:29:42","date_gmt":"2024-10-08T23:29:42","guid":{"rendered":"https:\/\/ipatingafc.com.br\/index.php\/2024\/10\/08\/festival-servidor-mais-de-2-400-vagas-em-acoes-de-capacitacao-online-prefeitura-da-cidade-do-rio-de-janeiro\/"},"modified":"2024-10-08T20:29:42","modified_gmt":"2024-10-08T23:29:42","slug":"festival-servidor-mais-de-2-400-vagas-em-acoes-de-capacitacao-online-prefeitura-da-cidade-do-rio-de-janeiro","status":"publish","type":"post","link":"https:\/\/ipatingafc.com.br\/index.php\/2024\/10\/08\/festival-servidor-mais-de-2-400-vagas-em-acoes-de-capacitacao-online-prefeitura-da-cidade-do-rio-de-janeiro\/","title":{"rendered":"Festival Servidor: mais de 2.400 vagas em a\u00e7\u00f5es de capacita\u00e7\u00e3o online &#8211; Prefeitura da Cidade do Rio de Janeiro"},"content":{"rendered":"<p><\/p>\n<div>\n<p>Ap\u00f3s o sucesso da primeira edi\u00e7\u00e3o em 2023, que reuniu 2 mil servidores de todo o Brasil, o Festival Servidor retorna com uma oferta ainda mais robusta de capacita\u00e7\u00f5es.<\/p>\n<p>Um evento criado para ampliar o acesso a treinamentos especializados, atendendo ao crescente interesse dos servidores p\u00fablicos municipais e estaduais por qualifica\u00e7\u00e3o e aprimoramento. Este ano, ser\u00e3o oferecidas mais de 2.400 vagas em a\u00e7\u00f5es de capacita\u00e7\u00e3o online, englobando cursos e palestras sobre temas essenciais para a gest\u00e3o p\u00fablica.<\/p>\n<p>Organizado em quatro grandes palcos, o Festival abordar\u00e1 os principais pilares de desenvolvimento na administra\u00e7\u00e3o p\u00fablica:<\/p>\n<p><b>Gest\u00e3o B\u00e1sica<br \/><\/b><\/p>\n<p>&gt; Educa\u00e7\u00e3o Financeira: A Base para uma Lideran\u00e7a S\u00f3lida;<\/p>\n<p>&gt; Diversidade, Equidade, Inclus\u00e3o e Cultura Organizacional;<\/p>\n<p>&gt; O Desafio de formar sucessores no Servi\u00e7o P\u00fablico;<\/p>\n<p>&gt; Agilidade Emocional para Gestores;<\/p>\n<p>&gt;Aposentadoria em Perspectiva: Sonhos, Realiza\u00e7\u00f5es e Legado.<\/p>\n<p><b>Aprimoramento em Gest\u00e3o<\/b><\/p>\n<p>&gt; Intelig\u00eancia Emocional;<\/p>\n<p>&gt; Gest\u00e3o de Processos;<\/p>\n<p>&gt; Intraempreendedorismo na Gest\u00e3o P\u00fablica.<\/p>\n<p><b>\u00a0Gest\u00e3o e Transversalidade<\/b><\/p>\n<p>&gt; Google Workspace para Servidores: Produtividade e Integra\u00e7\u00e3o;<\/p>\n<p>&gt; As Redes Sociais na Carreira do Gestor P\u00fablico;<\/p>\n<p>&gt; Lideran\u00e7a Emp\u00e1tica &amp; Desempenho;<\/p>\n<p>&gt; Inova\u00e7\u00e3o Aberta Governamental.<\/p>\n<p><b>Lideran\u00e7a Carioca<\/b><\/p>\n<p>&gt; O jogo infinito da Governan\u00e7a P\u00fablico;<\/p>\n<p>&gt; Letramento Racial para Gestores;<\/p>\n<p>&gt; Formula\u00e7\u00e3o e Gest\u00e3o de Pol\u00edticas P\u00fablicas.<\/p>\n<p>As oportunidades s\u00e3o voltadas para: Servidores do Programa L\u00edderes Cariocas, Servidores e Gestores P\u00fablicos da Prefeitura do Rio de Janeiro, Estudantes Universit\u00e1rios e Servidores de todo o Brasil. As inscri\u00e7\u00f5es para as capacita\u00e7\u00f5es est\u00e3o abertas e as aulas acontecem durante todo o m\u00eas de outubro.<\/p>\n<p>O Festival Servidor reafirma o compromisso do Instituto Funda\u00e7\u00e3o Jo\u00e3o Goulart em contribuir para a excel\u00eancia na gest\u00e3o p\u00fablica, promovendo o aprimoramento das habilidades comportamentais e t\u00e9cnicas dos participantes. Prepare-se para uma jornada de aprendizado e crescimento profissional que promete transformar a administra\u00e7\u00e3o p\u00fablica municipal.<\/p>\n<\/div>\n","protected":false},"excerpt":{"rendered":"<p>Ap\u00f3s o sucesso da primeira edi\u00e7\u00e3o em 2023, que reuniu 2 mil servidores de todo&#8230;<\/p>\n","protected":false},"author":2,"featured_media":0,"comment_status":"","ping_status":"","sticky":false,"template":"","format":"standard","meta":{"footnotes":""},"categories":[2],"tags":[],"class_list":["post-14399","post","type-post","status-publish","format-standard","hentry","category-jogos-ao-vivo"],"amp_enabled":true,"_links":{"self":[{"href":"https:\/\/ipatingafc.com.br\/index.php\/wp-json\/wp\/v2\/posts\/14399","targetHints":{"allow":["GET"]}}],"collection":[{"href":"https:\/\/ipatingafc.com.br\/index.php\/wp-json\/wp\/v2\/posts"}],"about":[{"href":"https:\/\/ipatingafc.com.br\/index.php\/wp-json\/wp\/v2\/types\/post"}],"author":[{"embeddable":true,"href":"https:\/\/ipatingafc.com.br\/index.php\/wp-json\/wp\/v2\/users\/2"}],"replies":[{"embeddable":true,"href":"https:\/\/ipatingafc.com.br\/index.php\/wp-json\/wp\/v2\/comments?post=14399"}],"version-history":[{"count":0,"href":"https:\/\/ipatingafc.com.br\/index.php\/wp-json\/wp\/v2\/posts\/14399\/revisions"}],"wp:attachment":[{"href":"https:\/\/ipatingafc.com.br\/index.php\/wp-json\/wp\/v2\/media?parent=14399"}],"wp:term":[{"taxonomy":"category","embeddable":true,"href":"https:\/\/ipatingafc.com.br\/index.php\/wp-json\/wp\/v2\/categories?post=14399"},{"taxonomy":"post_tag","embeddable":true,"href":"https:\/\/ipatingafc.com.br\/index.php\/wp-json\/wp\/v2\/tags?post=14399"}],"curies":[{"name":"wp","href":"https:\/\/api.w.org\/{rel}","templated":true}]}}