{"id":14403,"date":"2024-10-08T22:04:46","date_gmt":"2024-10-09T01:04:46","guid":{"rendered":"https:\/\/ipatingafc.com.br\/index.php\/2024\/10\/08\/coordenadoria-de-politicas-para-a-diversidade-sexual-divulga-datas-das-reunioes-do-gads-e-do-gph-deste-mes-de-outubro-agencia-de-noticias\/"},"modified":"2024-10-08T22:04:46","modified_gmt":"2024-10-09T01:04:46","slug":"coordenadoria-de-politicas-para-a-diversidade-sexual-divulga-datas-das-reunioes-do-gads-e-do-gph-deste-mes-de-outubro-agencia-de-noticias","status":"publish","type":"post","link":"https:\/\/ipatingafc.com.br\/index.php\/2024\/10\/08\/coordenadoria-de-politicas-para-a-diversidade-sexual-divulga-datas-das-reunioes-do-gads-e-do-gph-deste-mes-de-outubro-agencia-de-noticias\/","title":{"rendered":"Coordenadoria de Pol\u00edticas para a Diversidade Sexual divulga datas das reuni\u00f5es do GADS e do GPH deste m\u00eas de outubro \u2013 Ag\u00eancia de Not\u00edcias"},"content":{"rendered":"<p><\/p>\n<div>\n<div class=\"col\">\n<p class=\"mt-0\">\n                        <strong><br \/>\n                            <span class=\"far fa-calendar mr-1 mt-2\"\/><br \/>\n                            7 de outubro de 2024<br \/>\n                            <span class=\"far fa-clock ml-3 mt-2\"\/><br \/>\n                            16:50<br \/>\n                        <\/strong>\n                    <\/p>\n<p class=\"mb-0\">Por: <strong>Secom<\/strong><\/p>\n<\/p><\/div>\n<\/p><\/div>\n<div>\n<p>A Coordenadoria de Pol\u00edticas para a Diversidade Sexual, ligada \u00e0 Secretaria da Cidadania (Secid) da Prefeitura de Sorocaba, divulga as datas das reuni\u00f5es programadas para este m\u00eas de outubro, com o GPH (Grupo de Apoio a Pais de LGBTs de Sorocaba) e com o GADS (Grupo de Apoio \u00e0 Diversidade Sexual).<\/p>\n<p>O intuito dos encontros \u00e9 promover a troca de experi\u00eancias e o fornecimento de informa\u00e7\u00f5es para a popula\u00e7\u00e3o interessada.<\/p>\n<p>O GPH, voltado aos pais e respons\u00e1veis dos adolescentes, tem reuni\u00e3o agendada para o dia 15 de outubro, uma ter\u00e7a-feira, \u00e0s 19h30, no audit\u00f3rio da Secid. J\u00e1 o GADS, dirigido aos jovens, ter\u00e1 encontro no dia 19 de outubro, um s\u00e1bado, \u00e0s 16h, em formato on-line, atendendo a pedidos dos participantes, com o objetivo de facilitar o acesso a todos, pelo link: https:\/\/abre.ai\/encontrosgads2024.<\/p>\n<p>A Secretaria da Cidadania est\u00e1 localizada na Rua Santa Cruz, 116, no Centro. Mais informa\u00e7\u00f5es podem ser obtidas pelo telefone: (15) 3212-6900.<\/p>\n<\/p><\/div>\n","protected":false},"excerpt":{"rendered":"<p>7 de outubro de 2024 16:50 Por: Secom A Coordenadoria de Pol\u00edticas para a Diversidade&#8230;<\/p>\n","protected":false},"author":2,"featured_media":0,"comment_status":"","ping_status":"","sticky":false,"template":"","format":"standard","meta":{"footnotes":""},"categories":[2],"tags":[],"class_list":["post-14403","post","type-post","status-publish","format-standard","hentry","category-jogos-ao-vivo"],"amp_enabled":true,"_links":{"self":[{"href":"https:\/\/ipatingafc.com.br\/index.php\/wp-json\/wp\/v2\/posts\/14403","targetHints":{"allow":["GET"]}}],"collection":[{"href":"https:\/\/ipatingafc.com.br\/index.php\/wp-json\/wp\/v2\/posts"}],"about":[{"href":"https:\/\/ipatingafc.com.br\/index.php\/wp-json\/wp\/v2\/types\/post"}],"author":[{"embeddable":true,"href":"https:\/\/ipatingafc.com.br\/index.php\/wp-json\/wp\/v2\/users\/2"}],"replies":[{"embeddable":true,"href":"https:\/\/ipatingafc.com.br\/index.php\/wp-json\/wp\/v2\/comments?post=14403"}],"version-history":[{"count":0,"href":"https:\/\/ipatingafc.com.br\/index.php\/wp-json\/wp\/v2\/posts\/14403\/revisions"}],"wp:attachment":[{"href":"https:\/\/ipatingafc.com.br\/index.php\/wp-json\/wp\/v2\/media?parent=14403"}],"wp:term":[{"taxonomy":"category","embeddable":true,"href":"https:\/\/ipatingafc.com.br\/index.php\/wp-json\/wp\/v2\/categories?post=14403"},{"taxonomy":"post_tag","embeddable":true,"href":"https:\/\/ipatingafc.com.br\/index.php\/wp-json\/wp\/v2\/tags?post=14403"}],"curies":[{"name":"wp","href":"https:\/\/api.w.org\/{rel}","templated":true}]}}