{"id":14666,"date":"2024-10-17T11:28:21","date_gmt":"2024-10-17T14:28:21","guid":{"rendered":"https:\/\/ipatingafc.com.br\/index.php\/2024\/10\/17\/seop-e-gm-rio-realizam-primeira-acao-de-ordenamento-e-fiscalizacao-no-show-do-cantor-bruno-mars-prefeitura-da-cidade-do-rio-de-janeiro\/"},"modified":"2024-10-17T11:28:21","modified_gmt":"2024-10-17T14:28:21","slug":"seop-e-gm-rio-realizam-primeira-acao-de-ordenamento-e-fiscalizacao-no-show-do-cantor-bruno-mars-prefeitura-da-cidade-do-rio-de-janeiro","status":"publish","type":"post","link":"https:\/\/ipatingafc.com.br\/index.php\/2024\/10\/17\/seop-e-gm-rio-realizam-primeira-acao-de-ordenamento-e-fiscalizacao-no-show-do-cantor-bruno-mars-prefeitura-da-cidade-do-rio-de-janeiro\/","title":{"rendered":"Seop e GM-Rio realizam primeira a\u00e7\u00e3o de ordenamento e fiscaliza\u00e7\u00e3o no show do cantor Bruno Mars &#8211; Prefeitura da Cidade do Rio de Janeiro"},"content":{"rendered":"<p><\/p>\n<div wp_automatic_readability=\"9.6594031264803\">\n<div class=\"image-post\" wp_automatic_readability=\"7\">\n                     A Seop e a GM-Rio atuam no ordenamento e fiscaliza\u00e7\u00e3o no show do cantor Bruno Mars &#8211; Divulga\u00e7\u00e3o                  <\/div>\n<p>A Secretaria Municipal de Ordem P\u00fablica (Seop) e a Guarda Municipal realizaram, na quarta-feira (16\/10), o primeiro dia de ordenamento e fiscaliza\u00e7\u00e3o de tr\u00e2nsito no show do cantor Bruno Mars, no Est\u00e1dio Nilton Santos. Essa a\u00e7\u00f5es acarretaram em 134 apreens\u00f5es de itens de ambulantes irregulares, como bebidas, garrafas de vidro, eletr\u00f4nicos, vestu\u00e1rio, entre outros. Os agentes tamb\u00e9m aplicaram 114 multas de tr\u00e2nsito, e oito ve\u00edculos foram rebocados por estacionamento irregular.<\/p>\n<blockquote class=\"wp-embedded-content\" data-secret=\"CWHVMPZav4\" wp_automatic_readability=\"0\">\n<p>Prefeitura monta plano operacional para shows do cantor Bruno Mars no Engenh\u00e3o<\/p>\n<\/blockquote>\n<p><iframe loading=\"lazy\" class=\"wp-embedded-content\" sandbox=\"allow-scripts\" security=\"restricted\" style=\"position: absolute; clip: rect(1px, 1px, 1px, 1px);\" title=\"\u201cPrefeitura monta plano operacional para shows do cantor Bruno Mars no Engenh\u00e3o\u201d \u2014 Prefeitura da Cidade do Rio de Janeiro - prefeitura.rio\" src=\"https:\/\/prefeitura.rio\/cidade\/prefeitura-monta-plano-operacional-para-shows-do-cantor-bruno-mars-no-engenhao\/embed\/#?secret=Cte7BuvJjU#?secret=CWHVMPZav4\" data-secret=\"CWHVMPZav4\" width=\"600\" height=\"338\" frameborder=\"0\" marginwidth=\"0\" marginheight=\"0\" scrolling=\"no\"><\/iframe><\/p>\n<p>\u00a0<\/p>\n<p>             <!-- Compartilhe ---><\/p>\n<div class=\"share-area\">\n<h4>Compartilhe<\/h4>\n<div class=\"social-icon\">\n<p>            <svg focusable=\"false\" xmlns=\"http:\/\/www.w3.org\/2000\/svg\" viewbox=\"0 0 32 32\">\n                <path fill-rule=\"evenodd\" clip-rule=\"evenodd\" fill=\"#FFF\" d=\"M16.21 4.41C9.973 4.41 4.917 9.465 4.917 15.7c0 2.134.592 4.13 1.62 5.832L4.5 27.59l6.25-2.002a11.241 11.241 0 0 0 5.46 1.404c6.234 0 11.29-5.055 11.29-11.29 0-6.237-5.056-11.292-11.29-11.292zm0 20.69c-1.91 0-3.69-.57-5.173-1.553l-3.61 1.156 1.173-3.49a9.345 9.345 0 0 1-1.79-5.512c0-5.18 4.217-9.4 9.4-9.4 5.183 0 9.397 4.22 9.397 9.4 0 5.188-4.214 9.4-9.398 9.4zm5.293-6.832c-.284-.155-1.673-.906-1.934-1.012-.265-.106-.455-.16-.658.12s-.78.91-.954 1.096c-.176.186-.345.203-.628.048-.282-.154-1.2-.494-2.264-1.517-.83-.795-1.373-1.76-1.53-2.055-.158-.295 0-.445.15-.584.134-.124.3-.326.45-.488.15-.163.203-.28.306-.47.104-.19.06-.36-.005-.506-.066-.147-.59-1.587-.81-2.173-.218-.586-.46-.498-.63-.505-.168-.007-.358-.038-.55-.045-.19-.007-.51.054-.78.332-.277.274-1.05.943-1.1 2.362-.055 1.418.926 2.826 1.064 3.023.137.2 1.874 3.272 4.76 4.537 2.888 1.264 2.9.878 3.43.85.53-.027 1.734-.633 2-1.297.266-.664.287-1.24.22-1.363-.07-.123-.26-.203-.54-.357z\"\/>\n            <\/svg><\/p>\n<p>            <svg focusable=\"false\" xmlns=\"http:\/\/www.w3.org\/2000\/svg\" viewbox=\"0 0 32 32\">\n                <path fill=\"#FFF\" d=\"M17.78 27.5V17.008h3.522l.527-4.09h-4.05v-2.61c0-1.182.33-1.99 2.023-1.99h2.166V4.66c-.375-.05-1.66-.16-3.155-.16-3.123 0-5.26 1.905-5.26 5.405v3.016h-3.53v4.09h3.53V27.5h4.223z\"\/>\n            <\/svg><\/p>\n<p>        <a class=\"icon icon-twitter icon-replacement\" href=\"https:\/\/twitter.com\/intent\/tweet?text=Seop+e+GM-Rio+realizam+primeira+a%C3%A7%C3%A3o+de+ordenamento+e+fiscaliza%C3%A7%C3%A3o+no+show+do+cantor+Bruno+Mars+https:\/\/prefeitura.rio\/ordem-publica\/seop-e-gm-rio-realizam-primeira-acao-de-ordenamento-e-fiscalizacao-no-show-do-cantor-bruno-mars\/\" target=\"_blank\" rel=\"noopener\"><br \/>\n            <svg focusable=\"false\" xmlns=\"http:\/\/www.w3.org\/2000\/svg\" viewbox=\"0 0 32 32\">\n                <path fill=\"#FFF\" d=\"M28 8.557a9.913 9.913 0 0 1-2.828.775 4.93 4.93 0 0 0 2.166-2.725 9.738 9.738 0 0 1-3.13 1.194 4.92 4.92 0 0 0-3.593-1.55 4.924 4.924 0 0 0-4.794 6.049c-4.09-.21-7.72-2.17-10.15-5.15a4.942 4.942 0 0 0-.665 2.477c0 1.71.87 3.214 2.19 4.1a4.968 4.968 0 0 1-2.23-.616v.06c0 2.39 1.7 4.38 3.952 4.83-.414.115-.85.174-1.297.174-.318 0-.626-.03-.928-.086a4.935 4.935 0 0 0 4.6 3.42 9.893 9.893 0 0 1-6.114 2.107c-.398 0-.79-.023-1.175-.068a13.953 13.953 0 0 0 7.55 2.213c9.056 0 14.01-7.507 14.01-14.013 0-.213-.005-.426-.015-.637.96-.695 1.795-1.56 2.455-2.55z\"\/>\n            <\/svg><br \/>\n        <\/a>\n    <\/div>\n<\/div>\n<p>\t\t\t <!-- TAGS --><\/p>\n<section class=\"category-tags\">\n<div class=\"marcacao-category\">\n<article class=\"category-post\">\n<p>Categoria: <\/p>\n<ul class=\"post-categories\">\n<li>Guarda Municipal<\/li>\n<li>Not\u00edcias<\/li>\n<li>Ordem P\u00fablica<\/li>\n<\/ul>\n<\/article>\n<li>17 de outubro de 2024<\/li><\/div>\n<article class=\"tags\">\n\t\t\t\t\tMarca\u00e7\u00f5es: Apreens\u00f5es Bruno Mars Fiscaliza\u00e7\u00e3o Guarda Municipal multas Ordem P\u00fablica Ordenamento show<br \/><\/article>\n<\/section>\n<p>            <!-- Mais Not&iacute;cias --><\/p>\n<div class=\"news-more\">\n<div class=\"title-news\">\n<h3 class=\"title-underlined\"\/>\n<h3>Not\u00edcias<\/h3>\n<\/p><\/div>\n<div class=\"related-posts col-md-6\">\n<h4>Caetano e Beth\u00e2nia, Anitta e Ivete Sangalo ser\u00e3o atra\u00e7\u00f5es do R\u00e9veillon no Rio<\/h4>\n<p>\t\t\t\t\t  17 de outubro de 2024                <\/p><\/div>\n<div class=\"related-posts col-md-6\">\n<h4>Vacina\u00e7\u00e3o antirr\u00e1bica desembarca na Ilha da Gig\u00f3ia no pr\u00f3ximo s\u00e1bado<\/h4>\n<p>\t\t\t\t\t  16 de outubro de 2024                <\/p><\/div>\n<div class=\"related-posts col-md-6\">\n<h4>Vila Ol\u00edmpica de Santa Cruz abre 600 vagas para pr\u00e1tica esportiva<\/h4>\n<p>\t\t\t\t\t  16 de outubro de 2024                <\/p><\/div>\n<div class=\"related-posts col-md-6\">\n<h4>T\u00fanel Santa B\u00e1rbara e Elevado Presidente Itamar Franco ser\u00e3o fechados nesta quarta-feira<\/h4>\n<p>\t\t\t\t\t  16 de outubro de 2024                <\/p><\/div>\n<div class=\"related-posts col-md-6\">\n<h4>Teatro Municipal Caf\u00e9 Pequeno ter\u00e1 duas estreias nesta semana<\/h4>\n<p>\t\t\t\t\t  16 de outubro de 2024                <\/p><\/div>\n<\/p><\/div>\n<div class=\"button-back\">\n                 &lt; Voltar\n            <\/div>\n<p>\t\t<!-- Conte&uacute;do SIDEBAR --><\/p>\n<div class=\"col-md-4 sidebar-posts-recentes\">\n\t\t\t<!-- T&iacute;tulo Not&iacute;cias Recentes --><\/p>\n<section id=\"custom_html-2\" class=\"title-news-sidebar\">\n<div class=\"textwidget custom-html-widget\">\n<div class=\"title-news\">\n<p>\n\t\t\t\t\t\t\t<strong><br \/>\n\t\t\t\t\t\t\t\t<span>NOT\u00cdCIAS<\/span><br \/>\n\t\t\t\t\t\t\t<\/strong><br \/>\n\t\t\t\t\t\t\t<span>RECENTES<\/span>\n\t\t\t\t\t\t<\/p>\n<\/p><\/div>\n<\/p><\/div>\n<\/section>\n<p>         <!-- SIDEBAR Posts Recentes, &Oacute;rg&atilde;os Municipais, Empresas P&uacute;blicas e etc --><\/p>\n<div class=\"news-area\">\n<div class=\"wrapper-posts post-107861 post type-post status-publish format-standard has-post-thumbnail hentry category-noticias category-riotur tag-anitta tag-atracoes tag-caetano-e-bethania tag-ivete-sangalo tag-reveillon-2025 tag-riotur tag-shows\">\n<div class=\"wrapper-news\">\n<h5> Caetano e Beth\u00e2nia, Anitta e Ivete Sangalo ser\u00e3o atra\u00e7\u00f5es do R\u00e9veillon no Rio<\/h5>\n<p>\t\t\t\t\t\t\t17 de outubro de 2024\t\t\t\t\t\t<\/p><\/div>\n<\/p><\/div>\n<div class=\"wrapper-posts post-107856 post type-post status-publish format-standard has-post-thumbnail hentry category-noticias category-saude tag-ilha-da-gigoia tag-microchipagem tag-saude tag-vacinacao-antirrabica\">\n<div class=\"wrapper-news\">\n<h5> Vacina\u00e7\u00e3o antirr\u00e1bica desembarca na Ilha da Gig\u00f3ia no pr\u00f3ximo s\u00e1bado<\/h5>\n<p>\t\t\t\t\t\t\t16 de outubro de 2024\t\t\t\t\t\t<\/p><\/div>\n<\/p><\/div>\n<div class=\"wrapper-posts post-107852 post type-post status-publish format-standard has-post-thumbnail hentry category-esporte category-noticias tag-atividades-esportivas tag-esportes tag-pratica-esportiva tag-vagas tag-vila-olimpica-oscar-schmidt\">\n<div class=\"wrapper-news\">\n<h5> Vila Ol\u00edmpica de Santa Cruz abre 600 vagas para pr\u00e1tica esportiva<\/h5>\n<p>\t\t\t\t\t\t\t16 de outubro de 2024\t\t\t\t\t\t<\/p><\/div>\n<\/p><\/div>\n<div class=\"wrapper-posts post-107849 post type-post status-publish format-standard has-post-thumbnail hentry category-cet-rio category-noticias tag-cet-rio tag-elevado-presidente-itamar-franco tag-interdicoes tag-transito tag-tunel-santa-barbara\">\n<div class=\"wrapper-news\">\n<h5> T\u00fanel Santa B\u00e1rbara e Elevado Presidente Itamar Franco ser\u00e3o fechados nesta quarta-feira<\/h5>\n<p>\t\t\t\t\t\t\t16 de outubro de 2024\t\t\t\t\t\t<\/p><\/div>\n<\/p><\/div>\n<div class=\"wrapper-posts post-107847 post type-post status-publish format-standard hentry category-cultura category-noticias tag-cultura tag-espetaculos tag-teatro-municipal-cafe-pequeno\">\n<div class=\"wrapper-news\">\n<h5> Teatro Municipal Caf\u00e9 Pequeno ter\u00e1 duas estreias nesta semana<\/h5>\n<p>\t\t\t\t\t\t\t16 de outubro de 2024\t\t\t\t\t\t<\/p><\/div>\n<\/p><\/div>\n<div class=\"wrapper-posts post-107843 post type-post status-publish format-standard has-post-thumbnail hentry category-fundacao-rio-aguas category-noticias tag-area-de-lazer tag-fundacao-rio-aguas tag-grafite tag-mural tag-obra-de-drenagem tag-santissimo\">\n<div class=\"wrapper-news\">\n<h5> Ap\u00f3s obra de drenagem, Sant\u00edssimo ganha novo mural de grafite<\/h5>\n<p>\t\t\t\t\t\t\t16 de outubro de 2024\t\t\t\t\t\t<\/p><\/div>\n<\/p><\/div>\n<div class=\"wrapper-posts post-107829 post type-post status-publish format-standard has-post-thumbnail hentry category-ciencia-e-tecnologia category-noticias tag-cidade tag-naves-do-conhecimento tag-oficinas-gratuitas tag-semana-nacional-de-ciencia-e-tecnologia\">\n<div class=\"wrapper-news\">\n<h5> 21\u00aa Semana Nacional de Ci\u00eancia e Tecnologia \u00e9 celebrada com programa\u00e7\u00e3o especial nas Naves do Conhecimento<\/h5>\n<p>\t\t\t\t\t\t\t16 de outubro de 2024\t\t\t\t\t\t<\/p><\/div>\n<\/p><\/div>\n<\/p><\/div>\n<p>\t\t\t<!--\n\t\t\t\n\n<div class=\"content-list\">\n            \t\t\t<\/div>\n\n\n\t\t\t\t-->\n\t\t<\/div>\n<\/p><\/div>\n<p><script async src=\"\/\/platform.twitter.com\/widgets.js\" charset=\"utf-8\"><\/script><\/p>\n","protected":false},"excerpt":{"rendered":"<p>A Seop e a GM-Rio atuam no ordenamento e fiscaliza\u00e7\u00e3o no show do cantor Bruno&#8230;<\/p>\n","protected":false},"author":2,"featured_media":0,"comment_status":"","ping_status":"","sticky":false,"template":"","format":"standard","meta":{"footnotes":""},"categories":[2],"tags":[],"class_list":["post-14666","post","type-post","status-publish","format-standard","hentry","category-jogos-ao-vivo"],"amp_enabled":true,"_links":{"self":[{"href":"https:\/\/ipatingafc.com.br\/index.php\/wp-json\/wp\/v2\/posts\/14666","targetHints":{"allow":["GET"]}}],"collection":[{"href":"https:\/\/ipatingafc.com.br\/index.php\/wp-json\/wp\/v2\/posts"}],"about":[{"href":"https:\/\/ipatingafc.com.br\/index.php\/wp-json\/wp\/v2\/types\/post"}],"author":[{"embeddable":true,"href":"https:\/\/ipatingafc.com.br\/index.php\/wp-json\/wp\/v2\/users\/2"}],"replies":[{"embeddable":true,"href":"https:\/\/ipatingafc.com.br\/index.php\/wp-json\/wp\/v2\/comments?post=14666"}],"version-history":[{"count":0,"href":"https:\/\/ipatingafc.com.br\/index.php\/wp-json\/wp\/v2\/posts\/14666\/revisions"}],"wp:attachment":[{"href":"https:\/\/ipatingafc.com.br\/index.php\/wp-json\/wp\/v2\/media?parent=14666"}],"wp:term":[{"taxonomy":"category","embeddable":true,"href":"https:\/\/ipatingafc.com.br\/index.php\/wp-json\/wp\/v2\/categories?post=14666"},{"taxonomy":"post_tag","embeddable":true,"href":"https:\/\/ipatingafc.com.br\/index.php\/wp-json\/wp\/v2\/tags?post=14666"}],"curies":[{"name":"wp","href":"https:\/\/api.w.org\/{rel}","templated":true}]}}