{"id":14698,"date":"2024-10-17T23:42:55","date_gmt":"2024-10-18T02:42:55","guid":{"rendered":"https:\/\/ipatingafc.com.br\/index.php\/2024\/10\/17\/sessao-da-tarde-exibe-quinta-17-10-na-globo-o-bom-doutor\/"},"modified":"2024-10-17T23:42:55","modified_gmt":"2024-10-18T02:42:55","slug":"sessao-da-tarde-exibe-quinta-17-10-na-globo-o-bom-doutor","status":"publish","type":"post","link":"https:\/\/ipatingafc.com.br\/index.php\/2024\/10\/17\/sessao-da-tarde-exibe-quinta-17-10-na-globo-o-bom-doutor\/","title":{"rendered":"Sess\u00e3o da Tarde exibe Quinta (17\/10) na Globo &#8211; O Bom Doutor"},"content":{"rendered":"<p><\/p>\n<p>COnfira a programa\u00e7\u00e3o da Globo\u00a0 <strong>hoje, 17\/10\/<\/strong><strong>2024 e que horas come\u00e7am os filmes de hoje.\u00a0<\/strong><\/p>\n<div>\n<p>Quinta-feira, 17\/10\/2024<\/p>\n<p>04:00 Hora Um<\/p>\n<p>06:00 Bom Dia Pra\u00e7a<\/p>\n<p>08:30 Bom Dia Brasil<\/p>\n<p>09:30 Encontro Com Patr\u00edcia Poeta<\/p>\n<p>10:35 Mais Voc\u00ea<\/p>\n<p>11:45 Pra\u00e7a TV \u2013 1\u00aa Edi\u00e7\u00e3o<\/p>\n<p>13:15 Globo Esporte<\/p>\n<p>13:40 Jornal Hoje<\/p>\n<p>14:55 Edi\u00e7\u00e3o Especial \u2013 Cabocla<\/p>\n<p>15:35 Sess\u00e3o da Tarde \u2013 O Bom Doutor<\/p>\n<p>17:10 Vale a Pena Ver de Novo \u2013 Alma G\u00eamea<\/p>\n<p>18:30 No Rancho Fundo<\/p>\n<p>19:15 Pra\u00e7a TV \u2013 2\u00aa Edi\u00e7\u00e3o<\/p>\n<p>19:50 Volta Por Cima<\/p>\n<p>20:40 Jornal Nacional<\/p>\n<p>21:30 Mania de Voc\u00ea<\/p>\n<p>22:35 Tributo<\/p>\n<p>23:55 The Good Doctor: O Bom Doutor<\/p>\n<p>00:40 Jornal da Globo<\/p>\n<p>01:30 Conversa com Bial<\/p>\n<p>02:10 Volta Por Cima<\/p>\n<p>02:55 Com\u00e9dia Na Madruga I<\/p>\n<h2>Programa\u00e7\u00e3o Globo \u2013 Quinta-feira, 17 de outubro de 2024<\/h2>\n<p>\u00a0<\/p>\n<h3>Sess\u00e3o da Tarde<\/h3>\n<p>\u00a0<\/p>\n<p>**Filme: *O Bom Doutor***<\/p>\n<p>\u2013 **T\u00edtulo Original**: Docteur?<\/p>\n<p>\u2013 **Pa\u00eds de Origem**: Fran\u00e7a<\/p>\n<p>\u2013 **Ano de Produ\u00e7\u00e3o**: 2019<\/p>\n<p>\u2013 **Diretor**: Tristan S\u00e9gu\u00e9la<\/p>\n<p>\u2013 **Elenco**: Michel Blanc, Hakim Jemili, Franck Gastambide, Sol\u00e8ne Rigot<\/p>\n<p>\u2013 **G\u00eanero**: Com\u00e9dia, Drama<\/p>\n<p>\u00a0<\/p>\n<p>Nesta quinta-feira, a *Sess\u00e3o da Tarde* apresenta o filme franc\u00eas *O Bom Doutor*, uma com\u00e9dia dram\u00e1tica que mistura humor e situa\u00e7\u00f5es emocionantes. A trama se passa na v\u00e9spera de Natal em Paris, onde o Dr. Serge, vivido por Michel Blanc, \u00e9 o \u00fanico m\u00e9dico dispon\u00edvel para atender as emerg\u00eancias da noite. Por\u00e9m, ele enfrenta um problema: suas costas travam, impossibilitando-o de se locomover. Desesperado para continuar seu trabalho, ele encontra uma solu\u00e7\u00e3o inusitada ao recrutar um jovem entregador de comida, Malik, interpretado por Hakim Jemili, para substituir suas visitas aos pacientes.<\/p>\n<p>\u00a0<\/p>\n<p>Entre mal-entendidos e situa\u00e7\u00f5es divertidas, o filme explora o contraste entre os dois protagonistas \u2013 o r\u00edgido e sarc\u00e1stico m\u00e9dico e o carism\u00e1tico e atrapalhado entregador \u2013 enquanto ambos tentam resolver os problemas m\u00e9dicos da noite. *O Bom Doutor* traz uma reflex\u00e3o sobre solidariedade, amizade e os imprevistos que podem surgir quando menos esperamos.<\/p>\n<p>\u00a0<\/p>\n<p>Prepare-se para uma hist\u00f3ria leve, com toques de emo\u00e7\u00e3o e humor, que promete entreter a audi\u00eancia da tarde com cenas engra\u00e7adas e momentos tocantes!<\/p>\n<\/div>\n","protected":false},"excerpt":{"rendered":"<p>COnfira a programa\u00e7\u00e3o da Globo\u00a0 hoje, 17\/10\/2024 e que horas come\u00e7am os filmes de hoje.\u00a0&#8230;<\/p>\n","protected":false},"author":2,"featured_media":0,"comment_status":"","ping_status":"","sticky":false,"template":"","format":"standard","meta":{"footnotes":""},"categories":[2],"tags":[],"class_list":["post-14698","post","type-post","status-publish","format-standard","hentry","category-jogos-ao-vivo"],"amp_enabled":true,"_links":{"self":[{"href":"https:\/\/ipatingafc.com.br\/index.php\/wp-json\/wp\/v2\/posts\/14698","targetHints":{"allow":["GET"]}}],"collection":[{"href":"https:\/\/ipatingafc.com.br\/index.php\/wp-json\/wp\/v2\/posts"}],"about":[{"href":"https:\/\/ipatingafc.com.br\/index.php\/wp-json\/wp\/v2\/types\/post"}],"author":[{"embeddable":true,"href":"https:\/\/ipatingafc.com.br\/index.php\/wp-json\/wp\/v2\/users\/2"}],"replies":[{"embeddable":true,"href":"https:\/\/ipatingafc.com.br\/index.php\/wp-json\/wp\/v2\/comments?post=14698"}],"version-history":[{"count":0,"href":"https:\/\/ipatingafc.com.br\/index.php\/wp-json\/wp\/v2\/posts\/14698\/revisions"}],"wp:attachment":[{"href":"https:\/\/ipatingafc.com.br\/index.php\/wp-json\/wp\/v2\/media?parent=14698"}],"wp:term":[{"taxonomy":"category","embeddable":true,"href":"https:\/\/ipatingafc.com.br\/index.php\/wp-json\/wp\/v2\/categories?post=14698"},{"taxonomy":"post_tag","embeddable":true,"href":"https:\/\/ipatingafc.com.br\/index.php\/wp-json\/wp\/v2\/tags?post=14698"}],"curies":[{"name":"wp","href":"https:\/\/api.w.org\/{rel}","templated":true}]}}