{"id":14706,"date":"2024-10-18T07:06:16","date_gmt":"2024-10-18T10:06:16","guid":{"rendered":"https:\/\/ipatingafc.com.br\/index.php\/2024\/10\/18\/prefeitura-e-sebrae-realizam-o-curso-gratuito-fature-mais-na-black-friday-para-empreendedores-de-sorocaba-agencia-de-noticias\/"},"modified":"2024-10-18T07:06:16","modified_gmt":"2024-10-18T10:06:16","slug":"prefeitura-e-sebrae-realizam-o-curso-gratuito-fature-mais-na-black-friday-para-empreendedores-de-sorocaba-agencia-de-noticias","status":"publish","type":"post","link":"https:\/\/ipatingafc.com.br\/index.php\/2024\/10\/18\/prefeitura-e-sebrae-realizam-o-curso-gratuito-fature-mais-na-black-friday-para-empreendedores-de-sorocaba-agencia-de-noticias\/","title":{"rendered":"Prefeitura e Sebrae realizam o curso gratuito \u201cFature mais na Black Friday\u201d para empreendedores de Sorocaba \u2013 Ag\u00eancia de Not\u00edcias"},"content":{"rendered":"<p><\/p>\n<div>\n<div class=\"col\">\n<p class=\"mt-0\">\n                        <strong><br \/>\n                            <span class=\"far fa-calendar mr-1 mt-2\"\/><br \/>\n                            17 de outubro de 2024<br \/>\n                            <span class=\"far fa-clock ml-3 mt-2\"\/><br \/>\n                            16:35<br \/>\n                        <\/strong>\n                    <\/p>\n<p class=\"mb-0\">Por: <strong>Lu\u00eds Gustavo Adabro<\/strong><\/p>\n<\/p><\/div>\n<\/p><\/div>\n<div>\n<p>Nos dias 4 e 5 de novembro, empres\u00e1rios e empreendedores de Sorocaba poder\u00e3o participar do curso \u201cFature mais na Black Friday\u201d, evento totalmente gratuito que ensinar\u00e1 estrat\u00e9gias para aumentar o faturamento nesta \u00e9poca do ano. A a\u00e7\u00e3o acontecer\u00e1 \u00e0s 19h 21h, na Universidade do Trabalhador, Empreendedor e Neg\u00f3cios (Uniten).<\/p>\n<p>Promovido pela Prefeitura de Sorocaba, por meio do Espa\u00e7o Empreendedor e Banco do Povo, ligados \u00e0 Secretaria de Desenvolvimento Econ\u00f4mico e Turismo (Sedetur), em parceria com o Servi\u00e7o Brasileiro de Apoio \u00e0s Micro e Pequenas Empresas (Sebrae), o curso tem vagas limitadas. Para participar, basta preencher o formul\u00e1rio de inscri\u00e7\u00e3o no link: https:\/\/tinyurl.com\/Fature-mais-na-Black-Friday.<\/p>\n<p>O curso abordar\u00e1 temas ligados \u00e0 \u00e1rea de vendas e finan\u00e7as, com foco em estrat\u00e9gias que impulsionam diretamente o faturamento dos neg\u00f3cios. \u201cA Black Friday \u00e9 um dos momentos mais importantes do ano para o com\u00e9rcio, e aprender a planejar adequadamente e programar a\u00e7\u00f5es eficientes pode fazer toda a diferen\u00e7a no resultado financeiro\u201d, disse o secret\u00e1rio da Sedetur, Bruno Santana.<\/p>\n<p>A Uniten est\u00e1 localizada na Avenida Gen. Os\u00f3rio, 1.840, na Vila Bar\u00e3o. Mais informa\u00e7\u00f5es podem ser obtidas, de segunda a sexta-feira, das 8h \u00e0s 17h, pelos telefones: (15)3229-2370 ou (15) 3229-2372.<\/p>\n<p><strong>Servi\u00e7o:<\/strong><\/p>\n<\/p><\/div>\n","protected":false},"excerpt":{"rendered":"<p>17 de outubro de 2024 16:35 Por: Lu\u00eds Gustavo Adabro Nos dias 4 e 5&#8230;<\/p>\n","protected":false},"author":2,"featured_media":0,"comment_status":"","ping_status":"","sticky":false,"template":"","format":"standard","meta":{"footnotes":""},"categories":[2],"tags":[],"class_list":["post-14706","post","type-post","status-publish","format-standard","hentry","category-jogos-ao-vivo"],"amp_enabled":true,"_links":{"self":[{"href":"https:\/\/ipatingafc.com.br\/index.php\/wp-json\/wp\/v2\/posts\/14706","targetHints":{"allow":["GET"]}}],"collection":[{"href":"https:\/\/ipatingafc.com.br\/index.php\/wp-json\/wp\/v2\/posts"}],"about":[{"href":"https:\/\/ipatingafc.com.br\/index.php\/wp-json\/wp\/v2\/types\/post"}],"author":[{"embeddable":true,"href":"https:\/\/ipatingafc.com.br\/index.php\/wp-json\/wp\/v2\/users\/2"}],"replies":[{"embeddable":true,"href":"https:\/\/ipatingafc.com.br\/index.php\/wp-json\/wp\/v2\/comments?post=14706"}],"version-history":[{"count":0,"href":"https:\/\/ipatingafc.com.br\/index.php\/wp-json\/wp\/v2\/posts\/14706\/revisions"}],"wp:attachment":[{"href":"https:\/\/ipatingafc.com.br\/index.php\/wp-json\/wp\/v2\/media?parent=14706"}],"wp:term":[{"taxonomy":"category","embeddable":true,"href":"https:\/\/ipatingafc.com.br\/index.php\/wp-json\/wp\/v2\/categories?post=14706"},{"taxonomy":"post_tag","embeddable":true,"href":"https:\/\/ipatingafc.com.br\/index.php\/wp-json\/wp\/v2\/tags?post=14706"}],"curies":[{"name":"wp","href":"https:\/\/api.w.org\/{rel}","templated":true}]}}