{"id":14741,"date":"2024-10-18T21:12:40","date_gmt":"2024-10-19T00:12:40","guid":{"rendered":"https:\/\/ipatingafc.com.br\/index.php\/2024\/10\/18\/educacao-de-guaratingueta-e-mais-uma-vez-destaque-em-premiacao-da-flupp-prefeitura-estancia-turistica-guaratingueta\/"},"modified":"2024-10-18T21:12:40","modified_gmt":"2024-10-19T00:12:40","slug":"educacao-de-guaratingueta-e-mais-uma-vez-destaque-em-premiacao-da-flupp-prefeitura-estancia-turistica-guaratingueta","status":"publish","type":"post","link":"https:\/\/ipatingafc.com.br\/index.php\/2024\/10\/18\/educacao-de-guaratingueta-e-mais-uma-vez-destaque-em-premiacao-da-flupp-prefeitura-estancia-turistica-guaratingueta\/","title":{"rendered":"Educa\u00e7\u00e3o de Guaratinguet\u00e1 \u00e9 mais uma vez destaque em premia\u00e7\u00e3o da FLUPP! \u2013 Prefeitura Est\u00e2ncia Tur\u00edstica Guaratinguet\u00e1"},"content":{"rendered":"<p><\/p>\n<div>\n<div class=\"x11i5rnm xat24cr x1mh8g0r x1vvkbs xtlvy1s x126k92a\">\n<p>Na \u00faltima quarta-feira (16), a Funda\u00e7\u00e3o Flupp divulgou o resultado do \u201cPr\u00eamio FLUPP de Educa\u00e7\u00e3o 2024\u201d. Duas educadoras de Guaratinguet\u00e1, Ana Carolina Maciel e Tainara Medeiros se destacaram e ficaram entre os dez vencedores da competi\u00e7\u00e3o. Al\u00e9m do reconhecimento pelo trabalho desenvolvido, elas tamb\u00e9m ganharam uma viagem para Bel\u00e9m \u2013 PA custeada pela FLUPP.<\/p>\n<p>\u00a0<\/p>\n<\/div>\n<div class=\"x11i5rnm xat24cr x1mh8g0r x1vvkbs xtlvy1s x126k92a\">\n<p>O Pr\u00eamio FLUPP de Educa\u00e7\u00e3o \u00e9 uma iniciativa voltada para identificar e valorizar experi\u00eancias educativas (de professores e de licenciandos) ou formativas (de coordenadores pedag\u00f3gicos) entre as escolas p\u00fablicas de munic\u00edpios do Vale do Para\u00edba, selecionando e premiando as dez melhores.<\/p>\n<p>\u00a0<\/p>\n<\/div>\n<div class=\"x11i5rnm xat24cr x1mh8g0r x1vvkbs xtlvy1s x126k92a\">\n<p>Essa conquista \u00e9 resultado do trabalho desenvolvido pelas educadoras em suas institui\u00e7\u00f5es, e do impacto positivo dos investimentos que est\u00e3o sendo realizados na rede p\u00fablica municipal.<\/p>\n<\/div><\/div>\n","protected":false},"excerpt":{"rendered":"<p>Na \u00faltima quarta-feira (16), a Funda\u00e7\u00e3o Flupp divulgou o resultado do \u201cPr\u00eamio FLUPP de Educa\u00e7\u00e3o&#8230;<\/p>\n","protected":false},"author":2,"featured_media":0,"comment_status":"","ping_status":"","sticky":false,"template":"","format":"standard","meta":{"footnotes":""},"categories":[2],"tags":[],"class_list":["post-14741","post","type-post","status-publish","format-standard","hentry","category-jogos-ao-vivo"],"amp_enabled":true,"_links":{"self":[{"href":"https:\/\/ipatingafc.com.br\/index.php\/wp-json\/wp\/v2\/posts\/14741","targetHints":{"allow":["GET"]}}],"collection":[{"href":"https:\/\/ipatingafc.com.br\/index.php\/wp-json\/wp\/v2\/posts"}],"about":[{"href":"https:\/\/ipatingafc.com.br\/index.php\/wp-json\/wp\/v2\/types\/post"}],"author":[{"embeddable":true,"href":"https:\/\/ipatingafc.com.br\/index.php\/wp-json\/wp\/v2\/users\/2"}],"replies":[{"embeddable":true,"href":"https:\/\/ipatingafc.com.br\/index.php\/wp-json\/wp\/v2\/comments?post=14741"}],"version-history":[{"count":0,"href":"https:\/\/ipatingafc.com.br\/index.php\/wp-json\/wp\/v2\/posts\/14741\/revisions"}],"wp:attachment":[{"href":"https:\/\/ipatingafc.com.br\/index.php\/wp-json\/wp\/v2\/media?parent=14741"}],"wp:term":[{"taxonomy":"category","embeddable":true,"href":"https:\/\/ipatingafc.com.br\/index.php\/wp-json\/wp\/v2\/categories?post=14741"},{"taxonomy":"post_tag","embeddable":true,"href":"https:\/\/ipatingafc.com.br\/index.php\/wp-json\/wp\/v2\/tags?post=14741"}],"curies":[{"name":"wp","href":"https:\/\/api.w.org\/{rel}","templated":true}]}}