{"id":15959,"date":"2024-11-22T15:40:54","date_gmt":"2024-11-22T18:40:54","guid":{"rendered":"https:\/\/ipatingafc.com.br\/index.php\/2024\/11\/22\/mesa-da-plenaria-da-reuniao-de-cupula-do-g20-e-doada-para-escolas-municipais-do-rio-de-janeiro-prefeitura-da-cidade-do-rio-de-janeiro\/"},"modified":"2024-11-22T15:40:54","modified_gmt":"2024-11-22T18:40:54","slug":"mesa-da-plenaria-da-reuniao-de-cupula-do-g20-e-doada-para-escolas-municipais-do-rio-de-janeiro-prefeitura-da-cidade-do-rio-de-janeiro","status":"publish","type":"post","link":"https:\/\/ipatingafc.com.br\/index.php\/2024\/11\/22\/mesa-da-plenaria-da-reuniao-de-cupula-do-g20-e-doada-para-escolas-municipais-do-rio-de-janeiro-prefeitura-da-cidade-do-rio-de-janeiro\/","title":{"rendered":"Mesa da plen\u00e1ria da Reuni\u00e3o de C\u00fapula do G20 \u00e9 doada para escolas municipais do Rio de Janeiro &#8211; Prefeitura da Cidade do Rio de Janeiro"},"content":{"rendered":"<p><\/p>\n<div wp_automatic_readability=\"114.75566582728\">\n<div class=\"image-post\" wp_automatic_readability=\"36\">\n                     A mesa principal e as mesas auxiliares, constru\u00eddas em m\u00f3dulos, foram divididas em 116 carteiras duplas, totalizando 232 posi\u00e7\u00f5es de estudo &#8211; Marcos de Paula\/Prefeitura do Rio                  <\/div>\n<p>A mesa utilizada pelos l\u00edderes das maiores economias do mundo na plen\u00e1ria da C\u00fapula do G20, nos dias 18 e 19 de novembro, no Museu de Arte Moderna (MAM), foi doada para 12 escolas municipais do Rio de Janeiro. A mesa principal e as mesas auxiliares, constru\u00eddas em m\u00f3dulos, foram divididas em 116 carteiras duplas, totalizando 232 posi\u00e7\u00f5es de estudo, que v\u00e3o fazer parte das salas de aula de alunos dos col\u00e9gios da rede municipal do Rio. Os estudantes utilizar\u00e3o o mobili\u00e1rio usado pelos chefes de Estado e de Governo que vieram ao Rio debater assuntos de import\u00e2ncia global e fecharam a declara\u00e7\u00e3o final do G20, entre eles, os presidentes dos Estados Unidos, da China e da Fran\u00e7a. Este \u00e9 o terceiro lote de mesas utilizadas durante o ano do G20 no Rio doadas para escolas municipais. No total, foram 341 carteiras com 457 posi\u00e7\u00f5es para alunos de unidades educacionais cariocas.<\/p>\n<blockquote wp_automatic_readability=\"20\">\n<p>\u2013 Depois de um G20 t\u00e3o especial, que reuniu aqui no Rio de Janeiro os principais chefes de Estado dos mais importantes pa\u00edses, recebidos pelo presidente Lula e pelo prefeito Eduardo Paes, viemos buscar as mesas e cadeiras que foram utilizadas por poderosas autoridades. Conseguimos mais esse legado t\u00e3o rico para a nossa educa\u00e7\u00e3o. Da mesma forma que nas Olimp\u00edadas tivemos arenas que viraram escolas, n\u00f3s temos agora equipamentos, mais de 100 unidades que foram utilizadas na c\u00fapula internacional e que ser\u00e3o aproveitadas nas nossas salas de aula. Incluindo a Escola Municipal Medalhista Ol\u00edmpico Lucas Saatkamp, da Mar\u00e9, que foi a vencedora justamente de um concurso sobre o G20. Ent\u00e3o, do MAM para a Mar\u00e9, do G20 para a educa\u00e7\u00e3o carioca. N\u00e3o poderia ser mais simb\u00f3lico para n\u00f3s, profissionais da educa\u00e7\u00e3o do Rio, mostrando o potencial dessa rede fant\u00e1stica \u2013 comemorou o secret\u00e1rio de Educa\u00e7\u00e3o, Renan Ferreirinha.<\/p>\n<\/blockquote>\n<p>Os alunos do Gin\u00e1sio Educacional Tecnol\u00f3gico (GET) Medalhista Ol\u00edmpico Lucas Saatkamp, localizado na Mar\u00e9, foram os vencedores do concurso de curtas-metragens sobre o G20, organizado pela Secretaria Municipal de Educa\u00e7\u00e3o e pelo Comit\u00ea Rio G20. Eles leram livros sobre sustentabilidade e meio ambiente. Depois de muitas pesquisas sobre o G20 e os temas fundamentais do encontro, como fome, pobreza, desigualdade e sustentabilidade, os curtas foram desenvolvidos. Os alunos tiveram a oportunidade de conhecer o MAM e visitar as \u00e1reas utilizadas durante a c\u00fapula.<\/p>\n<blockquote wp_automatic_readability=\"14\">\n<p>\u2013 A Prefeitura do Rio percebeu 1 ano e meio atr\u00e1s que n\u00e3o dava para fazer o G20 sem envolver a cidade inteira. Foram 132 eventos, culminando na c\u00fapula de l\u00edderes. E agora as mesas da plen\u00e1ria v\u00e3o para as escolas municipais. Muitos alunos da nossa rede de educa\u00e7\u00e3o participaram dos eventos do G20 como imprensa oficial credenciada, para que a gente pudesse deixar clara a mensagem: daqui a 20 anos, quando o G20 voltar para o Brasil, estas crian\u00e7as ser\u00e3o os adultos que v\u00e3o conduzir este processo de constru\u00e7\u00e3o de um mundo mais justo e sustent\u00e1vel. Nada mais justo que a mesa dos poderosos se torne a carteira dos estudantes cariocas para eles se inspirarem e edificarem o nosso futuro \u2013 afirmou Lucas Padilha, presidente do Comit\u00ea Rio G20, que foi criado em junho de 2023 para preparar a cidade para receber a C\u00fapula do G20 e atrair eventos ligados ao grupo das maiores economias do mundo.<\/p>\n<\/blockquote>\n<p>Leonardo Gabriel, de 9 anos, foi um dos alunos do GET Lucas Saatkamp que visitaram o MAM. Ele gostou de ver as novas carteiras, que t\u00eam espa\u00e7o amplo para dois alunos, e adorou conhecer os locais por onde os l\u00edderes mundiais passaram nos dias de reuni\u00e3o de c\u00fapula no museu.<\/p>\n<blockquote wp_automatic_readability=\"11\">\n<p>\u2013 Muito legal! Gostei muito! Aquela rampa ali que os l\u00edderes subiram, muito legal tamb\u00e9m. As carteiras v\u00e3o ajudar muito, porque as mesas v\u00e3o ficar maiores. Vai dar para colocar mais coisas, livros, cadernos \u2013 celebrou Gabriel.<\/p>\n<\/blockquote>\n<p>Alice Freitas, de 7 anos, estava encantada com o museu e muito feliz por receber as carteiras que foram utilizadas por l\u00edderes mundiais.<\/p>\n<blockquote wp_automatic_readability=\"10\">\n<p>\u2013 A gente vai poder ter as mesas em que os presidentes sentaram. Vamos usar bastante na nossa escola, que vai ficar mais bonita, mais legal. Vou aprender mais nesta mesa, vai me ajudar a aprender a ler \u2013 disse Alice.<\/p>\n<\/blockquote>\n<p>Al\u00e9m do GET Medalhista Ol\u00edmpico Lucas Saatkamp, outros onze col\u00e9gios municipais, todos com nomes de pa\u00edses, v\u00e3o receber a doa\u00e7\u00e3o das carteiras do G20: Escola Municipal Canad\u00e1, no Est\u00e1cio, primeira a ganhar as novas mesas, Escola Municipal Rep\u00fablica Argentina, no Maracan\u00e3, Escola Municipal Su\u00e9cia, em Pilares, Escola Municipal Chile, em Olaria, Escola Municipal Fran\u00e7a, em Piedade, Escola Municipal B\u00e9lgica, em Guadalupe, Escola Municipal Honduras, na Pra\u00e7a Seca, Escola Municipal Costa do Marfim, em Realengo, Escola Municipal Venezuela, em Campo Grande, Escola Municipal Jap\u00e3o, em Santa Cruz, e a Escola Municipal Costa Rica, na Ilha do Governador.<\/p>\n<p><strong>341 carteiras doadas de eventos do G20, com 457 posi\u00e7\u00f5es para alunos<\/strong><\/p>\n<p>O primeiro lote das 341 carteiras foi doado em fevereiro. Foram 177 carteiras que formaram a mesa da plen\u00e1ria da Reuni\u00e3o de Chanceleres, na Marina da Gl\u00f3ria. Esta primeira leva de mobili\u00e1rio teve como destino os Gin\u00e1sios Educacionais Ol\u00edmpicos (GEOs), modelo de escola inspirado no legado das Olimp\u00edadas do Rio 2016. Em agosto, a secretaria recebeu outras 48 carteiras \u2013 essas foram utilizadas na reuni\u00e3o da Alian\u00e7a Global Contra a Fome e a Pobreza, realizada no Galp\u00e3o da Cidadania, em julho, e foram levadas para escolas bil\u00edngues. As mesas do G20 foram para os Gin\u00e1sios Educacionais Tecnol\u00f3gicos (GETs) Afonso V\u00e1rzea, Epit\u00e1cio Pessoa e Aleksander Henryk Laks, que ensinam ingl\u00eas, alem\u00e3o e espanhol, respectivamente. Al\u00e9m dos GETs, o CIEP Samuel Wainer e Escola Municipal Orsina da Fonseca, que t\u00eam ensino de mandarim, e a Escola Municipal Profa\u00aa Didia Machado Fortes, que tem ensino de franc\u00eas, tamb\u00e9m receberam material no segundo lote.<\/p>\n<p>             <!-- Compartilhe ---><\/p>\n<p>\t\t\t <!-- TAGS --><\/p>\n<section class=\"category-tags\">\n<div class=\"marcacao-category\">\n<article class=\"category-post\">\n<p>Categoria: <\/p>\n<\/article>\n<li>22 de novembro de 2024<\/li><\/div>\n<article class=\"tags\">\n\t\t\t\t\tMarca\u00e7\u00f5es: C\u00fapula do G20 doa\u00e7\u00e3o escolas municipais do Rio G20 Mesa da plen\u00e1ria<br \/><\/article>\n<\/section>\n<p>            <!-- Mais Not&iacute;cias --><\/p>\n<p>\t\t<!-- Conte&uacute;do SIDEBAR --><\/p><\/div>\n","protected":false},"excerpt":{"rendered":"<p>A mesa principal e as mesas auxiliares, constru\u00eddas em m\u00f3dulos, foram divididas em 116 carteiras&#8230;<\/p>\n","protected":false},"author":2,"featured_media":0,"comment_status":"","ping_status":"","sticky":false,"template":"","format":"standard","meta":{"footnotes":""},"categories":[2],"tags":[],"class_list":["post-15959","post","type-post","status-publish","format-standard","hentry","category-jogos-ao-vivo"],"amp_enabled":true,"_links":{"self":[{"href":"https:\/\/ipatingafc.com.br\/index.php\/wp-json\/wp\/v2\/posts\/15959","targetHints":{"allow":["GET"]}}],"collection":[{"href":"https:\/\/ipatingafc.com.br\/index.php\/wp-json\/wp\/v2\/posts"}],"about":[{"href":"https:\/\/ipatingafc.com.br\/index.php\/wp-json\/wp\/v2\/types\/post"}],"author":[{"embeddable":true,"href":"https:\/\/ipatingafc.com.br\/index.php\/wp-json\/wp\/v2\/users\/2"}],"replies":[{"embeddable":true,"href":"https:\/\/ipatingafc.com.br\/index.php\/wp-json\/wp\/v2\/comments?post=15959"}],"version-history":[{"count":0,"href":"https:\/\/ipatingafc.com.br\/index.php\/wp-json\/wp\/v2\/posts\/15959\/revisions"}],"wp:attachment":[{"href":"https:\/\/ipatingafc.com.br\/index.php\/wp-json\/wp\/v2\/media?parent=15959"}],"wp:term":[{"taxonomy":"category","embeddable":true,"href":"https:\/\/ipatingafc.com.br\/index.php\/wp-json\/wp\/v2\/categories?post=15959"},{"taxonomy":"post_tag","embeddable":true,"href":"https:\/\/ipatingafc.com.br\/index.php\/wp-json\/wp\/v2\/tags?post=15959"}],"curies":[{"name":"wp","href":"https:\/\/api.w.org\/{rel}","templated":true}]}}