{"id":15965,"date":"2024-11-22T18:48:36","date_gmt":"2024-11-22T21:48:36","guid":{"rendered":"https:\/\/ipatingafc.com.br\/index.php\/2024\/11\/22\/alunos-de-guaratingueta-sao-premiados-na-27a-olimpiada-brasileira-de-astronomia-e-astronautica-prefeitura-estancia-turistica-guaratingueta\/"},"modified":"2024-11-22T18:48:36","modified_gmt":"2024-11-22T21:48:36","slug":"alunos-de-guaratingueta-sao-premiados-na-27a-olimpiada-brasileira-de-astronomia-e-astronautica-prefeitura-estancia-turistica-guaratingueta","status":"publish","type":"post","link":"https:\/\/ipatingafc.com.br\/index.php\/2024\/11\/22\/alunos-de-guaratingueta-sao-premiados-na-27a-olimpiada-brasileira-de-astronomia-e-astronautica-prefeitura-estancia-turistica-guaratingueta\/","title":{"rendered":"Alunos de Guaratinguet\u00e1 s\u00e3o premiados na 27\u00aa Olimp\u00edada Brasileira de Astronomia e Astron\u00e1utica \u2013 Prefeitura Est\u00e2ncia Tur\u00edstica Guaratinguet\u00e1"},"content":{"rendered":"<p><\/p>\n<div>\n<p>Na \u00faltima quinta-feira (21), no audit\u00f3rio da Secretaria Municipal de Educa\u00e7\u00e3o de Guaratinguet\u00e1 foi palco da cerim\u00f4nia de premia\u00e7\u00e3o da 27\u00aa Olimp\u00edada Brasileira de Astronomia e Astron\u00e1utica (OBA) celebrou o empenho e o talento dos estudantes da rede municipal, que conquistaram 20 medalhas, sendo 8 de ouro, 3 de prata e 9 de bronze.<\/p>\n<p>\u00a0<\/p>\n<p>Este \u00e9 o melhor desempenho da hist\u00f3ria das escolas municipais na competi\u00e7\u00e3o, superando as 7 medalhas do ano anterior. Mais de 1.200 alunos, do 2\u00ba ao 9\u00ba ano do Ensino Fundamental, participaram da OBA, que tem como objetivo fomentar o interesse dos jovens pela Astronomia, Astron\u00e1utica e ci\u00eancias afins.<\/p>\n<p>\u00a0<\/p>\n<p>Os alunos medalhistas foram presenteados com um passeio ao Museu Interativo de Ci\u00eancias (MIC) em S\u00e3o Jos\u00e9 dos Campos no dia 8 de novembro, como forma de reconhecimento e incentivo.<\/p>\n<p>\u00a0<\/p>\n<p>Confira os alunos premiados e as respectivas escolas:<\/p>\n<p>\u00a0<\/p>\n<p>Medalhas de Bronze<\/p>\n<p>\u00a0<\/p>\n<p>EMEF Prof\u00aa Alcina Soares Novaes: *Micaella Aparecida de Abreu Coelho*\u00a0<\/p>\n<p>\u00a0<\/p>\n<p>EMEIEF Prof\u00aa Francisca Caloi: *Rodrigo Jos\u00e9 Esp\u00edndola*\u00a0<\/p>\n<p>\u00a0<\/p>\n<p>EMEFI Dr. Guilherme Eug\u00eanio Fillippo Fernandes: *Vitor Hugo Santos Costa*\u00a0<\/p>\n<p>\u00a0<\/p>\n<p>EMEF Prof\u00aa Luzia Castro Mittidieri: *Bryan Henrique de Oliveira*\u00a0<\/p>\n<p>\u00a0<\/p>\n<p>EMEIEF Prof\u00aa Maria Concei\u00e7\u00e3o Freire Salles: *Ana J\u00falia Proc\u00f3pio de Jesus Oliveira*\u00a0<\/p>\n<p>\u00a0*Emanuel Luiz Medeiros dos Santos*\u00a0<\/p>\n<p>\u00a0*Isabella Alves de Souza Yasmin Kamilly Tobias Gon\u00e7alves Carlos*\u00a0<\/p>\n<p>\u00a0<\/p>\n<p>EMEF Prof. Virg\u00edlio Rosas da Silva: *L\u00edvia Reis de Souza*\u00a0<\/p>\n<p>\u00a0<\/p>\n<p>\u00a0<\/p>\n<p>Medalhas de Prata<\/p>\n<p>\u00a0<\/p>\n<p>EMEIEF Prof\u00aa Aliete Ferreira Gon\u00e7alves: *Guilherme Cust\u00f3dio dos Santos* *Luiz Gustavo de Carvalho Raimundo*\u00a0<\/p>\n<p>\u00a0<\/p>\n<p>EMEIEF Prof. Zez\u00e9 Figueiredo: *Miguel Silva Ferraz*\u00a0<\/p>\n<p>\u00a0<\/p>\n<p>\u00a0<\/p>\n<p>Medalhas de Ouro<\/p>\n<p>\u00a0<\/p>\n<p>EMEF Prof\u00aa Alcina Soares Novaes: *Isabely Gomes Santana*\u00a0<\/p>\n<p>\u00a0<\/p>\n<p>EMEFI Prof\u00aa Elvira Maria Giannico: *Laura Rodrigues de Oliveira*\u00a0<\/p>\n<p>\u00a0<\/p>\n<p>EMEF Prof. Jos\u00e9 Augusto Antunes do Amaral: *Carolinna de Souza Costa*\u00a0<\/p>\n<p>\u00a0<\/p>\n<p>EMEF Prof\u00aa Luzia Castro Mittidieri: *Davi da Silva Leal Bassanelli*\u00a0<\/p>\n<p>\u00a0*Leonardo Pimenta Oliveira*\u00a0<\/p>\n<p>\u00a0<\/p>\n<p>EMEIEF Prof\u00aa Maria Concei\u00e7\u00e3o Freire Salles: *Melissa Rabelo Fonseca*\u00a0<\/p>\n<p>\u00a0<\/p>\n<p>EMEF Maria J\u00falia Antunes do Amaral Moreira: *Ana Beatriz Braga Nogueira* *Ana L\u00edvia Coelho Rangel Pereira*\u00a0<\/p>\n<p>\u00a0<\/p>\n<p>\u00a0<\/p>\n<p>A escola Ana Fausta tamb\u00e9m se destacou ao representar a cidade na Jornada de Foguetes, realizada em Barra do Pira\u00ed-RJ, como parte da 62\u00aa Mostra Brasileira de Foguetes.<\/p>\n<p>\u00a0<\/p>\n<p>A Secretaria Municipal de Educa\u00e7\u00e3o parabeniza todos os envolvidos \u2013 alunos, professores e gestores \u2013 pelo excelente desempenho e refor\u00e7a o compromisso de incentivar o ensino cient\u00edfico em Guaratinguet\u00e1.<\/p>\n<\/p><\/div>\n","protected":false},"excerpt":{"rendered":"<p>Na \u00faltima quinta-feira (21), no audit\u00f3rio da Secretaria Municipal de Educa\u00e7\u00e3o de Guaratinguet\u00e1 foi palco&#8230;<\/p>\n","protected":false},"author":2,"featured_media":0,"comment_status":"","ping_status":"","sticky":false,"template":"","format":"standard","meta":{"footnotes":""},"categories":[2],"tags":[],"class_list":["post-15965","post","type-post","status-publish","format-standard","hentry","category-jogos-ao-vivo"],"amp_enabled":true,"_links":{"self":[{"href":"https:\/\/ipatingafc.com.br\/index.php\/wp-json\/wp\/v2\/posts\/15965","targetHints":{"allow":["GET"]}}],"collection":[{"href":"https:\/\/ipatingafc.com.br\/index.php\/wp-json\/wp\/v2\/posts"}],"about":[{"href":"https:\/\/ipatingafc.com.br\/index.php\/wp-json\/wp\/v2\/types\/post"}],"author":[{"embeddable":true,"href":"https:\/\/ipatingafc.com.br\/index.php\/wp-json\/wp\/v2\/users\/2"}],"replies":[{"embeddable":true,"href":"https:\/\/ipatingafc.com.br\/index.php\/wp-json\/wp\/v2\/comments?post=15965"}],"version-history":[{"count":0,"href":"https:\/\/ipatingafc.com.br\/index.php\/wp-json\/wp\/v2\/posts\/15965\/revisions"}],"wp:attachment":[{"href":"https:\/\/ipatingafc.com.br\/index.php\/wp-json\/wp\/v2\/media?parent=15965"}],"wp:term":[{"taxonomy":"category","embeddable":true,"href":"https:\/\/ipatingafc.com.br\/index.php\/wp-json\/wp\/v2\/categories?post=15965"},{"taxonomy":"post_tag","embeddable":true,"href":"https:\/\/ipatingafc.com.br\/index.php\/wp-json\/wp\/v2\/tags?post=15965"}],"curies":[{"name":"wp","href":"https:\/\/api.w.org\/{rel}","templated":true}]}}