{"id":15969,"date":"2024-11-22T20:25:35","date_gmt":"2024-11-22T23:25:35","guid":{"rendered":"https:\/\/ipatingafc.com.br\/index.php\/2024\/11\/22\/prefeitura-e-camara-realizam-nova-audiencia-do-plano-diretor-de-desenvolvimento-fisico-territorial-na-segunda-feira-25-agencia-de-noticias\/"},"modified":"2024-11-22T20:25:35","modified_gmt":"2024-11-22T23:25:35","slug":"prefeitura-e-camara-realizam-nova-audiencia-do-plano-diretor-de-desenvolvimento-fisico-territorial-na-segunda-feira-25-agencia-de-noticias","status":"publish","type":"post","link":"https:\/\/ipatingafc.com.br\/index.php\/2024\/11\/22\/prefeitura-e-camara-realizam-nova-audiencia-do-plano-diretor-de-desenvolvimento-fisico-territorial-na-segunda-feira-25-agencia-de-noticias\/","title":{"rendered":"Prefeitura e C\u00e2mara realizam nova audi\u00eancia do Plano Diretor de Desenvolvimento F\u00edsico Territorial na segunda-feira (25) \u2013 Ag\u00eancia de Not\u00edcias"},"content":{"rendered":"<p><\/p>\n<div>\n<div class=\"col\">\n<p class=\"mt-0\">\n                        <strong><br \/>\n                            <span class=\"far fa-calendar mr-1 mt-2\"\/><br \/>\n                            22 de novembro de 2024<br \/>\n                            <span class=\"far fa-clock ml-3 mt-2\"\/><br \/>\n                            13:49<br \/>\n                        <\/strong>\n                    <\/p>\n<p class=\"mb-0\">Por: <strong>Lu\u00eds Gustavo Adabro<\/strong><\/p>\n<\/p><\/div>\n<\/p><\/div>\n<div>\n<p align=\"justify\">\n<p align=\"justify\"><span style=\"font-family: Arial, sans-serif;\"><span style=\"font-size: medium;\">A Prefeitura de Sorocaba, por meio da Secretaria de Planejamento e Desenvolvimento Urbano (Seplan), e a C\u00e2mara Municipal de Sorocaba realizam nova audi\u00eancia p\u00fablica para revis\u00e3o do Plano Diretor da cidade. A iniciativa ser\u00e1 na segunda-feira (25), \u00e0s 14h, no plen\u00e1rio do Legislativo. Na ocasi\u00e3o, ser\u00e3o apresentadas propostas de altera\u00e7\u00f5es em temas discutidos na primeira audi\u00eancia p\u00fablica e nas reuni\u00f5es tem\u00e1ticas.<\/span><\/span><\/p>\n<p align=\"justify\"><span style=\"font-family: Arial, sans-serif;\"><span style=\"font-size: medium;\">O Plano Diretor de Desenvolvimento F\u00edsico Territorial orienta o crescimento e o desenvolvimento urbano da cidade. \u00c9 um instrumento legal, empregado para melhorar a qualidade de vida da popula\u00e7\u00e3o, reduzir as desigualdades socioecon\u00f4micas e tornar a cidade mais inclusiva, justa e ambientalmente equilibrada, aponta Seplan.<\/span><\/span><\/p>\n<p align=\"justify\"><span style=\"font-family: Arial, sans-serif;\"><span style=\"font-size: medium;\">Ap\u00f3s essa segunda audi\u00eancia p\u00fablica, o texto do Projeto de Lei ser\u00e1 consolidado, para ser encaminhado ao legislativo, que tamb\u00e9m ampliar\u00e1 as discuss\u00f5es e propostas para atualiza\u00e7\u00e3o do Plano Diretor. \u201cEstamos abertos a ouvir a popula\u00e7\u00e3o sorocabana sobre como o Plano Diretor de Desenvolvimento F\u00edsico Territorial, a fim de garantir que o resultado final atenda \u00e0s necessidades e expectativas dos cidad\u00e3os. Por isso, \u00e9 imprescind\u00edvel a presen\u00e7a dos cidad\u00e3os\u201d, diz o secret\u00e1rio da Seplan, Maur\u00edcio Campanati.<\/span><\/span><\/p>\n<p align=\"justify\"><span style=\"font-family: Arial, sans-serif;\"><span style=\"font-size: medium;\">Participar\u00e3o da audi\u00eancia no plen\u00e1rio da C\u00e2mara, t\u00e9cnicos, representantes de entidades, l\u00edderes comunit\u00e1rios e toda a popula\u00e7\u00e3o interessada, da mesma forma como ocorreu na primeira audi\u00eancia p\u00fablica, realizada no dia 25 de outubro. Tamb\u00e9m j\u00e1 ocorreram tr\u00eas reuni\u00f5es tem\u00e1ticas, sobre Macrozoneamento Ambiental (4\/11), Zoneamento (6\/11) e Mobilidade (12\/11).<\/span><\/span><\/p>\n<p align=\"justify\"><span style=\"font-family: Arial, sans-serif;\"><span style=\"font-size: medium;\">Na primeira fase (diagn\u00f3stico) de discuss\u00f5es, ao longo do ano, mais de 300 pessoas encaminharam propostas ao Plano Diretor Participativo, referente \u00e0s \u00e1reas de Habita\u00e7\u00e3o\/Instrumentos de Pol\u00edticas P\u00fablicas, Mobilidade, Ordenamento Urbano, Desenvolvimento Econ\u00f4mico e Social, Patrim\u00f4nio Cultural, Meio Ambiente, Gest\u00e3o Democr\u00e1tica, Sa\u00fade P\u00fablica\/Saneamento, Educa\u00e7\u00e3o e Seguran\u00e7a.<\/span><\/span><\/p>\n<p align=\"justify\"><span style=\"font-family: Arial, sans-serif;\"><span style=\"font-size: medium;\">Entre os temas de destaque da revis\u00e3o do Plano Diretor, est\u00e1 a amplia\u00e7\u00e3o das \u00e1reas de preserva\u00e7\u00e3o permanente junto aos principais rios e c\u00f3rregos. Em se tratando de zoneamento, foi debatida a cria\u00e7\u00e3o de Zonas de Atividade Econ\u00f4mica (ZAE), para mitigar ou adaptar conflitos de uso de espa\u00e7os dentro de \u00e1reas industriais, principalmente quanto \u00e0 explora\u00e7\u00e3o de com\u00e9rcios e servi\u00e7os. Em mobilidade, h\u00e1 proposta de desobriga\u00e7\u00e3o de uma vaga de garagem em empreendimentos ao longo de corredores estruturais, na regi\u00e3o central.<\/span><\/span><\/p>\n<p align=\"justify\"><span style=\"font-family: Arial, sans-serif;\"><span style=\"font-size: medium;\">Para participar da audi\u00eancia p\u00fablica basta comparecer ao plen\u00e1rio da C\u00e2mara Municipal de Sorocaba, que est\u00e1 localizado na Avenida Engenheiro Carlos Reinaldo Mendes, s\/n, no Bairro Alto da Boa Vista.<\/span><\/span><\/p>\n<\/p><\/div>\n","protected":false},"excerpt":{"rendered":"<p>22 de novembro de 2024 13:49 Por: Lu\u00eds Gustavo Adabro A Prefeitura de Sorocaba, por&#8230;<\/p>\n","protected":false},"author":2,"featured_media":0,"comment_status":"","ping_status":"","sticky":false,"template":"","format":"standard","meta":{"footnotes":""},"categories":[2],"tags":[],"class_list":["post-15969","post","type-post","status-publish","format-standard","hentry","category-jogos-ao-vivo"],"amp_enabled":true,"_links":{"self":[{"href":"https:\/\/ipatingafc.com.br\/index.php\/wp-json\/wp\/v2\/posts\/15969","targetHints":{"allow":["GET"]}}],"collection":[{"href":"https:\/\/ipatingafc.com.br\/index.php\/wp-json\/wp\/v2\/posts"}],"about":[{"href":"https:\/\/ipatingafc.com.br\/index.php\/wp-json\/wp\/v2\/types\/post"}],"author":[{"embeddable":true,"href":"https:\/\/ipatingafc.com.br\/index.php\/wp-json\/wp\/v2\/users\/2"}],"replies":[{"embeddable":true,"href":"https:\/\/ipatingafc.com.br\/index.php\/wp-json\/wp\/v2\/comments?post=15969"}],"version-history":[{"count":0,"href":"https:\/\/ipatingafc.com.br\/index.php\/wp-json\/wp\/v2\/posts\/15969\/revisions"}],"wp:attachment":[{"href":"https:\/\/ipatingafc.com.br\/index.php\/wp-json\/wp\/v2\/media?parent=15969"}],"wp:term":[{"taxonomy":"category","embeddable":true,"href":"https:\/\/ipatingafc.com.br\/index.php\/wp-json\/wp\/v2\/categories?post=15969"},{"taxonomy":"post_tag","embeddable":true,"href":"https:\/\/ipatingafc.com.br\/index.php\/wp-json\/wp\/v2\/tags?post=15969"}],"curies":[{"name":"wp","href":"https:\/\/api.w.org\/{rel}","templated":true}]}}