{"id":15974,"date":"2024-11-22T22:00:46","date_gmt":"2024-11-23T01:00:46","guid":{"rendered":"https:\/\/ipatingafc.com.br\/index.php\/2024\/11\/22\/sp-discute-gestao-de-desastres-naturais-com-liderancas-do-sul-e-sudeste\/"},"modified":"2024-11-22T22:00:46","modified_gmt":"2024-11-23T01:00:46","slug":"sp-discute-gestao-de-desastres-naturais-com-liderancas-do-sul-e-sudeste","status":"publish","type":"post","link":"https:\/\/ipatingafc.com.br\/index.php\/2024\/11\/22\/sp-discute-gestao-de-desastres-naturais-com-liderancas-do-sul-e-sudeste\/","title":{"rendered":"SP discute gest\u00e3o de desastres naturais com lideran\u00e7as do Sul e Sudeste"},"content":{"rendered":"<p><\/p>\n<div id=\"\">&#13;<br \/>\n                                <!-- Title -->&#13;<br \/>\n                                &#13;<br \/>\n&#13;<br \/>\n                                <!-- Excerpt -->&#13;<\/p>\n<p class=\"excerpt\">12\u00aa reuni\u00e3o com os governadores dos sete estados que comp\u00f5em o cons\u00f3rcio teve in\u00edcio nesta quinta-feira (21) em Florian\u00f3polis<\/p>\n<p>&#13;<br \/>\n&#13;<br \/>\n                                &#13;\n                            <\/p><\/div>\n<div id=\"\">&#13;<\/p>\n<figure id=\"attachment_6379609\" style=\"width: 100%;max-width: 780px\" class=\"wp-caption alignnone\"><figcaption class=\"wp-caption-text\">Gabinete de crise do Governo de S\u00e3o Paulo monitora a situa\u00e7\u00e3o. Foto: Marcelo S. Camargo\/Governo de S\u00e3o Paulo<\/figcaption><\/figure>\n<p dir=\"ltr\">O Governo de S\u00e3o Paulo participa da 12\u00aa reuni\u00e3o do Cons\u00f3rcio de Integra\u00e7\u00e3o Sul e Sudeste (Cosud), que teve in\u00edcio nesta quinta-feira (21) em Florian\u00f3polis (SC). O governador Tarc\u00edsio de Freitas e representantes dos \u00f3rg\u00e3os estaduais v\u00e3o integrar grupos t\u00e9cnicos para elaborar pol\u00edticas ambientais, de desenvolvimento e de seguran\u00e7a p\u00fablica que impactam as duas regi\u00f5es e o pa\u00eds. O tema em destaque nesta edi\u00e7\u00e3o, que se encerra no s\u00e1bado (23), \u00e9 a gest\u00e3o de riscos de desastres naturais.<\/p>\n<p dir=\"ltr\">\u201cO Cosud \u00e9 um espa\u00e7o de coopera\u00e7\u00e3o entre sete estados que corrobora na formula\u00e7\u00e3o de pol\u00edticas p\u00fablicas com o intuito de impulsionar o desenvolvimento econ\u00f4mico e social, pautados na melhoria da presta\u00e7\u00e3o de servi\u00e7os p\u00fablicos. N\u00f3s estamos aqui por causa dos cidad\u00e3os que comp\u00f5em o Cosud\u201d, destaca o governador Tarc\u00edsio de Freitas.<\/p>\n<p dir=\"ltr\">Leia a reportagem completa na Ag\u00eancia SP<\/p>\n<\/p><\/div>\n","protected":false},"excerpt":{"rendered":"<p>&#13; &#13; &#13; &#13; &#13; 12\u00aa reuni\u00e3o com os governadores dos sete estados que comp\u00f5em&#8230;<\/p>\n","protected":false},"author":2,"featured_media":0,"comment_status":"","ping_status":"","sticky":false,"template":"","format":"standard","meta":{"footnotes":""},"categories":[2],"tags":[],"class_list":["post-15974","post","type-post","status-publish","format-standard","hentry","category-jogos-ao-vivo"],"amp_enabled":true,"_links":{"self":[{"href":"https:\/\/ipatingafc.com.br\/index.php\/wp-json\/wp\/v2\/posts\/15974","targetHints":{"allow":["GET"]}}],"collection":[{"href":"https:\/\/ipatingafc.com.br\/index.php\/wp-json\/wp\/v2\/posts"}],"about":[{"href":"https:\/\/ipatingafc.com.br\/index.php\/wp-json\/wp\/v2\/types\/post"}],"author":[{"embeddable":true,"href":"https:\/\/ipatingafc.com.br\/index.php\/wp-json\/wp\/v2\/users\/2"}],"replies":[{"embeddable":true,"href":"https:\/\/ipatingafc.com.br\/index.php\/wp-json\/wp\/v2\/comments?post=15974"}],"version-history":[{"count":0,"href":"https:\/\/ipatingafc.com.br\/index.php\/wp-json\/wp\/v2\/posts\/15974\/revisions"}],"wp:attachment":[{"href":"https:\/\/ipatingafc.com.br\/index.php\/wp-json\/wp\/v2\/media?parent=15974"}],"wp:term":[{"taxonomy":"category","embeddable":true,"href":"https:\/\/ipatingafc.com.br\/index.php\/wp-json\/wp\/v2\/categories?post=15974"},{"taxonomy":"post_tag","embeddable":true,"href":"https:\/\/ipatingafc.com.br\/index.php\/wp-json\/wp\/v2\/tags?post=15974"}],"curies":[{"name":"wp","href":"https:\/\/api.w.org\/{rel}","templated":true}]}}