{"id":16113,"date":"2024-11-27T01:57:40","date_gmt":"2024-11-27T04:57:40","guid":{"rendered":"https:\/\/ipatingafc.com.br\/index.php\/2024\/11\/27\/33o-mutirao-de-empregos-sorocaba-edicao-especial-de-fim-de-ano-reune-23-mil-vagas-de-trabalho-agencia-de-noticias\/"},"modified":"2024-11-27T01:57:40","modified_gmt":"2024-11-27T04:57:40","slug":"33o-mutirao-de-empregos-sorocaba-edicao-especial-de-fim-de-ano-reune-23-mil-vagas-de-trabalho-agencia-de-noticias","status":"publish","type":"post","link":"https:\/\/ipatingafc.com.br\/index.php\/2024\/11\/27\/33o-mutirao-de-empregos-sorocaba-edicao-especial-de-fim-de-ano-reune-23-mil-vagas-de-trabalho-agencia-de-noticias\/","title":{"rendered":"33\u00ba \u201cMutir\u00e3o de Empregos Sorocaba\u201d \u2013 Edi\u00e7\u00e3o especial de Fim de Ano re\u00fane 2,3 mil vagas de trabalho \u2013 Ag\u00eancia de Not\u00edcias"},"content":{"rendered":"<p><\/p>\n<div wp_automatic_readability=\"32\">\n<div class=\"col\" wp_automatic_readability=\"9\">\n<p class=\"mt-0\">\n                        <strong><br \/>\n                            <span class=\"far fa-calendar mr-1 mt-2\"\/><br \/>\n                            26 de novembro de 2024<br \/>\n                            <span class=\"far fa-clock ml-3 mt-2\"\/><br \/>\n                            17:16<br \/>\n                        <\/strong>\n                    <\/p>\n<p class=\"mb-0\">Por: <strong>Lu\u00eds Gustavo Adabro<\/strong><\/p>\n<\/p><\/div>\n<\/p><\/div>\n<div wp_automatic_readability=\"117\">\n<p>A Prefeitura de Sorocaba, por meio da Secretaria de Rela\u00e7\u00f5es do Trabalho e Qualifica\u00e7\u00e3o Profissional (Sert), com o apoio da Secretaria de Governo (Segov) e da Secretaria de Comunica\u00e7\u00e3o (Secom), realizou, nesta ter\u00e7a-feira (26), a 33\u00aa edi\u00e7\u00e3o do \u201cMutir\u00e3o de Empregos Sorocaba\u201d \u2013 edi\u00e7\u00e3o especial de Fim de Ano. O evento, que reuniu 2,3 mil vagas de trabalho, aconteceu no Parque Tecnol\u00f3gico de Sorocaba (PTS), localizado no Jardim Santa Cec\u00edlia, Zona Norte da cidade.<\/p>\n<p>Essa edi\u00e7\u00e3o especial do mutir\u00e3o reuniu 47 empresas e ag\u00eancias de recrutamento e sele\u00e7\u00e3o, com seus propriet\u00e1rios e respons\u00e1veis pelo setor de Recursos Humanos, para recolher curr\u00edculos, selecionar e contratar, al\u00e9m das oportunidades de trabalho oferecidas pelo Posto de Atendimento ao Trabalho (PAT).<\/p>\n<p>\u201cEstou muito feliz em participar de mais um mutir\u00e3o de empregos, esse em especial, de fim de ano, com milhares de oportunidades de empregos. Quero agradecer aos colaboradores que trabalharam para montar esse evento e espero que todos aqui presentes passem o natal empregados\u201d, disse o prefeito Rodrigo Manga.<\/p>\n<p>Para o secret\u00e1rio da Sert, Luiz Carlos Franchin, o mutir\u00e3o de empregos \u00e9 um facilitador para os sorocabanos na procura por vagas de trabalho. \u201cEssa \u00e9 uma oportunidade mensal para toda a popula\u00e7\u00e3o de Sorocaba, al\u00e9m daqueles que moram em cidades vizinhas. Por isso, reunimos em um s\u00f3 lugar, mais de 2 mil de vagas de empregos para auxiliar os que mais precisam de trabalho\u201d, relata.<\/p>\n<p>A 33\u00aa edi\u00e7\u00e3o do \u201cMutir\u00e3o de Empregos Sorocaba\u201d tamb\u00e9m contou com a visita do secret\u00e1rio de Governo da cidade de Indaiatuba, S\u00e9rgio Wolf, acompanhado de sua equipe municipal. Eles foram recebidos pelo anfitri\u00e3o do PTS, Nelson Cancellara e pelo secret\u00e1rio de Desenvolvimento Econ\u00f4mico e Turismo (Sedetur), Bruno Santana, para saber mais sobre a din\u00e2mica do programa municipal. \u201cEstamos fazendo hist\u00f3ria em Sorocaba com essa iniciativa que aben\u00e7oa vidas por meio da empregabilidade\u201d, disse o secret\u00e1rio da Sedetur.<\/p>\n<p>O coordenador t\u00e9cnico de uma dedetizadora de Sorocaba, Bruno Lemke, de 45 anos, esteve presente novamente no Mutir\u00e3o de Empregos Sorocaba, mas desta vez, como contratante. Na edi\u00e7\u00e3o anterior, ele participou do quadro \u201cO Contratado\u201d e j\u00e1 saiu empregado do local. \u201cNo \u00faltimo Mutir\u00e3o, anunciaram uma vaga de coordenador t\u00e9cnico durante o quadro e eu estava do lado de fora, mas disse que me candidatava, subi ao palco e desci empregado. Ap\u00f3s um m\u00eas, venho aqui para contratar mais pessoas para a empresa\u201d, disse.<\/p>\n<p>Leandro C\u00e9sar Vieira, de 33 anos, est\u00e1 h\u00e1 30 dias fora do mercado de trabalho. Ele \u00e9 engenheiro de produ\u00e7\u00e3o e est\u00e1 em busca de uma vaga no mercado de trabalho. \u201cAp\u00f3s ser atendido pela equipe do Mutir\u00e3o, fui encaminhado pelo PAT para uma vaga de auxiliar de produ\u00e7\u00e3o em uma empresa de Sorocaba. Amanh\u00e3, logo pela manh\u00e3, farei a entrevista de emprego\u201d, comemora.<\/p>\n<p>Essa foi a \u00faltima edi\u00e7\u00e3o do Mutir\u00e3o de Empregos Sorocaba de 2024, a pr\u00f3xima est\u00e1 marcada para a \u00faltima ter\u00e7a-feira de janeiro de 2025. Mais informa\u00e7\u00f5es ser\u00e3o divulgadas por meio das redes sociais da Prefeitura de Sorocaba.<\/p>\n<p><!-- Root element of PhotoSwipe. Must have class pswp. --><\/p><\/div>\n","protected":false},"excerpt":{"rendered":"<p>26 de novembro de 2024 17:16 Por: Lu\u00eds Gustavo Adabro A Prefeitura de Sorocaba, por&#8230;<\/p>\n","protected":false},"author":2,"featured_media":0,"comment_status":"","ping_status":"","sticky":false,"template":"","format":"standard","meta":{"footnotes":""},"categories":[2],"tags":[],"class_list":["post-16113","post","type-post","status-publish","format-standard","hentry","category-jogos-ao-vivo"],"amp_enabled":true,"_links":{"self":[{"href":"https:\/\/ipatingafc.com.br\/index.php\/wp-json\/wp\/v2\/posts\/16113","targetHints":{"allow":["GET"]}}],"collection":[{"href":"https:\/\/ipatingafc.com.br\/index.php\/wp-json\/wp\/v2\/posts"}],"about":[{"href":"https:\/\/ipatingafc.com.br\/index.php\/wp-json\/wp\/v2\/types\/post"}],"author":[{"embeddable":true,"href":"https:\/\/ipatingafc.com.br\/index.php\/wp-json\/wp\/v2\/users\/2"}],"replies":[{"embeddable":true,"href":"https:\/\/ipatingafc.com.br\/index.php\/wp-json\/wp\/v2\/comments?post=16113"}],"version-history":[{"count":0,"href":"https:\/\/ipatingafc.com.br\/index.php\/wp-json\/wp\/v2\/posts\/16113\/revisions"}],"wp:attachment":[{"href":"https:\/\/ipatingafc.com.br\/index.php\/wp-json\/wp\/v2\/media?parent=16113"}],"wp:term":[{"taxonomy":"category","embeddable":true,"href":"https:\/\/ipatingafc.com.br\/index.php\/wp-json\/wp\/v2\/categories?post=16113"},{"taxonomy":"post_tag","embeddable":true,"href":"https:\/\/ipatingafc.com.br\/index.php\/wp-json\/wp\/v2\/tags?post=16113"}],"curies":[{"name":"wp","href":"https:\/\/api.w.org\/{rel}","templated":true}]}}