{"id":16114,"date":"2024-11-27T03:32:04","date_gmt":"2024-11-27T06:32:04","guid":{"rendered":"https:\/\/ipatingafc.com.br\/index.php\/2024\/11\/27\/exposicao-um-pouco-de-mim-e-atracao-gratuita-no-patio-ciane-shopping-a-partir-de-1o-de-dezembro-agencia-de-noticias\/"},"modified":"2024-11-27T03:32:04","modified_gmt":"2024-11-27T06:32:04","slug":"exposicao-um-pouco-de-mim-e-atracao-gratuita-no-patio-ciane-shopping-a-partir-de-1o-de-dezembro-agencia-de-noticias","status":"publish","type":"post","link":"https:\/\/ipatingafc.com.br\/index.php\/2024\/11\/27\/exposicao-um-pouco-de-mim-e-atracao-gratuita-no-patio-ciane-shopping-a-partir-de-1o-de-dezembro-agencia-de-noticias\/","title":{"rendered":"Exposi\u00e7\u00e3o \u201cUm pouco de mim\u201d \u00e9 atra\u00e7\u00e3o gratuita no P\u00e1tio Cian\u00ea Shopping a partir de 1\u00ba de dezembro \u2013 Ag\u00eancia de Not\u00edcias"},"content":{"rendered":"<p><\/p>\n<div wp_automatic_readability=\"31\">\n<div class=\"col\" wp_automatic_readability=\"7\">\n<p class=\"mt-0\">\n                        <strong><br \/>\n                            <span class=\"far fa-calendar mr-1 mt-2\"\/><br \/>\n                            26 de novembro de 2024<br \/>\n                            <span class=\"far fa-clock ml-3 mt-2\"\/><br \/>\n                            16:55<br \/>\n                        <\/strong>\n                    <\/p>\n<p class=\"mb-0\">Por: <strong>Michelle Alves<\/strong><\/p>\n<\/p><\/div>\n<\/p><\/div>\n<div wp_automatic_readability=\"95\">\n<p>A exposi\u00e7\u00e3o \u201cUm pouco de mim\u201d, do pintor Leandro Portella, poder\u00e1 ser conferida a partir do pr\u00f3ximo domingo (1\u00ba), no P\u00e1tio Cian\u00ea Shopping, no Centro de Sorocaba. A mostra gratuita poder\u00e1 ser vista no Bloco B do empreendimento, no Piso 1, at\u00e9 o dia 31 de dezembro.<\/p>\n<p>\u00a0<\/p>\n<p>Ser\u00e3o expostas 20 obras feitas em acr\u00edlico sobre tela, por Leandro Portella que ficou tetrapl\u00e9gico aos 17 anos de idade. Desde ent\u00e3o, ele busca superar in\u00fameras barreiras. \u201cMinha hist\u00f3ria poderia ser apenas inspiradora, mas talvez seja mais do que isso. Mostra que viver vale muito a pena, mesmo quando a vida me desafia todos os dias\u201d, conta.<\/p>\n<p>\u00a0<\/p>\n<p>Em 21 de janeiro de 1999, ele estava em Ubatuba, acompanhado da fam\u00edlia e de amigos em uma viagem de f\u00e9rias. Ao mergulhar na praia, ele encontrou um banco de areia, onde se chocou e quebrou o pesco\u00e7o.<\/p>\n<p>\u00a0<\/p>\n<p>Assim, Leandro ficou tetrapl\u00e9gico e depende de assist\u00eancia 24 horas por dia. Essa situa\u00e7\u00e3o poderia parecer o fim, mas foi o come\u00e7o de uma nova vida, com novos desafios.<\/p>\n<p>\u00a0<\/p>\n<p>Ap\u00f3s o acidente que tirou quase todos os seus movimentos, foi com um pincel na boca que Leandro buscou na arte uma forma real de expressar o que sente, come\u00e7ando, ent\u00e3o, a sua hist\u00f3ria de supera\u00e7\u00e3o.<\/p>\n<p>\u00a0<\/p>\n<p>\u201cUm pouco de mim\u201d poder\u00e1 ser conferida de segunda a s\u00e1bado, das 10h \u00e0s 22h, e aos domingos, das 12h \u00e0s 20h. O P\u00e1tio Cian\u00ea Shopping est\u00e1 localizado na Avenida Afonso Vergueiro, 823, no Centro, ao lado do Terminal Santo Ant\u00f4nio.<\/p>\n<p>\u00a0<\/p>\n<p><strong>Dia Internacional da Pessoa com Defici\u00eancia<\/strong><\/p>\n<p>\u00a0<\/p>\n<p>No dia 3 de dezembro \u00e9 celebrado o Dia Internacional da Pessoa com Defici\u00eancia, uma data proclamada pela Organiza\u00e7\u00e3o das Na\u00e7\u00f5es Unidas (ONU), em 1992. O objetivo do ato \u00e9 conscientizar a sociedade sobre os direitos das pessoas com defici\u00eancia, promover a inclus\u00e3o e a igualdade de oportunidades.<\/p>\n<p>\u00a0<\/p>\n<p>A data tamb\u00e9m serve para celebrar as conquistas das pessoas com defici\u00eancia e para mobilizar a defesa do seu bem-estar e dignidade.<\/p>\n<div class=\"pms-galeria\" itemscope=\"\" itemtype=\"http:\/\/schema.org\/ImageGallery\">\n<p>\t\t<span itemprop=\"caption description\" style=\"display: none;\"\/><\/p>\n<p>\t\t<span itemprop=\"caption description\" style=\"display: none;\"\/><\/p><\/div>\n<p><!-- Root element of PhotoSwipe. Must have class pswp. --><\/p><\/div>\n","protected":false},"excerpt":{"rendered":"<p>26 de novembro de 2024 16:55 Por: Michelle Alves A exposi\u00e7\u00e3o \u201cUm pouco de mim\u201d,&#8230;<\/p>\n","protected":false},"author":2,"featured_media":0,"comment_status":"","ping_status":"","sticky":false,"template":"","format":"standard","meta":{"footnotes":""},"categories":[2],"tags":[],"class_list":["post-16114","post","type-post","status-publish","format-standard","hentry","category-jogos-ao-vivo"],"amp_enabled":true,"_links":{"self":[{"href":"https:\/\/ipatingafc.com.br\/index.php\/wp-json\/wp\/v2\/posts\/16114","targetHints":{"allow":["GET"]}}],"collection":[{"href":"https:\/\/ipatingafc.com.br\/index.php\/wp-json\/wp\/v2\/posts"}],"about":[{"href":"https:\/\/ipatingafc.com.br\/index.php\/wp-json\/wp\/v2\/types\/post"}],"author":[{"embeddable":true,"href":"https:\/\/ipatingafc.com.br\/index.php\/wp-json\/wp\/v2\/users\/2"}],"replies":[{"embeddable":true,"href":"https:\/\/ipatingafc.com.br\/index.php\/wp-json\/wp\/v2\/comments?post=16114"}],"version-history":[{"count":0,"href":"https:\/\/ipatingafc.com.br\/index.php\/wp-json\/wp\/v2\/posts\/16114\/revisions"}],"wp:attachment":[{"href":"https:\/\/ipatingafc.com.br\/index.php\/wp-json\/wp\/v2\/media?parent=16114"}],"wp:term":[{"taxonomy":"category","embeddable":true,"href":"https:\/\/ipatingafc.com.br\/index.php\/wp-json\/wp\/v2\/categories?post=16114"},{"taxonomy":"post_tag","embeddable":true,"href":"https:\/\/ipatingafc.com.br\/index.php\/wp-json\/wp\/v2\/tags?post=16114"}],"curies":[{"name":"wp","href":"https:\/\/api.w.org\/{rel}","templated":true}]}}