{"id":16124,"date":"2024-11-27T15:20:40","date_gmt":"2024-11-27T18:20:40","guid":{"rendered":"https:\/\/ipatingafc.com.br\/index.php\/2024\/11\/27\/mais-de-50-empresas-e-instituicoes-receberao-o-selo-da-diversidade-abdias-do-nascimento-prefeitura-da-cidade-do-rio-de-janeiro\/"},"modified":"2024-11-27T15:20:40","modified_gmt":"2024-11-27T18:20:40","slug":"mais-de-50-empresas-e-instituicoes-receberao-o-selo-da-diversidade-abdias-do-nascimento-prefeitura-da-cidade-do-rio-de-janeiro","status":"publish","type":"post","link":"https:\/\/ipatingafc.com.br\/index.php\/2024\/11\/27\/mais-de-50-empresas-e-instituicoes-receberao-o-selo-da-diversidade-abdias-do-nascimento-prefeitura-da-cidade-do-rio-de-janeiro\/","title":{"rendered":"Mais de 50 empresas e institui\u00e7\u00f5es receber\u00e3o o Selo da Diversidade Abdias do Nascimento &#8211; Prefeitura da Cidade do Rio de Janeiro"},"content":{"rendered":"<p><\/p>\n<div id=\"main\">\n<div class=\"wrapper-breadcrumbs\" wp_automatic_readability=\"41.043539325843\">\n<div class=\"image-post\">\n                                       <\/div>\n<p>As empresas e institui\u00e7\u00f5es que fazem a diferen\u00e7a quando o assunto \u00e9 diversidade e inclus\u00e3o ser\u00e3o premiadas nesta quinta-feira (28\/11) com o Selo da Diversidade Abdias do Nascimento, a partir das 18h, no Museu da Hist\u00f3ria e da Cultura Afro-Brasileira (Muhcab), na Gamboa. Com a iniciativa, a Prefeitura do Rio, por meio da Secretaria Municipal de Trabalho e Renda (SMTE), pretende reconhecer o trabalho de quem defende e pratica a diversidade e incentivar empresas, \u00f3rg\u00e3os da administra\u00e7\u00e3o p\u00fablica, entidades privadas e institui\u00e7\u00f5es da sociedade civil a adotar pol\u00edticas de inclus\u00e3o e de redu\u00e7\u00e3o das desigualdades em seus ambientes de trabalho.<\/p>\n<p>Nesta segunda edi\u00e7\u00e3o do pr\u00eamio, ser\u00e3o 53 agraciados nas categorias \u00e9tnica, racial, religiosa, et\u00e1ria e de g\u00eanero. S\u00e3o 14 empresas, 12 \u00f3rg\u00e3os governamentais e 27 organiza\u00e7\u00f5es do terceiro setor. No dia 30 de novembro do ano passado, 34 institui\u00e7\u00f5es (p\u00fablicas, privadas e do terceiro setor) receberam o selo durante cerim\u00f4nia realizada no Theatro Municipal, na Cinel\u00e2ndia.<\/p>\n<blockquote wp_automatic_readability=\"13\">\n<p>\u2013 \u00c9 muito importante valorizarmos empresas, movimentos negros e LGBTQIA+, entidades religiosas e parceiros institucionais que est\u00e3o alinhados com princ\u00edpios democr\u00e1ticos. O decreto do prefeito Eduardo Paes que regulamentou o Selo da Diversidade Abdias do Nascimento mostra o nosso firme compromisso com a valoriza\u00e7\u00e3o e a promo\u00e7\u00e3o da diversidade racial, social e inclusiva nos ambientes de trabalho. Por isso, este pr\u00eamio \u00e9 t\u00e3o significativo para n\u00f3s \u2013 explicou o secret\u00e1rio municipal de Trabalho e Renda, Everton Gomes.<\/p>\n<\/blockquote>\n<p>Entre outros, ser\u00e3o premiados o Supermercado Zona Sul, o Observat\u00f3rio Internacional da Juventude e a Riotur. O selo da Diversidade Abdias do Nascimento \u00e9 uma homenagem da SMTE ao professor, ator, escritor, pol\u00edtico e um dos maiores defensores dos direitos civis e humanos das popula\u00e7\u00f5es negras brasileiras.<\/p>\n<p>\u00a0<\/p>\n<p><strong>Servi\u00e7o<\/strong><\/p>\n<p>Evento:\u00a0Cerim\u00f4nia de Entrega do Selo da Diversidade Abdias do Nascimento<br \/>Local: Museu da Hist\u00f3ria e da Cultura Afro-Brasileira (Muhcab)<br \/>Endere\u00e7o:\u00a0Pedro Ernesto, 80, Gamboa<br \/>Hora: 18h<\/p>\n<p>             <!-- Compartilhe ---><\/p>\n<p>\t\t\t <!-- TAGS --><\/p>\n<section class=\"category-tags\">\n<article class=\"tags\">\n\t\t\t\t\tMarca\u00e7\u00f5es: Diversidade e inclus\u00e3o Prefeitura do Rio Selo da Diversidade Abdias do Nascimento<br \/><\/article>\n<\/section>\n<p>            <!-- Mais Not&iacute;cias --><\/p>\n<p>\t\t<!-- Conte&uacute;do SIDEBAR --><\/p><\/div>\n<\/p><\/div>\n","protected":false},"excerpt":{"rendered":"<p>As empresas e institui\u00e7\u00f5es que fazem a diferen\u00e7a quando o assunto \u00e9 diversidade e inclus\u00e3o&#8230;<\/p>\n","protected":false},"author":2,"featured_media":0,"comment_status":"","ping_status":"","sticky":false,"template":"","format":"standard","meta":{"footnotes":""},"categories":[2],"tags":[],"class_list":["post-16124","post","type-post","status-publish","format-standard","hentry","category-jogos-ao-vivo"],"amp_enabled":true,"_links":{"self":[{"href":"https:\/\/ipatingafc.com.br\/index.php\/wp-json\/wp\/v2\/posts\/16124","targetHints":{"allow":["GET"]}}],"collection":[{"href":"https:\/\/ipatingafc.com.br\/index.php\/wp-json\/wp\/v2\/posts"}],"about":[{"href":"https:\/\/ipatingafc.com.br\/index.php\/wp-json\/wp\/v2\/types\/post"}],"author":[{"embeddable":true,"href":"https:\/\/ipatingafc.com.br\/index.php\/wp-json\/wp\/v2\/users\/2"}],"replies":[{"embeddable":true,"href":"https:\/\/ipatingafc.com.br\/index.php\/wp-json\/wp\/v2\/comments?post=16124"}],"version-history":[{"count":0,"href":"https:\/\/ipatingafc.com.br\/index.php\/wp-json\/wp\/v2\/posts\/16124\/revisions"}],"wp:attachment":[{"href":"https:\/\/ipatingafc.com.br\/index.php\/wp-json\/wp\/v2\/media?parent=16124"}],"wp:term":[{"taxonomy":"category","embeddable":true,"href":"https:\/\/ipatingafc.com.br\/index.php\/wp-json\/wp\/v2\/categories?post=16124"},{"taxonomy":"post_tag","embeddable":true,"href":"https:\/\/ipatingafc.com.br\/index.php\/wp-json\/wp\/v2\/tags?post=16124"}],"curies":[{"name":"wp","href":"https:\/\/api.w.org\/{rel}","templated":true}]}}