{"id":16131,"date":"2024-11-27T20:03:53","date_gmt":"2024-11-27T23:03:53","guid":{"rendered":"https:\/\/ipatingafc.com.br\/index.php\/2024\/11\/27\/rio-e-niteroi-apresentam-sua-postulacao-conjunta-a-sede-do-pan-2031-para-a-panam-sports-prefeitura-da-cidade-do-rio-de-janeiro\/"},"modified":"2024-11-27T20:03:53","modified_gmt":"2024-11-27T23:03:53","slug":"rio-e-niteroi-apresentam-sua-postulacao-conjunta-a-sede-do-pan-2031-para-a-panam-sports-prefeitura-da-cidade-do-rio-de-janeiro","status":"publish","type":"post","link":"https:\/\/ipatingafc.com.br\/index.php\/2024\/11\/27\/rio-e-niteroi-apresentam-sua-postulacao-conjunta-a-sede-do-pan-2031-para-a-panam-sports-prefeitura-da-cidade-do-rio-de-janeiro\/","title":{"rendered":"Rio e Niter\u00f3i apresentam sua postula\u00e7\u00e3o conjunta \u00e0 sede do Pan 2031 para a Panam Sports &#8211; Prefeitura da Cidade do Rio de Janeiro"},"content":{"rendered":"<p><\/p>\n<div id=\"main\">\n<div class=\"wrapper-breadcrumbs\" wp_automatic_readability=\"54.885204081633\">\n<div class=\"image-post\" wp_automatic_readability=\"33\">\n                     O Est\u00e1dio Nilton Santos j\u00e1 foi utilizado no Pan 2007 e na Rio 2016 &#8211; Fabio Motta\/Prefeitura do Rio                  <\/div>\n<p>As cidades do Rio de Janeiro e Niter\u00f3i deram mais um passo para obterem sucesso na postula\u00e7\u00e3o \u00e0 sede dos Jogos Pan-Americanos de 2031. Na manh\u00e3 desta quarta-feira (27\/11), o prefeito carioca Eduardo Paes e o prefeito niteroiense eleito Rodrigo Neves apresentaram a inten\u00e7\u00e3o da candidatura conjunta das cidades para o presidente da Panam Sports, Neven Ilic. Tamb\u00e9m participaram da videoconfer\u00eancia os vice-prefeitos eleitos do Rio e Niter\u00f3i, Eduardo Cavaliere e Isabel Swan, respectivamente, al\u00e9m do secret\u00e1rio de Esportes carioca, Guilherme Schleder, e da secret\u00e1ria geral da Panam Sports, Jimena Salda\u00f1a.<\/p>\n<blockquote wp_automatic_readability=\"11\">\n<p>\u2013 A nossa candidatura n\u00e3o \u00e9 uma aventura. Estamos falando da uni\u00e3o de duas das mais importantes cidades do Brasil para realizar o Pan-Americano. Temos plena confian\u00e7a no sucesso e vamos demonstrar a nossa capacidade conjunta em realizar grandes eventos, como j\u00e1 fizemos com o Pan 2007, a Copa 2014, al\u00e9m dos Jogos Ol\u00edmpicos e Paral\u00edmpicos Rio 2016 \u2013 disse Eduardo Paes.<\/p>\n<\/blockquote>\n<p>A Panam Sports \u00e9 a respons\u00e1vel pela realiza\u00e7\u00e3o dos Jogos Pan-Americanos e, em Assembleia Geral no pr\u00f3ximo ano, far\u00e1 a escolha da sede do evento em 2031. Durante a reuni\u00e3o, Paes e Neves explicaram ao dirigente esportivo o projeto de dividir a sede entre ambas as cidades e informaram que, na pr\u00f3xima semana, apresentar\u00e3o oficialmente ao Comit\u00ea Ol\u00edmpico do Brasil (COB) a carta de candidatura.<\/p>\n<blockquote wp_automatic_readability=\"10\">\n<p>\u2013 Tivemos uma reuni\u00e3o muito produtiva com dirigentes do Comit\u00ea Ol\u00edmpico do Brasil e da Panam Sports (Organiza\u00e7\u00e3o Desportiva Pan-americana). Na pr\u00f3xima semana, vamos formalizar a carta de inten\u00e7\u00e3o. Ser\u00e1 muito bom para o Brasil, para o esporte e o desenvolvimento de nossas cidades e do Estado do Rio \u2013 afirmou Neves.<\/p>\n<\/blockquote>\n<p>Ap\u00f3s a entrega da carta, competir\u00e1 ao COB formular o procedimento de escolha do representante brasileiro na disputa pela sede do Pan 2031. Cada pa\u00eds pode apresentar somente uma candidatura e, al\u00e9m do Rio\/Niter\u00f3i, S\u00e3o Paulo j\u00e1 oficializou sua postula\u00e7\u00e3o para organizar o evento continental.<\/p>\n<p>O COB tem at\u00e9 o dia 31 de janeiro de 2025 para apresentar a candidatura brasileira \u00e0 entidade continental. E a escolha da sede ocorrer\u00e1 na Assembleia Geral da Panam Sports, durante a realiza\u00e7\u00e3o dos Jogos Pan-Americanos J\u00fanior, em Assun\u00e7\u00e3o, no Paraguai, em agosto de 2025.<\/p>\n<p>Na semana passada, Paes e Neves j\u00e1 se reuniram por videoconfer\u00eancia com o presidente do COB, Paulo Wanderley, e com o presidente eleito da entidade Marco La Porta, que assumir\u00e1 a entidade em janeiro.<\/p>\n<p>Na ocasi\u00e3o, os representantes de Rio e Niter\u00f3i tamb\u00e9m apresentaram a inten\u00e7\u00e3o da candidatura conjunta, que foi bem recebida por ambos os dirigentes esportivos.<\/p>\n<p>             <!-- Compartilhe ---><\/p>\n<p>\t\t\t <!-- TAGS --><\/p>\n<section class=\"category-tags\">\n<div class=\"marcacao-category\">\n<article class=\"category-post\">\n<p>Categoria: <\/p>\n<\/article>\n<li>27 de novembro de 2024<\/li><\/div>\n<article class=\"tags\">\n\t\t\t\t\tMarca\u00e7\u00f5es: Candidatura Jogos Pan-Americanos Panam Sports Prefeitura de Niter\u00f3i Prefeitura do Rio<br \/><\/article>\n<\/section>\n<p>            <!-- Mais Not&iacute;cias --><\/p>\n<p>\t\t<!-- Conte&uacute;do SIDEBAR --><\/p><\/div>\n<\/p><\/div>\n","protected":false},"excerpt":{"rendered":"<p>O Est\u00e1dio Nilton Santos j\u00e1 foi utilizado no Pan 2007 e na Rio 2016 &#8211;&#8230;<\/p>\n","protected":false},"author":2,"featured_media":0,"comment_status":"","ping_status":"","sticky":false,"template":"","format":"standard","meta":{"footnotes":""},"categories":[2],"tags":[],"class_list":["post-16131","post","type-post","status-publish","format-standard","hentry","category-jogos-ao-vivo"],"amp_enabled":true,"_links":{"self":[{"href":"https:\/\/ipatingafc.com.br\/index.php\/wp-json\/wp\/v2\/posts\/16131","targetHints":{"allow":["GET"]}}],"collection":[{"href":"https:\/\/ipatingafc.com.br\/index.php\/wp-json\/wp\/v2\/posts"}],"about":[{"href":"https:\/\/ipatingafc.com.br\/index.php\/wp-json\/wp\/v2\/types\/post"}],"author":[{"embeddable":true,"href":"https:\/\/ipatingafc.com.br\/index.php\/wp-json\/wp\/v2\/users\/2"}],"replies":[{"embeddable":true,"href":"https:\/\/ipatingafc.com.br\/index.php\/wp-json\/wp\/v2\/comments?post=16131"}],"version-history":[{"count":0,"href":"https:\/\/ipatingafc.com.br\/index.php\/wp-json\/wp\/v2\/posts\/16131\/revisions"}],"wp:attachment":[{"href":"https:\/\/ipatingafc.com.br\/index.php\/wp-json\/wp\/v2\/media?parent=16131"}],"wp:term":[{"taxonomy":"category","embeddable":true,"href":"https:\/\/ipatingafc.com.br\/index.php\/wp-json\/wp\/v2\/categories?post=16131"},{"taxonomy":"post_tag","embeddable":true,"href":"https:\/\/ipatingafc.com.br\/index.php\/wp-json\/wp\/v2\/tags?post=16131"}],"curies":[{"name":"wp","href":"https:\/\/api.w.org\/{rel}","templated":true}]}}