{"id":16137,"date":"2024-11-27T23:59:20","date_gmt":"2024-11-28T02:59:20","guid":{"rendered":"https:\/\/ipatingafc.com.br\/index.php\/2024\/11\/27\/jardim-botanico-irmaos-villas-boas-realiza-visita-guiada-com-profissionais-da-saude-e-promove-integracao-com-o-clube-de-jardinagem\/"},"modified":"2024-11-27T23:59:20","modified_gmt":"2024-11-28T02:59:20","slug":"jardim-botanico-irmaos-villas-boas-realiza-visita-guiada-com-profissionais-da-saude-e-promove-integracao-com-o-clube-de-jardinagem","status":"publish","type":"post","link":"https:\/\/ipatingafc.com.br\/index.php\/2024\/11\/27\/jardim-botanico-irmaos-villas-boas-realiza-visita-guiada-com-profissionais-da-saude-e-promove-integracao-com-o-clube-de-jardinagem\/","title":{"rendered":"Jardim Bot\u00e2nico \u201cIrm\u00e3os Villas-B\u00f4as\u201d realiza visita guiada com profissionais da sa\u00fade e promove integra\u00e7\u00e3o com o Clube de Jardinagem"},"content":{"rendered":"<p><\/p>\n<div wp_automatic_readability=\"31\">\n<div class=\"col\" wp_automatic_readability=\"7\">\n<p class=\"mt-0\">\n                        <strong><br \/>\n                            <span class=\"far fa-calendar mr-1 mt-2\"\/><br \/>\n                            27 de novembro de 2024<br \/>\n                            <span class=\"far fa-clock ml-3 mt-2\"\/><br \/>\n                            15:15<br \/>\n                        <\/strong>\n                    <\/p>\n<p class=\"mb-0\">Por: <strong>Michelle Alves<\/strong><\/p>\n<\/p><\/div>\n<\/p><\/div>\n<div wp_automatic_readability=\"72.6976\">\n<figure id=\"attachment_147979\" aria-describedby=\"caption-attachment-147979\" style=\"width: 1024px\" class=\"wp-caption aligncenter\"><figcaption id=\"caption-attachment-147979\" class=\"wp-caption-text\">Fotos: Jardim Bot\u00e2nico \u2013 Sema<\/figcaption><\/figure>\n<p>O Jardim Bot\u00e2nico \u201cIrm\u00e3os Villas-B\u00f4as\u201d recebeu, nesta quarta-feira (27), cerca de 30 visitantes para uma visita guiada especial. O grupo, formado por representantes e profissionais de sa\u00fade das Unidades B\u00e1sicas de Sa\u00fade Ulisses Guimar\u00e3es, Vit\u00f3ria R\u00e9gia, Habiteto e Paineiras, incluindo enfermeiros, agentes comunit\u00e1rios de sa\u00fade, farmac\u00eauticos, fisioterapeutas e mun\u00edcipes participantes dos grupos das unidades, bem como o Jardim Terap\u00eautico e Grupo de Dor, participou da atividade com o objetivo de conhecer o espa\u00e7o e explorar as possibilidades de uso para iniciativas de educa\u00e7\u00e3o ambiental e promo\u00e7\u00e3o de sa\u00fade.<\/p>\n<p>\u00a0<\/p>\n<p>Durante a visita, os participantes aprenderam sobre a fun\u00e7\u00e3o do Jardim Bot\u00e2nico e sua import\u00e2ncia para a conserva\u00e7\u00e3o da biodiversidade. Eles tamb\u00e9m tiveram a oportunidade de conhecer de perto algumas das cole\u00e7\u00f5es bot\u00e2nicas, formadas por \u00e1rvores brasileiras, orqu\u00eddeas e plantas medicinais, ampliando o entendimento sobre os benef\u00edcios das plantas para a sa\u00fade e o para o meio ambiente.<\/p>\n<p>\u00a0<\/p>\n<p>Um destaque especial foi o momento de integra\u00e7\u00e3o com o Clube de Jardinagem, que estava presente no local, para seu encontro semanal. Durante a intera\u00e7\u00e3o, tanto os visitantes quanto os membros do clube demonstraram interesse em planejar atividades conjuntas no futuro, fomentando a troca de conhecimentos e o fortalecimento das pr\u00e1ticas relacionadas \u00e0 sustentabilidade e ao uso das plantas medicinais.<\/p>\n<p>\u00a0<\/p>\n<p>A a\u00e7\u00e3o reflete o compromisso do Jardim Bot\u00e2nico em ser um espa\u00e7o de aprendizado e conex\u00e3o com a natureza, refor\u00e7ando sua relev\u00e2ncia como ponto de encontro para diversas iniciativas da comunidade.<\/p>\n<p>\u00a0<\/p>\n<p>O Jardim Bot\u00e2nico est\u00e1 localizado na Rua Miguel Montoro Lozano, 340, no Jardim Dois Cora\u00e7\u00f5es. Mais informa\u00e7\u00f5es podem ser obtidas pelo e-mail: jardimbotanico@sorocaba.sp.gov.br.<\/p>\n<p><!-- Root element of PhotoSwipe. Must have class pswp. --><\/p><\/div>\n","protected":false},"excerpt":{"rendered":"<p>27 de novembro de 2024 15:15 Por: Michelle Alves Fotos: Jardim Bot\u00e2nico \u2013 Sema O&#8230;<\/p>\n","protected":false},"author":2,"featured_media":0,"comment_status":"","ping_status":"","sticky":false,"template":"","format":"standard","meta":{"footnotes":""},"categories":[2],"tags":[],"class_list":["post-16137","post","type-post","status-publish","format-standard","hentry","category-jogos-ao-vivo"],"amp_enabled":true,"_links":{"self":[{"href":"https:\/\/ipatingafc.com.br\/index.php\/wp-json\/wp\/v2\/posts\/16137","targetHints":{"allow":["GET"]}}],"collection":[{"href":"https:\/\/ipatingafc.com.br\/index.php\/wp-json\/wp\/v2\/posts"}],"about":[{"href":"https:\/\/ipatingafc.com.br\/index.php\/wp-json\/wp\/v2\/types\/post"}],"author":[{"embeddable":true,"href":"https:\/\/ipatingafc.com.br\/index.php\/wp-json\/wp\/v2\/users\/2"}],"replies":[{"embeddable":true,"href":"https:\/\/ipatingafc.com.br\/index.php\/wp-json\/wp\/v2\/comments?post=16137"}],"version-history":[{"count":0,"href":"https:\/\/ipatingafc.com.br\/index.php\/wp-json\/wp\/v2\/posts\/16137\/revisions"}],"wp:attachment":[{"href":"https:\/\/ipatingafc.com.br\/index.php\/wp-json\/wp\/v2\/media?parent=16137"}],"wp:term":[{"taxonomy":"category","embeddable":true,"href":"https:\/\/ipatingafc.com.br\/index.php\/wp-json\/wp\/v2\/categories?post=16137"},{"taxonomy":"post_tag","embeddable":true,"href":"https:\/\/ipatingafc.com.br\/index.php\/wp-json\/wp\/v2\/tags?post=16137"}],"curies":[{"name":"wp","href":"https:\/\/api.w.org\/{rel}","templated":true}]}}