{"id":16168,"date":"2024-11-28T17:26:40","date_gmt":"2024-11-28T20:26:40","guid":{"rendered":"https:\/\/ipatingafc.com.br\/index.php\/2024\/11\/28\/programacao-globo-hoje-sexta-29-11-e-amanha\/"},"modified":"2024-11-28T17:26:40","modified_gmt":"2024-11-28T20:26:40","slug":"programacao-globo-hoje-sexta-29-11-e-amanha","status":"publish","type":"post","link":"https:\/\/ipatingafc.com.br\/index.php\/2024\/11\/28\/programacao-globo-hoje-sexta-29-11-e-amanha\/","title":{"rendered":"Programa\u00e7\u00e3o Globo HOJE Sexta (29\/11) E AMANH\u00c3"},"content":{"rendered":"<p><\/p>\n<div wp_automatic_readability=\"78.113170731707\">\n<p>A Rede Globo de Televis\u00e3o divulgou sua grade desta<strong> semana. FILMES, NOVELAS E JORNALISMO<\/strong>\u00a0e toda a grade de programa\u00e7\u00e3o <strong>de hoje, 29\/11.<\/strong><\/p>\n<p>Sexta-feira, 29\/11\/2024<\/p>\n<p>04:00 Hora Um<\/p>\n<p>06:00 Bom Dia Pra\u00e7a<\/p>\n<p>08:30 Bom Dia Brasil<\/p>\n<p>09:30 Encontro Com Patr\u00edcia Poeta<\/p>\n<p>10:35 Mais Voc\u00ea<\/p>\n<p>11:45 Pra\u00e7a TV \u2013 1\u00aa Edi\u00e7\u00e3o<\/p>\n<p>13:05 Globo Esporte<\/p>\n<p>13:25 Jornal Hoje<\/p>\n<p>14:45 Edi\u00e7\u00e3o Especial \u2013 Cabocla<\/p>\n<p>15:25 Sess\u00e3o da Tarde \u2013 No Ritmo da F\u00e9<\/p>\n<p>17:05 Vale a Pena Ver de Novo \u2013 Alma G\u00eamea<\/p>\n<p>18:25 Garota do Momento<\/p>\n<p>19:10 Pra\u00e7a TV \u2013 2\u00aa Edi\u00e7\u00e3o<\/p>\n<p>19:45 Volta Por Cima<\/p>\n<p>20:30 Jornal Nacional<\/p>\n<p>21:25 Mania de Voc\u00ea<\/p>\n<p>22:30 Globo Rep\u00f3rter<\/p>\n<p>23:25 The Taste Brasil<\/p>\n<p>00:20 Jornal da Globo<\/p>\n<p>01:10 Conversa com Bial<\/p>\n<p>01:50 Volta Por Cima<\/p>\n<p>02:25 Com\u00e9dia Na Madruga I<\/p>\n<p>03:05 Coruj\u00e3o I \u2013 O Beijo No Asfalto<\/p>\n<p>\u00a0<\/p>\n<p><strong>Grade de Programa\u00e7\u00e3o da Globo para Sexta-feira, 29\/11\/2024<\/strong><\/p>\n<p>A Rede Globo preparou uma programa\u00e7\u00e3o diversificada para esta sexta-feira, come\u00e7ando \u00e0s 04h00 com o <strong>Hora Um<\/strong>, um informativo que antecipa os principais acontecimentos do dia. \u00c0s 06h00, o <strong>Bom Dia Pra\u00e7a<\/strong> destaca as not\u00edcias locais, seguido pelo <strong>Bom Dia Brasil<\/strong> \u00e0s 08h30, com foco em not\u00edcias nacionais e internacionais.<\/p>\n<p>A manh\u00e3 segue com o <strong>Encontro com Patr\u00edcia Poeta<\/strong> \u00e0s 09h30, abordando temas do cotidiano e entrevistas especiais, enquanto o <strong>Mais Voc\u00ea<\/strong> (10h35) traz receitas e hist\u00f3rias inspiradoras. O telejornal <strong>Pra\u00e7a TV \u2013 1\u00aa Edi\u00e7\u00e3o<\/strong> (11h45) e o <strong>Globo Esporte<\/strong> (13h05) atualizam o p\u00fablico sobre not\u00edcias locais e esportivas, respectivamente, antes do <strong>Jornal Hoje<\/strong> (13h25).<\/p>\n<p>\u00c0 tarde, a novela <strong>Cabocla<\/strong> (14h45) ocupa a faixa da <em>Edi\u00e7\u00e3o Especial<\/em>, seguida pela <strong>Sess\u00e3o da Tarde<\/strong>, que exibir\u00e1 o filme <em>No Ritmo da F\u00e9<\/em> (15h25). Mais tarde, a cl\u00e1ssica novela <strong>Alma G\u00eamea<\/strong> (17h05) encanta o p\u00fablico no <em>Vale a Pena Ver de Novo<\/em>.<\/p>\n<p>\u00c0 noite, a trama in\u00e9dita <strong>Volta Por Cima<\/strong> (19h45) e o <strong>Jornal Nacional<\/strong> (20h30) preparam o p\u00fablico para mais um cap\u00edtulo de <strong>Mania de Voc\u00ea<\/strong> (21h25). Em seguida, o <strong>Globo Rep\u00f3rter<\/strong> (22h30) apresenta reportagens investigativas, e o reality culin\u00e1rio <strong>The Taste Brasil<\/strong> (23h25) traz desafios emocionantes.<\/p>\n<p>Para encerrar a noite, o <strong>Jornal da Globo<\/strong> (00h20) traz as \u00faltimas not\u00edcias, seguido do <strong>Conversa com Bial<\/strong> (01h10) e reprises como <strong>Volta Por Cima<\/strong> (01h50) e <strong>Com\u00e9dia na Madruga<\/strong> (02h25). O dia termina com o filme <em>O Beijo No Asfalto<\/em> no <strong>Coruj\u00e3o I<\/strong> (03h05).<\/p>\n<p>Essa programa\u00e7\u00e3o reflete a variedade de conte\u00fados da Globo, que busca atender todos os gostos e hor\u00e1rios.<\/p>\n<p><!-- CONTENT END 2 --><\/p><\/div>\n","protected":false},"excerpt":{"rendered":"<p>A Rede Globo de Televis\u00e3o divulgou sua grade desta semana. FILMES, NOVELAS E JORNALISMO\u00a0e toda&#8230;<\/p>\n","protected":false},"author":2,"featured_media":0,"comment_status":"","ping_status":"","sticky":false,"template":"","format":"standard","meta":{"footnotes":""},"categories":[2],"tags":[],"class_list":["post-16168","post","type-post","status-publish","format-standard","hentry","category-jogos-ao-vivo"],"amp_enabled":true,"_links":{"self":[{"href":"https:\/\/ipatingafc.com.br\/index.php\/wp-json\/wp\/v2\/posts\/16168","targetHints":{"allow":["GET"]}}],"collection":[{"href":"https:\/\/ipatingafc.com.br\/index.php\/wp-json\/wp\/v2\/posts"}],"about":[{"href":"https:\/\/ipatingafc.com.br\/index.php\/wp-json\/wp\/v2\/types\/post"}],"author":[{"embeddable":true,"href":"https:\/\/ipatingafc.com.br\/index.php\/wp-json\/wp\/v2\/users\/2"}],"replies":[{"embeddable":true,"href":"https:\/\/ipatingafc.com.br\/index.php\/wp-json\/wp\/v2\/comments?post=16168"}],"version-history":[{"count":0,"href":"https:\/\/ipatingafc.com.br\/index.php\/wp-json\/wp\/v2\/posts\/16168\/revisions"}],"wp:attachment":[{"href":"https:\/\/ipatingafc.com.br\/index.php\/wp-json\/wp\/v2\/media?parent=16168"}],"wp:term":[{"taxonomy":"category","embeddable":true,"href":"https:\/\/ipatingafc.com.br\/index.php\/wp-json\/wp\/v2\/categories?post=16168"},{"taxonomy":"post_tag","embeddable":true,"href":"https:\/\/ipatingafc.com.br\/index.php\/wp-json\/wp\/v2\/tags?post=16168"}],"curies":[{"name":"wp","href":"https:\/\/api.w.org\/{rel}","templated":true}]}}