{"id":16442,"date":"2024-12-06T16:22:11","date_gmt":"2024-12-06T19:22:11","guid":{"rendered":"https:\/\/ipatingafc.com.br\/index.php\/2024\/12\/06\/saude-promove-dia-d-da-campanha-dezembro-vermelho-neste-sabado-prefeitura-da-cidade-do-rio-de-janeiro\/"},"modified":"2024-12-06T16:22:11","modified_gmt":"2024-12-06T19:22:11","slug":"saude-promove-dia-d-da-campanha-dezembro-vermelho-neste-sabado-prefeitura-da-cidade-do-rio-de-janeiro","status":"publish","type":"post","link":"https:\/\/ipatingafc.com.br\/index.php\/2024\/12\/06\/saude-promove-dia-d-da-campanha-dezembro-vermelho-neste-sabado-prefeitura-da-cidade-do-rio-de-janeiro\/","title":{"rendered":"Sa\u00fade promove Dia D da campanha Dezembro Vermelho neste s\u00e1bado &#8211; Prefeitura da Cidade do Rio de Janeiro"},"content":{"rendered":"<p><\/p>\n<div id=\"main\">\n<div class=\"wrapper-breadcrumbs\" wp_automatic_readability=\"29.528576499823\">\n<p>A Secretaria Municipal de Sa\u00fade do Rio (SMS) realiza o Dia D da campanha Dezembro Vermelho neste s\u00e1bado (7\/12), nas 239 unidades de Aten\u00e7\u00e3o Prim\u00e1ria \u00e0 Sa\u00fade (APS). Das 8h \u00e0s 12h, as cl\u00ednicas da fam\u00edlia e centros municipais de sa\u00fade distribu\u00eddos no munic\u00edpio v\u00e3o intensificar a\u00e7\u00f5es voltadas para o cuidado de HIV e outras infec\u00e7\u00f5es sexualmente transmiss\u00edveis (ISTs).<\/p>\n<blockquote wp_automatic_readability=\"14\">\n<p>\u2013 Em dezembro, intensificamos as a\u00e7\u00f5es de conscientiza\u00e7\u00e3o sobre o HIV\/AIDS e infec\u00e7\u00f5es sexualmente transmiss\u00edveis. As ISTs s\u00e3o um problema de sa\u00fade p\u00fablica relevante e a Secretaria Municipal de Sa\u00fade do Rio mant\u00e9m esfor\u00e7os constantes para o seu controle. As unidades municipais disp\u00f5em de equipes aptas a orientar para a preven\u00e7\u00e3o, diagnosticar precocemente e oferecer tratamento adequado. Tamb\u00e9m dispomos do Centro de Preven\u00e7\u00e3o Combinada, que disponibiliza PrEP e outros m\u00e9todos de domingo a domingo, e o Centro Especializado em Infectologia, para o tratamento desses pacientes \u2013 disse o secret\u00e1rio municipal de Sa\u00fade, Daniel Soranz.<\/p>\n<\/blockquote>\n<p>Oferta de testagem para ISTs, m\u00e9todos contraceptivos, Profilaxia Pr\u00e9-Exposi\u00e7\u00e3o (PrEP) e Profilaxia P\u00f3s-Exposi\u00e7\u00e3o (PEP), vacina\u00e7\u00e3o, orienta\u00e7\u00f5es sobre sa\u00fade e preven\u00e7\u00e3o, dentre outras atividades educativas, estar\u00e3o dispon\u00edveis para os usu\u00e1rios de suas respectivas unidades.<\/p>\n<blockquote wp_automatic_readability=\"14\">\n<p>\u2013 A Aten\u00e7\u00e3o Prim\u00e1ria \u00e0 Sa\u00fade tem um cont\u00ednuo e relevante trabalho que acontece em todos os meses do ano. \u00c9 muito importante que a popula\u00e7\u00e3o, de maneira geral, entenda a necessidade e realize os testes r\u00e1pidos a cada seis meses, se for sexualmente ativo, ou pelo menos uma vez por ano \u2013\u00a0 afirmou a superintendente de APS, Larissa Terrezo, que tamb\u00e9m destacou a responsabilidade social de reduzir o estigma e preconceito das ISTs para que as pessoas se sintam confort\u00e1veis dentro do seu lugar de espa\u00e7o de cuidado.<\/p>\n<\/blockquote>\n<p>Para encontrar a unidade de refer\u00eancia mais pr\u00f3xima de sua resid\u00eancia, acesse a plataforma Onde ser atendido, dispon\u00edvel no link.<\/p>\n<p>             <!-- Compartilhe ---><\/p>\n<p>\t\t\t <!-- TAGS --><\/p>\n<section class=\"category-tags\">\n<div class=\"marcacao-category\">\n<article class=\"category-post\">\n<p>Categoria: <\/p>\n<\/article>\n<li>6 de dezembro de 2024<\/li><\/div>\n<article class=\"tags\">\n\t\t\t\t\tMarca\u00e7\u00f5es: aten\u00e7\u00e3o prim\u00e1ria sa\u00fade Centros Municipais de Sa\u00fade Cidade cl\u00ednica da fam\u00edlia Dezembro Vermelho Dia D IST sa\u00fade<br \/><\/article>\n<\/section>\n<p>            <!-- Mais Not&iacute;cias --><\/p>\n<p>\t\t<!-- Conte&uacute;do SIDEBAR --><\/p><\/div>\n<\/p><\/div>\n","protected":false},"excerpt":{"rendered":"<p>A Secretaria Municipal de Sa\u00fade do Rio (SMS) realiza o Dia D da campanha Dezembro&#8230;<\/p>\n","protected":false},"author":2,"featured_media":0,"comment_status":"","ping_status":"","sticky":false,"template":"","format":"standard","meta":{"footnotes":""},"categories":[2],"tags":[],"class_list":["post-16442","post","type-post","status-publish","format-standard","hentry","category-jogos-ao-vivo"],"amp_enabled":true,"_links":{"self":[{"href":"https:\/\/ipatingafc.com.br\/index.php\/wp-json\/wp\/v2\/posts\/16442","targetHints":{"allow":["GET"]}}],"collection":[{"href":"https:\/\/ipatingafc.com.br\/index.php\/wp-json\/wp\/v2\/posts"}],"about":[{"href":"https:\/\/ipatingafc.com.br\/index.php\/wp-json\/wp\/v2\/types\/post"}],"author":[{"embeddable":true,"href":"https:\/\/ipatingafc.com.br\/index.php\/wp-json\/wp\/v2\/users\/2"}],"replies":[{"embeddable":true,"href":"https:\/\/ipatingafc.com.br\/index.php\/wp-json\/wp\/v2\/comments?post=16442"}],"version-history":[{"count":0,"href":"https:\/\/ipatingafc.com.br\/index.php\/wp-json\/wp\/v2\/posts\/16442\/revisions"}],"wp:attachment":[{"href":"https:\/\/ipatingafc.com.br\/index.php\/wp-json\/wp\/v2\/media?parent=16442"}],"wp:term":[{"taxonomy":"category","embeddable":true,"href":"https:\/\/ipatingafc.com.br\/index.php\/wp-json\/wp\/v2\/categories?post=16442"},{"taxonomy":"post_tag","embeddable":true,"href":"https:\/\/ipatingafc.com.br\/index.php\/wp-json\/wp\/v2\/tags?post=16442"}],"curies":[{"name":"wp","href":"https:\/\/api.w.org\/{rel}","templated":true}]}}