{"id":16651,"date":"2024-12-13T01:34:57","date_gmt":"2024-12-13T04:34:57","guid":{"rendered":"https:\/\/ipatingafc.com.br\/index.php\/2024\/12\/13\/casal-de-comerciantes-desaparecido-em-santa-catarina-e-encontrado\/"},"modified":"2024-12-13T01:34:57","modified_gmt":"2024-12-13T04:34:57","slug":"casal-de-comerciantes-desaparecido-em-santa-catarina-e-encontrado","status":"publish","type":"post","link":"https:\/\/ipatingafc.com.br\/index.php\/2024\/12\/13\/casal-de-comerciantes-desaparecido-em-santa-catarina-e-encontrado\/","title":{"rendered":"Casal de Comerciantes Desaparecido em Santa Catarina \u00e9 encontrado"},"content":{"rendered":"<p><\/p>\n<div wp_automatic_readability=\"79.8432304038\">\n<p><strong>Caso do Casal de Comerciantes Desaparecido em Santa Catarina: Detalhes e Desdobramentos<\/strong><\/p>\n<p>O desaparecimento de <strong>Valter Agostinho de Faria Junior<\/strong>, de 62 anos, e <strong>Araceli Cristina Zanella<\/strong>, de 46 anos, trouxe como\u00e7\u00e3o e mist\u00e9rio \u00e0 cidade de Bigua\u00e7u, na Grande Florian\u00f3polis. O casal, que gerenciava um estabelecimento comercial na regi\u00e3o, foi visto pela \u00faltima vez no dia 11 de novembro de 2024. Desde ent\u00e3o, as investiga\u00e7\u00f5es apontam para um poss\u00edvel desfecho tr\u00e1gico, envolvendo crime por disputa de aluguel.<\/p>\n<h3><strong>O Que Se Sabe At\u00e9 Agora<\/strong><\/h3>\n<p>De acordo com as autoridades, Valter e Araceli teriam ido ao encontro de inquilinos em um im\u00f3vel que funcionava como bar, mas nunca retornaram. A investiga\u00e7\u00e3o liderada pelo delegado Anselmo Cruz indica que uma discuss\u00e3o sobre aluguel teria motivado o crime, que incluiu <strong>sequestro, roubo e estelionato<\/strong>.<\/p>\n<p>Os suspeitos teriam realizado transa\u00e7\u00f5es ilegais utilizando cart\u00f5es e contas banc\u00e1rias das v\u00edtimas, agravando ainda mais o caso. At\u00e9 o momento, seis pessoas foram presas sob suspeita de envolvimento no desaparecimento, mas nenhuma confessou o crime ou forneceu informa\u00e7\u00f5es sobre o paradeiro dos corpos.<\/p>\n<h3><strong>Buscas e Investiga\u00e7\u00f5es<\/strong><\/h3>\n<p>As buscas permanecem intensas nas \u00e1reas de mata pr\u00f3ximas a <strong>Bigua\u00e7u<\/strong> e <strong>S\u00e3o Jos\u00e9<\/strong>, onde acredita-se que os corpos possam ter sido enterrados. Apesar dos esfor\u00e7os da pol\u00edcia, as pistas ainda s\u00e3o limitadas. Uma s\u00e9tima pessoa envolvida no caso permanece foragida, dificultando os avan\u00e7os na investiga\u00e7\u00e3o.<\/p>\n<h3><strong>Hist\u00f3ria do Casal<\/strong><\/h3>\n<p>Valter e Araceli estavam juntos h\u00e1 cinco anos. Ela havia se mudado para Bigua\u00e7u para viver com Valter, que se preparava para aproveitar a aposentadoria no litoral catarinense. O casal administrava um com\u00e9rcio local, fechado pouco antes do desaparecimento.<\/p>\n<p>O relacionamento do casal e seus planos para o futuro foram interrompidos por uma disputa que culminou em trag\u00e9dia. Amigos e familiares t\u00eam demonstrado solidariedade e aguardam ansiosamente por respostas.<\/p>\n<h3><strong>Repercuss\u00e3o e Esperan\u00e7a por Justi\u00e7a<\/strong><\/h3>\n<p>O caso ganhou grande repercuss\u00e3o local, mobilizando a comunidade e as autoridades. O delegado Cruz refor\u00e7ou que a equipe policial continuar\u00e1 empenhada em solucionar o mist\u00e9rio e encontrar os respons\u00e1veis.<\/p>\n<p>Enquanto isso, a fam\u00edlia das v\u00edtimas enfrenta um momento de dor e incerteza, buscando for\u00e7as para lidar com as circunst\u00e2ncias. A comunidade de Bigua\u00e7u tamb\u00e9m tem expressado apoio e espera por justi\u00e7a, na esperan\u00e7a de que o caso seja esclarecido e os culpados responsabilizados.<\/p>\n<p>Este triste epis\u00f3dio ressalta a import\u00e2ncia de investiga\u00e7\u00f5es r\u00e1pidas e eficazes em casos de desaparecimento, al\u00e9m de refor\u00e7ar a necessidade de preven\u00e7\u00e3o e resolu\u00e7\u00e3o de conflitos de forma pac\u00edfica.<\/p>\n<p><!-- CONTENT END 2 --><\/p><\/div>\n","protected":false},"excerpt":{"rendered":"<p>Caso do Casal de Comerciantes Desaparecido em Santa Catarina: Detalhes e Desdobramentos O desaparecimento de&#8230;<\/p>\n","protected":false},"author":2,"featured_media":0,"comment_status":"","ping_status":"","sticky":false,"template":"","format":"standard","meta":{"footnotes":""},"categories":[2],"tags":[],"class_list":["post-16651","post","type-post","status-publish","format-standard","hentry","category-jogos-ao-vivo"],"amp_enabled":true,"_links":{"self":[{"href":"https:\/\/ipatingafc.com.br\/index.php\/wp-json\/wp\/v2\/posts\/16651","targetHints":{"allow":["GET"]}}],"collection":[{"href":"https:\/\/ipatingafc.com.br\/index.php\/wp-json\/wp\/v2\/posts"}],"about":[{"href":"https:\/\/ipatingafc.com.br\/index.php\/wp-json\/wp\/v2\/types\/post"}],"author":[{"embeddable":true,"href":"https:\/\/ipatingafc.com.br\/index.php\/wp-json\/wp\/v2\/users\/2"}],"replies":[{"embeddable":true,"href":"https:\/\/ipatingafc.com.br\/index.php\/wp-json\/wp\/v2\/comments?post=16651"}],"version-history":[{"count":0,"href":"https:\/\/ipatingafc.com.br\/index.php\/wp-json\/wp\/v2\/posts\/16651\/revisions"}],"wp:attachment":[{"href":"https:\/\/ipatingafc.com.br\/index.php\/wp-json\/wp\/v2\/media?parent=16651"}],"wp:term":[{"taxonomy":"category","embeddable":true,"href":"https:\/\/ipatingafc.com.br\/index.php\/wp-json\/wp\/v2\/categories?post=16651"},{"taxonomy":"post_tag","embeddable":true,"href":"https:\/\/ipatingafc.com.br\/index.php\/wp-json\/wp\/v2\/tags?post=16651"}],"curies":[{"name":"wp","href":"https:\/\/api.w.org\/{rel}","templated":true}]}}