{"id":16804,"date":"2024-12-17T17:21:34","date_gmt":"2024-12-17T20:21:34","guid":{"rendered":"https:\/\/ipatingafc.com.br\/index.php\/2024\/12\/17\/sorocaba-reune-municipios-da-regiao-metropolitana-para-a-1a-oficina-regional-de-gerenciamento-de-risco-sanitario-agencia-de-noticias\/"},"modified":"2024-12-17T17:21:34","modified_gmt":"2024-12-17T20:21:34","slug":"sorocaba-reune-municipios-da-regiao-metropolitana-para-a-1a-oficina-regional-de-gerenciamento-de-risco-sanitario-agencia-de-noticias","status":"publish","type":"post","link":"https:\/\/ipatingafc.com.br\/index.php\/2024\/12\/17\/sorocaba-reune-municipios-da-regiao-metropolitana-para-a-1a-oficina-regional-de-gerenciamento-de-risco-sanitario-agencia-de-noticias\/","title":{"rendered":"Sorocaba re\u00fane munic\u00edpios da Regi\u00e3o Metropolitana para a 1\u00aa Oficina Regional de Gerenciamento de Risco Sanit\u00e1rio \u2013 Ag\u00eancia de Not\u00edcias"},"content":{"rendered":"<p><\/p>\n<div wp_automatic_readability=\"31\">\n<div class=\"col\" wp_automatic_readability=\"7\">\n<p class=\"mt-0\">\n                        <strong><br \/>\n                            <span class=\"far fa-calendar mr-1 mt-2\"\/><br \/>\n                            17 de dezembro de 2024<br \/>\n                            <span class=\"far fa-clock ml-3 mt-2\"\/><br \/>\n                            17:04<br \/>\n                        <\/strong>\n                    <\/p>\n<p class=\"mb-0\">Por: <strong>Evelyn Azevedo<\/strong><\/p>\n<\/p><\/div>\n<\/p><\/div>\n<div wp_automatic_readability=\"77\">\n<p>A Prefeitura de Sorocaba, por meio da Vigil\u00e2ncia Sanit\u00e1ria, da Secretaria de Sa\u00fade (SES), em parceria com o Grupo de Vigil\u00e2ncia Sanit\u00e1ria Estadual (GVS), reuniu nesta ter\u00e7a-feira (17), os munic\u00edpios da Regi\u00e3o Metropolitana de Sorocaba (RMS) para a 1\u00aa Oficina Regional de Gerenciamento de Risco Sanit\u00e1rio.<\/p>\n<p>O encontro aconteceu em um espa\u00e7o de eventos na Avenida Roberto S\u00edmonsen, no Jardim Santa Ros\u00e1lia, com a presen\u00e7a de representantes dos munic\u00edpios que contaram com palestras acerca do assunto. O objetivo da iniciativa \u00e9 fortalecer as a\u00e7\u00f5es da Vigil\u00e2ncia Sanit\u00e1ria e proporcionar um ambiente com troca de experi\u00eancias e conhecimento entre os profissionais.<\/p>\n<p>\u201cEstamos muito felizes de compartilhar este momento com parceiros da vigil\u00e2ncia, uma iniciativa muito importante e que colabora para o aperfei\u00e7oamento dos servi\u00e7os que s\u00e3o desenvolvidos pelas equipes\u201d, destacou a diretora do Conselho de Secret\u00e1rios Municipais de Sa\u00fade do Estado de S\u00e3o Paulo (COSEMS) e secret\u00e1ria municipal da Sa\u00fade do munic\u00edpio de Ara\u00e7oiaba da Serra (SP), Marli Rodrigues de Oliveira.<\/p>\n<p>A oficina contou com palestras sobre \u201cVigil\u00e2ncia Sanit\u00e1ria: inserida (e enxerida) em diversos contextos\u201d, ministrada por Luiz Ant\u00f4nio Dias Quit\u00e9rio, do N\u00facleo T\u00e9cnico de Planejamento do Centro de Vigil\u00e2ncia Sanit\u00e1ria; \u201cPlanejamento e Programa\u00e7\u00e3o das a\u00e7\u00f5es de Vigil\u00e2ncia Sanit\u00e1ria com base no risco e no territ\u00f3rio: da teoria \u00e0 pr\u00e1tica\u201d, \u201cVigil\u00e2ncia Sanit\u00e1ria como parte integrante da Vigil\u00e2ncia em Sa\u00fade\u201d e \u201cVigil\u00e2ncia Sanit\u00e1ria e aten\u00e7\u00e3o prim\u00e1ria \u00e0 sa\u00fade: como trabalhar de forma integrada\u201d, ministradas por Maria Thereza J. Campos Vicentine, gestora da Vigil\u00e2ncia Sanit\u00e1ria Municipal de Pinhais (PR) e criadora da p\u00e1gina @simplificavisa; \u201cPoder de Pol\u00edcia: Potencialidades e Desafios\u201d, ministrada por Lilyan Cristina Rocha, diretora t\u00e9cnica do Grupo de Vigil\u00e2ncia Sanit\u00e1ria Regional de Botucatu; e a palestra \u201cVigil\u00e2ncia Sanit\u00e1ria: Realidade Regional\u201d, ministrada por Ros\u00e2ngela Aparecida Malavazi, do Grupo de Vigil\u00e2ncia Sanit\u00e1ria XXXI Sorocaba.<\/p>\n<p>\u201c\u00c9 um imenso prazer sediar uma oficina t\u00e3o importante para a sa\u00fade da popula\u00e7\u00e3o. Essa \u00e9 a oportunidade dos nossos profissionais aprimorarem seus conhecimentos por meio da troca de informa\u00e7\u00f5es, uma viv\u00eancia valiosa que colabora para o avan\u00e7o desse servi\u00e7o em toda regi\u00e3o\u201d, concluiu o secret\u00e1rio da SES, Dr. Cl\u00e1udio Pompeo.<\/p>\n<p><!-- Root element of PhotoSwipe. Must have class pswp. --><\/p><\/div>\n","protected":false},"excerpt":{"rendered":"<p>17 de dezembro de 2024 17:04 Por: Evelyn Azevedo A Prefeitura de Sorocaba, por meio&#8230;<\/p>\n","protected":false},"author":2,"featured_media":0,"comment_status":"","ping_status":"","sticky":false,"template":"","format":"standard","meta":{"footnotes":""},"categories":[2],"tags":[],"class_list":["post-16804","post","type-post","status-publish","format-standard","hentry","category-jogos-ao-vivo"],"amp_enabled":true,"_links":{"self":[{"href":"https:\/\/ipatingafc.com.br\/index.php\/wp-json\/wp\/v2\/posts\/16804","targetHints":{"allow":["GET"]}}],"collection":[{"href":"https:\/\/ipatingafc.com.br\/index.php\/wp-json\/wp\/v2\/posts"}],"about":[{"href":"https:\/\/ipatingafc.com.br\/index.php\/wp-json\/wp\/v2\/types\/post"}],"author":[{"embeddable":true,"href":"https:\/\/ipatingafc.com.br\/index.php\/wp-json\/wp\/v2\/users\/2"}],"replies":[{"embeddable":true,"href":"https:\/\/ipatingafc.com.br\/index.php\/wp-json\/wp\/v2\/comments?post=16804"}],"version-history":[{"count":0,"href":"https:\/\/ipatingafc.com.br\/index.php\/wp-json\/wp\/v2\/posts\/16804\/revisions"}],"wp:attachment":[{"href":"https:\/\/ipatingafc.com.br\/index.php\/wp-json\/wp\/v2\/media?parent=16804"}],"wp:term":[{"taxonomy":"category","embeddable":true,"href":"https:\/\/ipatingafc.com.br\/index.php\/wp-json\/wp\/v2\/categories?post=16804"},{"taxonomy":"post_tag","embeddable":true,"href":"https:\/\/ipatingafc.com.br\/index.php\/wp-json\/wp\/v2\/tags?post=16804"}],"curies":[{"name":"wp","href":"https:\/\/api.w.org\/{rel}","templated":true}]}}