{"id":16809,"date":"2024-12-17T19:04:40","date_gmt":"2024-12-17T22:04:40","guid":{"rendered":"https:\/\/ipatingafc.com.br\/index.php\/2024\/12\/17\/sessao-da-tarde-exibe-hoje-terca-17-12-na-globo-uma-segunda-chance-para-amar\/"},"modified":"2024-12-17T19:04:40","modified_gmt":"2024-12-17T22:04:40","slug":"sessao-da-tarde-exibe-hoje-terca-17-12-na-globo-uma-segunda-chance-para-amar","status":"publish","type":"post","link":"https:\/\/ipatingafc.com.br\/index.php\/2024\/12\/17\/sessao-da-tarde-exibe-hoje-terca-17-12-na-globo-uma-segunda-chance-para-amar\/","title":{"rendered":"Sess\u00e3o da Tarde exibe Hoje Ter\u00e7a (17\/12) na Globo? Uma Segunda Chance Para Amar"},"content":{"rendered":"<p><\/p>\n<div wp_automatic_readability=\"87.697160883281\">\n<p>COnfira a programa\u00e7\u00e3o da Globo\u00a0 <strong>hoje, 17\/12\/<\/strong><strong>2024 e que horas come\u00e7am os filmes de hoje.\u00a0<\/strong><\/p>\n<p><strong>Ter\u00e7a-feira, 17\/12\/2024<\/strong><\/p>\n<p>Sess\u00e3o da Tarde<\/p>\n<p>Uma Segunda Chance Para Amar<\/p>\n<p>T\u00edtulo Original: Last Christmas<\/p>\n<p>Pa\u00eds de Origem: Americana<\/p>\n<p>Ano de Produ\u00e7\u00e3o: 2019<\/p>\n<p>Diretor: Paul Feig<\/p>\n<p>Elenco: Emma Thompson, Michelle Yeoh, Emilia Clarke, Henry Golding, Lydia<\/p>\n<p>Leonard<\/p>\n<p>Classe: Romance<\/p>\n<p>\u00c0s v\u00e9speras do Natal, Kate n\u00e3o vive um bom momento. Mas, quando conhece<\/p>\n<p>Tom, uma luz parece iluminar o seu caminho e ela d\u00e1 novos prop\u00f3sitos \u00e0 sua<\/p>\n<p>vida.<\/p>\n<p>\u00a0<\/p>\n<p><strong>Ter\u00e7a-feira, 17\/12\/2024<\/strong><\/p>\n<p>Sess\u00e3o da Tarde<\/p>\n<p><strong>Uma Segunda Chance Para Amar<\/strong><\/p>\n<p>T\u00edtulo Original: Last Christmas<\/p>\n<p>Pa\u00eds de Origem: Americana<\/p>\n<p>Ano de Produ\u00e7\u00e3o: 2019<\/p>\n<p>Diretor: Paul Feig<\/p>\n<p>Elenco: Emma Thompson, Michelle Yeoh, Emilia Clarke, Henry Golding, Lydia<\/p>\n<p>Leonard<\/p>\n<p>Classe: Romance<\/p>\n<p>\u00c0s v\u00e9speras do Natal, Kate n\u00e3o vive um bom momento. Mas, quando conhece<\/p>\n<p>Tom, uma luz parece iluminar o seu caminho e ela d\u00e1 novos prop\u00f3sitos \u00e0 sua<\/p>\n<p>vida.<\/p>\n<p>Ter\u00e7a-feira, 17\/12\/2024<\/p>\n<p>04:00 Hora Um<\/p>\n<p>06:00 Bom Dia Pra\u00e7a<\/p>\n<p>08:30 Bom Dia Brasil<\/p>\n<p>09:30 Encontro Com Patr\u00edcia Poeta<\/p>\n<p>10:35 Mais Voc\u00ea<\/p>\n<p>11:45 Pra\u00e7a TV \u2013 1\u00aa Edi\u00e7\u00e3o<\/p>\n<p>13:00 Globo Esporte<\/p>\n<p>13:25 Jornal Hoje<\/p>\n<p>14:45 Edi\u00e7\u00e3o Especial \u2013 Cabocla<\/p>\n<p>15:25 Sess\u00e3o da Tarde \u2013 Uma Segunda Chance Para Amar<\/p>\n<p>17:05 Vale a Pena Ver de Novo \u2013 Tieta<\/p>\n<p>18:25 Garota do Momento<\/p>\n<p>19:10 Pra\u00e7a TV \u2013 2\u00aa Edi\u00e7\u00e3o<\/p>\n<p>19:40 Volta Por Cima<\/p>\n<p>20:30 Jornal Nacional<\/p>\n<p>21:20 Mania de Voc\u00ea<\/p>\n<p>22:25 Rensga Hits!<\/p>\n<p>23:50 Vale o Escrito \u00b1A Guerra do Jogo do Bicho<\/p>\n<p>00:55 Jornal da Globo<\/p>\n<p>01:45 Volta Por Cima<\/p>\n<p>02:30 Com\u00e9dia Na Madruga I<\/p>\n<p>03:20 Com\u00e9dia Na Madruga II<\/p>\n<p><strong>Programa\u00e7\u00e3o da TV Globo: Ter\u00e7a-feira, 17 de dezembro de 2024<\/strong><\/p>\n<p>Confira os destaques da programa\u00e7\u00e3o da TV Globo para esta ter\u00e7a-feira, que traz uma variedade de entretenimento, novelas emocionantes e filmes envolventes para todos os p\u00fablicos.<\/p>\n<hr>\n<h3><strong>Manh\u00e3<\/strong><\/h3>\n<ul>\n<li><strong>04:00 \u2013 Hora Um<\/strong><br \/>Comece o dia com as not\u00edcias mais importantes do Brasil e do mundo.<\/li>\n<li><strong>06:00 \u2013 Bom Dia Pra\u00e7a<\/strong><br \/>Informa\u00e7\u00f5es locais para sua regi\u00e3o, com os fatos que impactam o dia a dia.<\/li>\n<li><strong>08:30 \u2013 Bom Dia Brasil<\/strong><br \/>Um panorama completo das not\u00edcias nacionais e internacionais.<\/li>\n<li><strong>09:30 \u2013 Encontro com Patr\u00edcia Poeta<\/strong><br \/>Um programa din\u00e2mico com debates, entrevistas e entretenimento.<\/li>\n<li><strong>10:35 \u2013 Mais Voc\u00ea<\/strong><br \/>Ana Maria Braga traz dicas, receitas e hist\u00f3rias que inspiram o p\u00fablico.<\/li>\n<li><strong>11:45 \u2013 Pra\u00e7a TV \u2013 1\u00aa Edi\u00e7\u00e3o<\/strong><br \/>Resumo das not\u00edcias regionais no telejornal da manh\u00e3.<\/li>\n<\/ul>\n<hr>\n<h3><strong>Tarde<\/strong><\/h3>\n<ul>\n<li><strong>13:00 \u2013 Globo Esporte<\/strong><br \/>Atualiza\u00e7\u00f5es e an\u00e1lises do mundo esportivo, com foco nos principais campeonatos.<\/li>\n<li><strong>13:25 \u2013 Jornal Hoje<\/strong><br \/>Reportagens detalhadas e os destaques da tarde no Brasil e no exterior.<\/li>\n<li><strong>14:45 \u2013 Edi\u00e7\u00e3o Especial: Cabocla<\/strong><br \/>Reviva momentos marcantes desta novela inesquec\u00edvel.<\/li>\n<li><strong>15:25 \u2013 Sess\u00e3o da Tarde \u2013 <em>Uma Segunda Chance Para Amar<\/em><\/strong><br \/>Uma com\u00e9dia rom\u00e2ntica natalina encantadora:\n<ul>\n<li><strong>T\u00edtulo Original:<\/strong> <em>Last Christmas<\/em><\/li>\n<li><strong>Ano:<\/strong> 2019<\/li>\n<li><strong>Elenco:<\/strong> Emilia Clarke, Henry Golding.<br \/>Kate trabalha como elfo em uma loja tem\u00e1tica de Natal e descobre o amor e novos sentidos para a vida ao conhecer Tom.<\/li>\n<\/ul>\n<\/li>\n<li><strong>17:05 \u2013 Vale a Pena Ver de Novo: <em>Tieta<\/em><\/strong><br \/>A trama continua conquistando o p\u00fablico com a hist\u00f3ria da ousada Tieta.<\/li>\n<li><strong>18:25 \u2013 Garota do Momento<\/strong><br \/>Intrigas e surpresas continuam movimentando a novela das seis.<\/li>\n<\/ul>\n<hr>\n<h3><strong>Noite<\/strong><\/h3>\n<ul>\n<li><strong>19:10 \u2013 Pra\u00e7a TV \u2013 2\u00aa Edi\u00e7\u00e3o<\/strong><br \/>As principais not\u00edcias da noite, com foco nos acontecimentos locais.<\/li>\n<li><strong>19:40 \u2013 Volta Por Cima<\/strong><br \/>A novela das sete segue com suas hist\u00f3rias de supera\u00e7\u00e3o e romance.<\/li>\n<li><strong>20:30 \u2013 Jornal Nacional<\/strong><br \/>William Bonner e Renata Vasconcellos apresentam os acontecimentos mais relevantes do dia.<\/li>\n<li><strong>21:20 \u2013 Mania de Voc\u00ea<\/strong><br \/>A novela das nove promete emo\u00e7\u00f5es e reviravoltas no cap\u00edtulo de hoje.<\/li>\n<li>**22:25 \u2013 <em>Rensga Hits!<\/em><br \/>A s\u00e9rie musical volta para mais um epis\u00f3dio, trazendo os bastidores e dramas do universo sertanejo.<\/li>\n<li><strong>23:50 \u2013 Vale o Escrito: <em>A Guerra do Jogo do Bicho<\/em><\/strong><br \/>Uma an\u00e1lise aprofundada sobre os conflitos e hist\u00f3rias envolvendo o popular jogo clandestino no Brasil.<\/li>\n<\/ul>\n<hr>\n<h3><strong>Madrugada<\/strong><\/h3>\n<ul>\n<li><strong>00:55 \u2013 Jornal da Globo<\/strong><br \/>Not\u00edcias de \u00faltima hora e an\u00e1lises aprofundadas no telejornal noturno.<\/li>\n<li><strong>01:45 \u2013 Volta Por Cima (reprise)<\/strong><br \/>N\u00e3o perca a chance de rever os acontecimentos da novela das sete.<\/li>\n<li><strong>02:30 \u2013 Com\u00e9dia na Madruga I<\/strong><br \/>Momentos de humor e divers\u00e3o para espantar o sono.<\/li>\n<li><strong>03:20 \u2013 Com\u00e9dia na Madruga II<\/strong><br \/>Mais risadas com programas c\u00f4micos na programa\u00e7\u00e3o noturna.<\/li>\n<\/ul>\n<hr>\n<p>N\u00e3o perca seus programas favoritos e aproveite a variedade de conte\u00fados que a Globo preparou para voc\u00ea!<\/p>\n<p><!-- CONTENT END 2 --><\/p><\/div>\n","protected":false},"excerpt":{"rendered":"<p>COnfira a programa\u00e7\u00e3o da Globo\u00a0 hoje, 17\/12\/2024 e que horas come\u00e7am os filmes de hoje.\u00a0&#8230;<\/p>\n","protected":false},"author":2,"featured_media":0,"comment_status":"","ping_status":"","sticky":false,"template":"","format":"standard","meta":{"footnotes":""},"categories":[2],"tags":[],"class_list":["post-16809","post","type-post","status-publish","format-standard","hentry","category-jogos-ao-vivo"],"amp_enabled":true,"_links":{"self":[{"href":"https:\/\/ipatingafc.com.br\/index.php\/wp-json\/wp\/v2\/posts\/16809","targetHints":{"allow":["GET"]}}],"collection":[{"href":"https:\/\/ipatingafc.com.br\/index.php\/wp-json\/wp\/v2\/posts"}],"about":[{"href":"https:\/\/ipatingafc.com.br\/index.php\/wp-json\/wp\/v2\/types\/post"}],"author":[{"embeddable":true,"href":"https:\/\/ipatingafc.com.br\/index.php\/wp-json\/wp\/v2\/users\/2"}],"replies":[{"embeddable":true,"href":"https:\/\/ipatingafc.com.br\/index.php\/wp-json\/wp\/v2\/comments?post=16809"}],"version-history":[{"count":0,"href":"https:\/\/ipatingafc.com.br\/index.php\/wp-json\/wp\/v2\/posts\/16809\/revisions"}],"wp:attachment":[{"href":"https:\/\/ipatingafc.com.br\/index.php\/wp-json\/wp\/v2\/media?parent=16809"}],"wp:term":[{"taxonomy":"category","embeddable":true,"href":"https:\/\/ipatingafc.com.br\/index.php\/wp-json\/wp\/v2\/categories?post=16809"},{"taxonomy":"post_tag","embeddable":true,"href":"https:\/\/ipatingafc.com.br\/index.php\/wp-json\/wp\/v2\/tags?post=16809"}],"curies":[{"name":"wp","href":"https:\/\/api.w.org\/{rel}","templated":true}]}}