{"id":16814,"date":"2024-12-17T22:29:37","date_gmt":"2024-12-18T01:29:37","guid":{"rendered":"https:\/\/ipatingafc.com.br\/index.php\/2024\/12\/17\/ana-beatriz-nogueira-deixa-as-pressas-mania-de-voce-para-priorizar-saude\/"},"modified":"2024-12-17T22:29:37","modified_gmt":"2024-12-18T01:29:37","slug":"ana-beatriz-nogueira-deixa-as-pressas-mania-de-voce-para-priorizar-saude","status":"publish","type":"post","link":"https:\/\/ipatingafc.com.br\/index.php\/2024\/12\/17\/ana-beatriz-nogueira-deixa-as-pressas-mania-de-voce-para-priorizar-saude\/","title":{"rendered":"Ana Beatriz Nogueira Deixa \u00e0s pressas Mania de Voc\u00ea Para Priorizar Sa\u00fade"},"content":{"rendered":"<p><\/p>\n<div wp_automatic_readability=\"390.67320771199\">\n<p><strong>Ana Beatriz Nogueira Deixa \u201cMania de Voc\u00ea\u201d Para Priorizar Sa\u00fade<\/strong><\/p>\n<p>A atriz Ana Beatriz Nogueira, que interpretava Moema na novela <em>Mania de Voc\u00ea<\/em>, precisou deixar o elenco da trama devido a quest\u00f5es de sa\u00fade. Diagnosticada com esclerose m\u00faltipla em 2009, Ana Beatriz enfrentou dificuldades relacionadas \u00e0s altas temperaturas do Rio de Janeiro, agravando os desafios impostos pela sua condi\u00e7\u00e3o.<\/p>\n<p>Em uma mensagem emocionante de despedida, a atriz agradeceu ao p\u00fablico e aos colegas de cena, ressaltando que priorizar a sa\u00fade foi uma decis\u00e3o necess\u00e1ria diante das circunst\u00e2ncias.<\/p>\n<h3><strong>Impacto na Trama<\/strong><\/h3>\n<p>Com a sa\u00edda abrupta de Ana Beatriz, o autor Jo\u00e3o Emanuel Carneiro precisou realizar ajustes significativos no roteiro. Moema, personagem da atriz, desempenhava um papel crucial na hist\u00f3ria como tia e figura materna de Rud\u00e1, interpretado por Nicolas Prattes. Al\u00e9m disso, ela vivia um romance com Nahum (\u00c2ngelo Ant\u00f4nio), representando uma das poucas rela\u00e7\u00f5es leves e positivas na novela, que \u00e9 marcada por conflitos intensos e manipula\u00e7\u00f5es.<\/p>\n<p>Essa altera\u00e7\u00e3o adiciona mais um desafio \u00e0 novela das nove da TV Globo, que j\u00e1 enfrentava dificuldades de audi\u00eancia desde a estreia. A emissora tem feito interven\u00e7\u00f5es para revitalizar a trama e conquistar a aten\u00e7\u00e3o do p\u00fablico.<\/p>\n<h3><strong>A Esclerose M\u00faltipla e Ana Beatriz Nogueira<\/strong><\/h3>\n<p>A esclerose m\u00faltipla \u00e9 uma doen\u00e7a neurol\u00f3gica cr\u00f4nica que afeta o sistema nervoso central, causando sintomas variados, como fadiga, dificuldade de locomo\u00e7\u00e3o e sensibilidade a fatores externos, como o calor. Ana Beatriz, que tem convivido com a condi\u00e7\u00e3o desde 2009, sempre abordou o tema com coragem, inspirando outras pessoas em situa\u00e7\u00f5es semelhantes.<\/p>\n<h3><strong>O Futuro de \u201cMania de Voc\u00ea\u201d<\/strong><\/h3>\n<p>A produ\u00e7\u00e3o da novela agora enfrenta o desafio de dar continuidade ao enredo sem a presen\u00e7a de Moema, uma personagem central. As mudan\u00e7as feitas no roteiro ser\u00e3o decisivas para o desenvolvimento da trama e para a tentativa de reverter os \u00edndices de audi\u00eancia.<\/p>\n<p>Ana Beatriz Nogueira permanece como uma das grandes atrizes brasileiras, e sua sa\u00edda da novela refor\u00e7a a import\u00e2ncia de priorizar a sa\u00fade em qualquer circunst\u00e2ncia. O p\u00fablico e a equipe da produ\u00e7\u00e3o aguardam ansiosamente pela sua recupera\u00e7\u00e3o e pelo seu retorno aos palcos e \u00e0s telas.<\/p>\n<h3>Ap\u00f3s flagra chocante, Berta corta la\u00e7os com \u00cdsis e demite Sirley em <em>Mania de Voc\u00ea<\/em><\/h3>\n<p>Nos pr\u00f3ximos cap\u00edtulos da novela <em>Mania de Voc\u00ea<\/em>, exibida na faixa das nove da TV Globo, os telespectadores presenciar\u00e3o momentos de tens\u00e3o e desdobramentos dram\u00e1ticos nas vidas de Berta (Eliane Giardini), \u00cdsis (Mariana Ximenes) e Sirley (David Junior). A descoberta de segredos devastadores colocar\u00e1 em xeque as rela\u00e7\u00f5es entre a milion\u00e1ria, sua nora e seus empregados.<\/p>\n<h4>Berta descobre trai\u00e7\u00e3o e rompe com \u00cdsis<\/h4>\n<p>A trama toma um rumo intenso quando Berta, ao desabafar sobre seus sentimentos pelo motorista Sirley, confessa \u00e0 nora \u00cdsis que est\u00e1 apaixonada por ele. Por\u00e9m, a tentativa de prote\u00e7\u00e3o de \u00cdsis tem motiva\u00e7\u00f5es ocultas. Alegando que Sirley n\u00e3o \u00e9 confi\u00e1vel, ela busca afastar a sogra de um relacionamento potencialmente desastroso. O que Berta ainda n\u00e3o sabe \u00e9 que Sirley, al\u00e9m de ser casado com Leidi (Thalita Carauta), est\u00e1 envolvido em um golpe para extorquir sua fortuna.<\/p>\n<p>A situa\u00e7\u00e3o foge do controle quando Berta flagra um beijo entre Sirley e \u00cdsis, sentindo-se profundamente tra\u00edda. Ao confrontar a nora, \u00cdsis tenta se justificar, mas suas explica\u00e7\u00f5es n\u00e3o convencem. Berta, indignada, acusa \u00cdsis de manipul\u00e1-la para conquistar o motorista. Em um momento de ruptura, a milion\u00e1ria decide cortar la\u00e7os com a nora e promete assumir o controle da situa\u00e7\u00e3o.<\/p>\n<h4>Sirley \u00e9 demitido e plano de Leidi desmorona<\/h4>\n<p>Em paralelo, o golpe arquitetado por Leidi chega ao fim. A esposa de Sirley, gr\u00e1vida, v\u00ea seu plano de enriquecer por meio de Berta ruir. Ap\u00f3s o casamento de Evelyn (Gi Fernandes) e Tom\u00e1s (Paulo Mendes), a jovem \u00e9 for\u00e7ada a viver em condi\u00e7\u00f5es prec\u00e1rias em uma comunidade, enfrentando dificuldades como o cheiro de esgoto e infesta\u00e7\u00e3o de baratas.<\/p>\n<p>Berta, por sua vez, decide agir com firmeza e anuncia a demiss\u00e3o de Sirley. Em uma conversa carregada de emo\u00e7\u00e3o, a milion\u00e1ria afirma que tomou uma decis\u00e3o definitiva, mas promete honrar seus direitos trabalhistas e at\u00e9 mesmo ajud\u00e1-lo com recomenda\u00e7\u00f5es futuras.<\/p>\n<blockquote wp_automatic_readability=\"12\">\n<p>\u201cMinha decis\u00e3o \u00e9 irrevog\u00e1vel. Pensei muito bem antes de tom\u00e1-la. A gente vai pagar seus direitos tudo certinho, Sirley. Fica tranquilo. Tamb\u00e9m posso lhe recomendar em outros empregos. Mas, por ora\u2026 Pe\u00e7o apenas que saia\u201d, declara Berta, encerrando de vez a rela\u00e7\u00e3o de confian\u00e7a com o motorista.<\/p>\n<\/blockquote>\n<h4>Impacto na trama<\/h4>\n<p>Esses eventos prometem intensificar o drama em <em>Mania de Voc\u00ea<\/em>, revelando segredos sombrios e os desdobramentos emocionais das escolhas dos personagens. A queda de Sirley e Leidi marca um ponto de virada na novela, que continua a explorar os limites das rela\u00e7\u00f5es humanas e as consequ\u00eancias das trai\u00e7\u00f5es.<\/p>\n<h3><strong>O esc\u00e2ndalo na mans\u00e3o de Berta<\/strong><\/h3>\n<p>A cerim\u00f4nia ocorrer\u00e1 na luxuosa mans\u00e3o de Berta (Eliane Giardini), mas ser\u00e1 interrompida pela chegada inesperada da pol\u00edcia. Enquanto os convidados aguardam para comemorar o enlace, agentes entram no local em busca de Marlete. A verdade sobre a impostora ser\u00e1 revelada: Marlete, que se apresentava como Zuleide, \u00e9 uma fugitiva de um hospital psiqui\u00e1trico judici\u00e1rio.<\/p>\n<p>O noivo, Tom\u00e1s, ficar\u00e1 atordoado ao descobrir a identidade da mulher:<\/p>\n<blockquote wp_automatic_readability=\"5\">\n<p>\u201cPor isso que ela ouvia aquelas vozes?\u201d<\/p>\n<\/blockquote>\n<p>Um policial esclarecer\u00e1:<\/p>\n<blockquote wp_automatic_readability=\"6\">\n<p>\u201cO nome dela nem \u00e9 Zuleide, \u00e9 Marlete!\u201d<\/p>\n<\/blockquote>\n<p>A revela\u00e7\u00e3o deixar\u00e1 todos em choque, especialmente Berta, que questionar\u00e1 Evelyn sobre o que sabia da \u201cm\u00e3e\u201d. Confusa, Evelyn alegar\u00e1 que acreditava que Zuleide fosse apenas um dos nomes de Marlete.<\/p>\n<h3><strong>Leidi por tr\u00e1s da den\u00fancia<\/strong><\/h3>\n<p>A respons\u00e1vel por entregar Marlete \u00e0 pol\u00edcia ser\u00e1 Leidi (Thalita Carauta), ex-colega de cela da impostora. Desde o in\u00edcio, Leidi demonstrava desconfian\u00e7a e ambi\u00e7\u00e3o em rela\u00e7\u00e3o ao casamento de Evelyn e Tom\u00e1s. Ao descobrir a verdadeira identidade de Marlete, ela aproveitou a oportunidade para tir\u00e1-la de cena, esperando conquistar mais espa\u00e7o e poder junto a Berta.<\/p>\n<p>Apesar de sua satisfa\u00e7\u00e3o, a atitude de Leidi causar\u00e1 um clima de desconforto entre os convidados, dividindo opini\u00f5es sobre o desfecho do incidente.<\/p>\n<h3><strong>\u00cdsis prop\u00f5e adiar o casamento<\/strong><\/h3>\n<p>A confus\u00e3o dar\u00e1 for\u00e7as para \u00cdsis (Mariana Ximenes), m\u00e3e de Tom\u00e1s e grande opositor do relacionamento do filho com Evelyn. Aproveitando o momento, ela sugerir\u00e1 que o casamento seja adiado:<\/p>\n<blockquote wp_automatic_readability=\"5\">\n<p>\u201cA cerim\u00f4nia perdeu completamente o clima apropriado.\u201d<\/p>\n<\/blockquote>\n<p>Com a celebra\u00e7\u00e3o em suspenso e os \u00e2nimos exaltados, Evelyn e Tom\u00e1s enfrentar\u00e3o novos desafios em sua rela\u00e7\u00e3o, especialmente com a press\u00e3o de Berta e a ambi\u00e7\u00e3o de Leidi interferindo em suas vidas.<\/p>\n<h3><strong>Pr\u00f3ximos desdobramentos<\/strong><\/h3>\n<p>A pris\u00e3o de Marlete promete abrir novas possibilidades para a trama, envolvendo segredos do passado da personagem e o impacto disso na rela\u00e7\u00e3o entre Evelyn e Tom\u00e1s. Continue acompanhando <em>Mania de Voc\u00ea<\/em> para saber como este esc\u00e2ndalo afetar\u00e1 os pr\u00f3ximos cap\u00edtulos!<\/p>\n<p><strong>Helic\u00f3ptero cai no mar e desaparecimento de Viola choca telespectadores em <em>Mania de Voc\u00ea<\/em><\/strong><\/p>\n<p>Nos pr\u00f3ximos cap\u00edtulos da novela <em>Mania de Voc\u00ea<\/em>, exibida no hor\u00e1rio nobre da TV Globo, o p\u00fablico ser\u00e1 impactado por cenas repletas de emo\u00e7\u00e3o e mist\u00e9rio. Viola (Gabz), uma das protagonistas da trama, enfrentar\u00e1 um momento de tens\u00e3o ao desaparecer no mar ap\u00f3s a queda de um helic\u00f3ptero, deixando todos em choque.<\/p>\n<h3><strong>Fuga da emboscada de Mavi<\/strong><\/h3>\n<p>Viola, que j\u00e1 havia sido sequestrada e mantida dopada por Mavi (Chay Suede), tentar\u00e1 escapar de mais uma emboscada preparada por seu perseguidor. A chef estar\u00e1 em um carro de aplicativo a caminho do Rio de Janeiro quando ser\u00e1 cercada pelos capangas de Mavi. Desesperada, ela implorar\u00e1 ao motorista que acelere:<\/p>\n<blockquote wp_automatic_readability=\"7\">\n<p>\u201c\u00c9 uma emboscada! Acelera, d\u00e1 um jeito de sair daqui agora, pelo amor de Deus.\u201d<\/p>\n<\/blockquote>\n<p>Apesar de estar em perigo, Viola conseguir\u00e1 fugir novamente e, em um ato de coragem, pegar\u00e1 a arma de um dos capangas e correr\u00e1 em dire\u00e7\u00e3o a um helic\u00f3ptero estacionado no heliponto mais pr\u00f3ximo.<\/p>\n<h3><strong>O tr\u00e1gico acidente no mar<\/strong><\/h3>\n<p>A bordo do helic\u00f3ptero, Viola acreditar\u00e1 estar finalmente livre de Mavi. No entanto, o piloto perceber\u00e1 problemas na aeronave e informar\u00e1 que est\u00e3o sem combust\u00edvel. Durante uma tempestade intensa, ele perder\u00e1 o controle, e o helic\u00f3ptero cair\u00e1 no mar.<\/p>\n<p>As cenas do acidente prometem ser intensas, com a queda da aeronave em meio \u00e0 chuva e ondas violentas. Ap\u00f3s o impacto, apenas o corpo do piloto ser\u00e1 localizado. Viola ser\u00e1 dada como desaparecida, e as buscas por seu corpo mobilizar\u00e3o equipes de resgate.<\/p>\n<h3><strong>Como\u00e7\u00e3o e mist\u00e9rio<\/strong><\/h3>\n<p>A not\u00edcia do desaparecimento de Viola chegar\u00e1 at\u00e9 Hugo (Danilo Grangheia), que ser\u00e1 informado por um bombeiro:<\/p>\n<blockquote wp_automatic_readability=\"6\">\n<p>\u201cN\u00e3o encontramos o corpo da senhorita Viola ainda. As buscas v\u00e3o continuar durante todo o dia de hoje.\u201d<\/p>\n<\/blockquote>\n<p>O desaparecimento da personagem abrir\u00e1 espa\u00e7o para v\u00e1rias teorias na trama. Estar\u00e1 Viola realmente morta ou conseguir\u00e1 sobreviver ao acidente de maneira milagrosa?<\/p>\n<h3><strong>Pr\u00f3ximos desdobramentos<\/strong><\/h3>\n<p>O acidente de Viola promete ser um dos momentos mais emocionantes de <em>Mania de Voc\u00ea<\/em>, deixando os telespectadores ansiosos pelos pr\u00f3ximos cap\u00edtulos. A trama se aprofunda em temas como trai\u00e7\u00e3o, sobreviv\u00eancia e a for\u00e7a da protagonista em enfrentar os obst\u00e1culos impostos por Mavi.<\/p>\n<p>Continue acompanhando a novela para descobrir o destino de Viola e os desdobramentos dessa hist\u00f3ria emocionante!<\/p>\n<p><strong>Mania de Voc\u00ea: Enterro de Mavi e Vingan\u00e7a de Volney Agitam a Trama das 21h<\/strong><\/p>\n<p>A novela <em>Mania de Voc\u00ea<\/em>, exibida na TV Globo, tem sido um sucesso de audi\u00eancia no hor\u00e1rio nobre. Com reviravoltas emocionantes e uma narrativa envolvente, a trama promete momentos de alta tens\u00e3o e drama nos pr\u00f3ximos epis\u00f3dios.<\/p>\n<h3><strong>Mavi e o Desfecho Surpreendente<\/strong><\/h3>\n<p>Nos pr\u00f3ximos cap\u00edtulos, os telespectadores ser\u00e3o impactados com o enterro de Mavi, personagem que esteve no centro de v\u00e1rios conflitos na hist\u00f3ria. Apesar do mist\u00e9rio em torno das circunst\u00e2ncias de sua morte, os spoilers indicam que este evento marcar\u00e1 uma virada significativa na novela, com personagens pr\u00f3ximos dela enfrentando grandes desafios emocionais.<\/p>\n<h3><strong>A Vingan\u00e7a de Volney<\/strong><\/h3>\n<p>Outro ponto alto ser\u00e1 a vingan\u00e7a de Volney, que promete incendiar os \u00e2nimos. Movido por ressentimentos acumulados, ele colocar\u00e1 em pr\u00e1tica um plano para acertar contas com aqueles que o prejudicaram. A intensidade de suas a\u00e7\u00f5es promete deixar o p\u00fablico ansioso para os pr\u00f3ximos desdobramentos.<\/p>\n<h3><strong>Novela Repleta de Emo\u00e7\u00f5es e Surpresas<\/strong><\/h3>\n<p>A trama de <em>Mania de Voc\u00ea<\/em> tem se destacado por trazer reviravoltas impactantes, romances intensos e conflitos bem elaborados. Com um elenco de peso e dire\u00e7\u00e3o primorosa, a novela continua conquistando o p\u00fablico e mantendo altos \u00edndices de audi\u00eancia.<\/p>\n<h3><strong>Fique Por Dentro<\/strong><\/h3>\n<p>Para n\u00e3o perder nenhum detalhe sobre <em>Mania de Voc\u00ea<\/em> e outras produ\u00e7\u00f5es da TV Globo, acompanhe as atualiza\u00e7\u00f5es nas redes sociais e nos portais de entretenimento como o Metr\u00f3poles. Os pr\u00f3ximos cap\u00edtulos prometem ainda mais surpresas e emo\u00e7\u00f5es para os f\u00e3s da novela.<\/p>\n<p><strong>Mania de Voc\u00ea: Mist\u00e9rio Envolve a Morte de M\u00e9rcia e Luma se Torna Principal Suspeita<\/strong><\/p>\n<p>Nos pr\u00f3ximos cap\u00edtulos de <em>Mania de Voc\u00ea<\/em>, a trama promete surpreender os telespectadores com um acontecimento chocante: a morte misteriosa de M\u00e9rcia. A descoberta do corpo da personagem marcar\u00e1 um ponto de virada na novela, trazendo suspense e intriga para a hist\u00f3ria.<\/p>\n<h3>A Morte de M\u00e9rcia<\/h3>\n<p>A not\u00edcia do falecimento de M\u00e9rcia deixar\u00e1 todos abalados, especialmente porque as circunst\u00e2ncias de sua morte ser\u00e3o envoltas em mist\u00e9rio. Conhecida por seus conflitos e segredos, a personagem acumulava inimigos ao longo da trama, tornando o desfecho ainda mais intrigante.<\/p>\n<p>\u201cQuem poderia fazer algo t\u00e3o terr\u00edvel? E por qu\u00ea?\u201d, questionar\u00e1 um dos personagens, expressando a perplexidade que tomar\u00e1 conta da novela. A partir desse momento, uma investiga\u00e7\u00e3o ser\u00e1 iniciada, e as suspeitas come\u00e7ar\u00e3o a surgir.<\/p>\n<h3>Luma Sob os Holofotes<\/h3>\n<p>Entre os personagens que ser\u00e3o alvo de especula\u00e7\u00f5es, Luma rapidamente se destacar\u00e1 como a principal suspeita. Nos dias anteriores ao ocorrido, ela protagonizou v\u00e1rias discuss\u00f5es acaloradas com M\u00e9rcia, o que ser\u00e1 suficiente para levantar hip\u00f3teses sobre um poss\u00edvel ato de vingan\u00e7a.<\/p>\n<p>No entanto, Luma tentar\u00e1 provar sua inoc\u00eancia enquanto enfrenta o julgamento de todos ao seu redor. A personagem se ver\u00e1 em uma batalha para desvendar quem realmente est\u00e1 por tr\u00e1s da morte de M\u00e9rcia, enquanto o p\u00fablico acompanha cada pista que pode mudar o rumo da hist\u00f3ria.<\/p>\n<h3>O Suspense Continua<\/h3>\n<p>Com a revela\u00e7\u00e3o desse mist\u00e9rio, <em>Mania de Voc\u00ea<\/em> prende ainda mais o p\u00fablico, prometendo uma sequ\u00eancia de epis\u00f3dios intensos e cheios de reviravoltas. Quem est\u00e1 por tr\u00e1s do crime? Ser\u00e1 Luma ou outro personagem, aparentemente acima de qualquer suspeita?<\/p>\n<p>Prepare-se para acompanhar essa trama emocionante, que desafiar\u00e1 os limites da lealdade e da verdade. N\u00e3o perca os pr\u00f3ximos cap\u00edtulos de <em>Mania de Voc\u00ea<\/em> e descubra quem est\u00e1 por tr\u00e1s da morte de M\u00e9rcia!<\/p>\n<p><strong>Paulo Miklos \u00e9 Internado em S\u00e3o Paulo em UTI<\/strong><\/p>\n<p>O cantor Paulo Miklos, ex-vocalista da banda Tit\u00e3s, encontra-se internado no Hospital Samaritano, em S\u00e3o Paulo. A informa\u00e7\u00e3o foi confirmada por sua esposa, Renata Galv\u00e3o, que revelou que o estado de sa\u00fade do artista \u00e9 est\u00e1vel e n\u00e3o h\u00e1 motivos para preocupa\u00e7\u00e3o.<\/p>\n<h3><strong>Esclarecimentos sobre o Estado de Sa\u00fade<\/strong><\/h3>\n<p>Renata negou veementemente os rumores de que Miklos teria sido encontrado desacordado em sua resid\u00eancia. \u201cN\u00e3o est\u00e1 acontecendo nada, ele est\u00e1 com uma gastroenterite, s\u00f3 isso. N\u00e3o foi encontrado desacordado em casa, est\u00e1 tudo bem\u201d, declarou em entrevista \u00e0 revista <em>Quem<\/em> nesta quinta-feira (12).<\/p>\n<p>A not\u00edcia inicial, publicada pelo Portal LeoDias, indicava que o quadro do cantor poderia ser mais grave, mas a assessoria de Miklos tratou de corrigir a informa\u00e7\u00e3o, assegurando que o artista est\u00e1 em processo de recupera\u00e7\u00e3o e n\u00e3o apresenta complica\u00e7\u00f5es.<\/p>\n<h3><strong>O Diagn\u00f3stico de Gastroenterite<\/strong><\/h3>\n<p>Paulo Miklos foi diagnosticado com gastroenterite, uma inflama\u00e7\u00e3o que afeta a mucosa do trato digestivo, podendo causar sintomas como diarreia, n\u00e1useas e v\u00f4mitos. Apesar de ser uma condi\u00e7\u00e3o comum, especialmente em crian\u00e7as, a gravidade pode aumentar em adultos se n\u00e3o for tratada rapidamente, devido ao risco de desidrata\u00e7\u00e3o.<\/p>\n<p>O cantor est\u00e1 recebendo cuidados m\u00e9dicos adequados no Hospital Samaritano, que monitora sua evolu\u00e7\u00e3o. Segundo sua equipe, ele j\u00e1 est\u00e1 em processo de cura e deve retornar para casa em breve.<\/p>\n<h3><strong>Apoio dos F\u00e3s e Carreira<\/strong><\/h3>\n<p>Mesmo com a tranquiliza\u00e7\u00e3o feita pela esposa e pela assessoria, os f\u00e3s de Paulo Miklos demonstraram preocupa\u00e7\u00e3o e enviaram mensagens de apoio nas redes sociais. O cantor, que tamb\u00e9m se destaca como ator e apresentador, \u00e9 uma figura querida no cen\u00e1rio cultural brasileiro, sendo lembrado por sua longa trajet\u00f3ria na m\u00fasica com os Tit\u00e3s e por seu trabalho solo.<\/p>\n<h3><strong>Conclus\u00e3o<\/strong><\/h3>\n<p>Com o esclarecimento sobre sua sa\u00fade, a expectativa \u00e9 que Miklos tenha uma recupera\u00e7\u00e3o r\u00e1pida e volte \u00e0s suas atividades habituais. Enquanto isso, sua fam\u00edlia e equipe seguem acompanhando de perto sua recupera\u00e7\u00e3o, agradecendo as demonstra\u00e7\u00f5es de carinho e torcida dos admiradores.<\/p>\n<p><!-- CONTENT END 2 --><\/p><\/div>\n","protected":false},"excerpt":{"rendered":"<p>Ana Beatriz Nogueira Deixa \u201cMania de Voc\u00ea\u201d Para Priorizar Sa\u00fade A atriz Ana Beatriz Nogueira,&#8230;<\/p>\n","protected":false},"author":2,"featured_media":0,"comment_status":"","ping_status":"","sticky":false,"template":"","format":"standard","meta":{"footnotes":""},"categories":[2],"tags":[],"class_list":["post-16814","post","type-post","status-publish","format-standard","hentry","category-jogos-ao-vivo"],"amp_enabled":true,"_links":{"self":[{"href":"https:\/\/ipatingafc.com.br\/index.php\/wp-json\/wp\/v2\/posts\/16814","targetHints":{"allow":["GET"]}}],"collection":[{"href":"https:\/\/ipatingafc.com.br\/index.php\/wp-json\/wp\/v2\/posts"}],"about":[{"href":"https:\/\/ipatingafc.com.br\/index.php\/wp-json\/wp\/v2\/types\/post"}],"author":[{"embeddable":true,"href":"https:\/\/ipatingafc.com.br\/index.php\/wp-json\/wp\/v2\/users\/2"}],"replies":[{"embeddable":true,"href":"https:\/\/ipatingafc.com.br\/index.php\/wp-json\/wp\/v2\/comments?post=16814"}],"version-history":[{"count":0,"href":"https:\/\/ipatingafc.com.br\/index.php\/wp-json\/wp\/v2\/posts\/16814\/revisions"}],"wp:attachment":[{"href":"https:\/\/ipatingafc.com.br\/index.php\/wp-json\/wp\/v2\/media?parent=16814"}],"wp:term":[{"taxonomy":"category","embeddable":true,"href":"https:\/\/ipatingafc.com.br\/index.php\/wp-json\/wp\/v2\/categories?post=16814"},{"taxonomy":"post_tag","embeddable":true,"href":"https:\/\/ipatingafc.com.br\/index.php\/wp-json\/wp\/v2\/tags?post=16814"}],"curies":[{"name":"wp","href":"https:\/\/api.w.org\/{rel}","templated":true}]}}