{"id":16887,"date":"2024-12-19T20:21:01","date_gmt":"2024-12-19T23:21:01","guid":{"rendered":"https:\/\/ipatingafc.com.br\/index.php\/2024\/12\/19\/rio-certifica-100-servidores-como-novos-lideres-cariocas-prefeitura-da-cidade-do-rio-de-janeiro\/"},"modified":"2024-12-19T20:21:01","modified_gmt":"2024-12-19T23:21:01","slug":"rio-certifica-100-servidores-como-novos-lideres-cariocas-prefeitura-da-cidade-do-rio-de-janeiro","status":"publish","type":"post","link":"https:\/\/ipatingafc.com.br\/index.php\/2024\/12\/19\/rio-certifica-100-servidores-como-novos-lideres-cariocas-prefeitura-da-cidade-do-rio-de-janeiro\/","title":{"rendered":"Rio certifica 100 servidores como novos L\u00edderes Cariocas &#8211; Prefeitura da Cidade do Rio de Janeiro"},"content":{"rendered":"<p><\/p>\n<div id=\"main\">\n<div class=\"wrapper-breadcrumbs\" wp_automatic_readability=\"64.655094249582\">\n<div class=\"image-post\" wp_automatic_readability=\"33\">\n                     Funda\u00e7\u00e3o Jo\u00e3o Goulart forma certifica servidores como L\u00edderes Cariocas &#8211; Marcelo Piu\/ Prefeitura do Rio                  <\/div>\n<p>A Prefeitura do Rio, atrav\u00e9s do Instituto Funda\u00e7\u00e3o Jo\u00e3o Goulart, realizou, na quarta-feira (18\/12), a posse dos novos integrantes do Programa L\u00edderes Cariocas, em cerim\u00f4nia no Pal\u00e1cio da Cidade, em Botafogo. O evento celebra a titula\u00e7\u00e3o de 100 servidores que passam a integrar o programa de desenvolvimento de talentos da prefeitura, reafirmando o compromisso com a forma\u00e7\u00e3o e o desenvolvimento deles para enfrentar os desafios estrat\u00e9gicos.<\/p>\n<p>A presidente do Instituto Funda\u00e7\u00e3o Jo\u00e3o Goulart (FJG), Rafaela Bastos, fez a entrada dos certificados aos tr\u00eas primeiros colocados do curso, que teve dura\u00e7\u00e3o de dois anos. A primeira colocada, Daniela Narciso Kfuri (da Secretaria Municipal de Desenvolvimento Urbano e Econ\u00f4mico), o segundo, Roberto Anuncia\u00e7\u00e3o Antunes (do Gabinete do Prefeito) e Valdemar Ferreira da Silva (Secretaria Municipal de Educa\u00e7\u00e3o).<\/p>\n<blockquote wp_automatic_readability=\"13\">\n<p>\u2013 O programa L\u00edderes Cariocas \u00e9 um investimento objetivo no que chamo de capital intelectual do servi\u00e7o p\u00fablico. Ele faz investimento direto durante dois anos seguidos em cada turma de servidores. E isso a gente n\u00e3o v\u00ea no Brasil, nem na iniciativa privada. Na Prefeitura do Rio existe acompanhamento, monitoramento, a gente tem um programa de mentoria, um projeto de incentivo \u00e0 carreira. \u00c9 uma troca entre os instrumentos que a Funda\u00e7\u00e3o Jo\u00e3o Goulart \u00e9 capaz de prover e o que voc\u00eas t\u00eam interesse em realizar profissionalmente na gest\u00e3o p\u00fablica \u2013\u00a0 disse Rafaela Bastos, que acrescentou que ser um L\u00edder Carioca \u00e9 assumir um compromisso com solu\u00e7\u00f5es que ajudam a transformar o dia a dia da cidade e da popula\u00e7\u00e3o.<\/p>\n<\/blockquote>\n<p>Tamb\u00e9m participaram da cerim\u00f4nia,\u00a0o subsecret\u00e1rio municipal de Fazenda e Planejamento, Rodrigo Dantas, e o secret\u00e1rio municipal da Casa Civil,\u00a0Leandro Matieli.<\/p>\n<p>O evento tamb\u00e9m foi uma oportunidade para fortalecer a rede de lideran\u00e7a carioca, promovendo trocas de experi\u00eancias e networking entre os participantes, ampliando o senso de pertencimento do grupo e refor\u00e7ando o compromisso com a transforma\u00e7\u00e3o dos desafios futuros em solu\u00e7\u00f5es para a cidade.<\/p>\n<p>\u00a0<\/p>\n<p><strong>Gest\u00e3o de talentos<\/strong><\/p>\n<p>O Programa L\u00edderes Cariocas, criado h\u00e1 12 anos, \u00e9 o principal de gest\u00e3o de talentos da Prefeitura do Rio, que visa aprimorar a capacidade gerencial da administra\u00e7\u00e3o p\u00fablica municipal por meio da identifica\u00e7\u00e3o e do desenvolvimento de servidores efetivos com perfil de lideran\u00e7a, capacitando-os para assumir posi\u00e7\u00f5es estrat\u00e9gicas e solucionar os desafios que impactam diretamente a vida dos cidad\u00e3os.<\/p>\n<p>Com titula\u00e7\u00e3o dos novos L\u00edderes Cariocas, o Programa chega a 320 servidores integrantes,\u00a0simbolizando mais um passo rumo a uma gest\u00e3o p\u00fablica inovadora, transparente e integrada, consolidando a valoriza\u00e7\u00e3o dos servidores e reafirmando o compromisso com uma cidade de governan\u00e7a respons\u00e1vel e inclusiva.<\/p>\n<p>Os participantes passam por uma ampla forma\u00e7\u00e3o, focada em habilidades t\u00e9cnicas, comportamentais e de lideran\u00e7a, promovendo a autolideran\u00e7a e instrumentalizando-os para assumir seu papel como l\u00edderes p\u00fablicos cariocas. Al\u00e9m disso, o programa incentiva a cultura de inova\u00e7\u00e3o e o compartilhamento de boas pr\u00e1ticas, em alinhamento com a Pol\u00edtica Carioca de Desenvolvimento de Gestores e o Planejamento Estrat\u00e9gico 2021-2024 da Prefeitura do Rio.<\/p>\n<p>             <!-- Compartilhe ---><\/p>\n<p>\t\t\t <!-- TAGS --><\/p>\n<section class=\"category-tags\">\n<div class=\"marcacao-category\">\n<article class=\"category-post\">\n<p>Categoria: <\/p>\n<\/article>\n<li>19 de dezembro de 2024<\/li><\/div>\n<article class=\"tags\">\n\t\t\t\t\tMarca\u00e7\u00f5es: capacita\u00e7\u00e3o Cidade Gest\u00e3o P\u00fablica Instituto Funda\u00e7\u00e3o Jo\u00e3o Goulart Programa L\u00edderes Cariocas talentos<br \/><\/article>\n<\/section>\n<p>            <!-- Mais Not&iacute;cias --><\/p>\n<p>\t\t<!-- Conte&uacute;do SIDEBAR --><\/p><\/div>\n<\/p><\/div>\n","protected":false},"excerpt":{"rendered":"<p>Funda\u00e7\u00e3o Jo\u00e3o Goulart forma certifica servidores como L\u00edderes Cariocas &#8211; Marcelo Piu\/ Prefeitura do Rio&#8230;<\/p>\n","protected":false},"author":2,"featured_media":0,"comment_status":"","ping_status":"","sticky":false,"template":"","format":"standard","meta":{"footnotes":""},"categories":[2],"tags":[],"class_list":["post-16887","post","type-post","status-publish","format-standard","hentry","category-jogos-ao-vivo"],"amp_enabled":true,"_links":{"self":[{"href":"https:\/\/ipatingafc.com.br\/index.php\/wp-json\/wp\/v2\/posts\/16887","targetHints":{"allow":["GET"]}}],"collection":[{"href":"https:\/\/ipatingafc.com.br\/index.php\/wp-json\/wp\/v2\/posts"}],"about":[{"href":"https:\/\/ipatingafc.com.br\/index.php\/wp-json\/wp\/v2\/types\/post"}],"author":[{"embeddable":true,"href":"https:\/\/ipatingafc.com.br\/index.php\/wp-json\/wp\/v2\/users\/2"}],"replies":[{"embeddable":true,"href":"https:\/\/ipatingafc.com.br\/index.php\/wp-json\/wp\/v2\/comments?post=16887"}],"version-history":[{"count":0,"href":"https:\/\/ipatingafc.com.br\/index.php\/wp-json\/wp\/v2\/posts\/16887\/revisions"}],"wp:attachment":[{"href":"https:\/\/ipatingafc.com.br\/index.php\/wp-json\/wp\/v2\/media?parent=16887"}],"wp:term":[{"taxonomy":"category","embeddable":true,"href":"https:\/\/ipatingafc.com.br\/index.php\/wp-json\/wp\/v2\/categories?post=16887"},{"taxonomy":"post_tag","embeddable":true,"href":"https:\/\/ipatingafc.com.br\/index.php\/wp-json\/wp\/v2\/tags?post=16887"}],"curies":[{"name":"wp","href":"https:\/\/api.w.org\/{rel}","templated":true}]}}