{"id":16893,"date":"2024-12-20T01:04:11","date_gmt":"2024-12-20T04:04:11","guid":{"rendered":"https:\/\/ipatingafc.com.br\/index.php\/2024\/12\/20\/castelinho-do-flamengo-ganha-galeria-de-arte-com-mostra-do-artista-plastico-maxwell-alexandre-prefeitura-da-cidade-do-rio-de-janeiro\/"},"modified":"2024-12-20T01:04:11","modified_gmt":"2024-12-20T04:04:11","slug":"castelinho-do-flamengo-ganha-galeria-de-arte-com-mostra-do-artista-plastico-maxwell-alexandre-prefeitura-da-cidade-do-rio-de-janeiro","status":"publish","type":"post","link":"https:\/\/ipatingafc.com.br\/index.php\/2024\/12\/20\/castelinho-do-flamengo-ganha-galeria-de-arte-com-mostra-do-artista-plastico-maxwell-alexandre-prefeitura-da-cidade-do-rio-de-janeiro\/","title":{"rendered":"Castelinho do Flamengo ganha galeria de arte com mostra do artista pl\u00e1stico Maxwell Alexandre &#8211; Prefeitura da Cidade do Rio de Janeiro"},"content":{"rendered":"<p><\/p>\n<div id=\"main\">\n<div class=\"wrapper-breadcrumbs\" wp_automatic_readability=\"65.04347826087\">\n<div class=\"image-post\" wp_automatic_readability=\"33\">\n                     O Castelinho do Flamengo ser\u00e1 reinaugurado com uma exposi\u00e7\u00e3o de pinturas. Cr\u00e9dito: Divulga\u00e7\u00e3o\/Prefeitura do Rio                  <\/div>\n<p>O Centro Cultural Municipal Oduvaldo Vianna Filho, conhecido como Castelinho do Flamengo, est\u00e1 sendo revitalizado e recuperando sua grandiosidade por meio do Programa Cultura do Amanh\u00e3, da Secretaria Municipal de Cultura (SMC). A primeira etapa das interven\u00e7\u00f5es de restauro e revitaliza\u00e7\u00e3o ser\u00e1 entregue neste s\u00e1bado (21\/12), \u00e0s 16h, com a inaugura\u00e7\u00e3o da Galeria Angelo Venosa, no t\u00e9rreo.<\/p>\n<p>A mostra inaugural da nova galeria ser\u00e1 \u201cClube: pinturas de ber\u00e7o\u201d, do artista pl\u00e1stico Maxwell Alexandre, um dos mais conceituados nomes da arte contempor\u00e2nea. A tarde ter\u00e1 ainda apresenta\u00e7\u00e3o da DJ Kohama, com um repert\u00f3rio focado em ritmos brasileiros.<\/p>\n<p>De estilo ecl\u00e9tico, o Castelinho possui tr\u00eas pavimentos e localiza-se na Praia do Flamengo, 158. Foi projetado pelo arquiteto italiano Gino Copede e executado pelo arquiteto brasileiro Francisco dos Santos, entre 1916 e 1918. Ap\u00f3s a abertura da galeria, o im\u00f3vel, que \u00e9 tombado pelo Instituto Rio Patrim\u00f4nio da Humanidade, seguir\u00e1 em reforma. A previs\u00e3o \u00e9 de que o restauro integral, com a recupera\u00e7\u00e3o estrutural do casar\u00e3o, seja entregue em agosto de 2025.<\/p>\n<p>O nome do Centro Cultural \u00e9 uma homenagem ao dramaturgo, ator e diretor de TV, Oduvaldo Vianna Filho, carinhosamente chamado de Vianinha.<\/p>\n<p>\u00a0<\/p>\n<p><strong>Talento carioca<\/strong><\/p>\n<p>Cria da Rocinha, Maxwell Alexandre ser\u00e1 o primeiro artista a ocupar a Galeria Angelo Venosa, que se estabelece como o Pavilh\u00e3o Maxwell Alexandre 4, no Castelinho do Flamengo. Ele apresentar\u00e1 16 pinturas in\u00e9ditas de um novo per\u00edodo de trabalho, todas em pequenos formatos, feitas em casa, com pastel seco e oleoso sobre linho. A s\u00e9rie chama-se \u201cClube: pinturas de ber\u00e7o\u201d e permanecer\u00e1 em cartaz at\u00e9 16 de mar\u00e7o de 2025, com visita\u00e7\u00e3o gratuita de ter\u00e7a a domingo, das 10h \u00e0s 18h.<\/p>\n<p>A s\u00e9rie \u201cClube: pinturas de ber\u00e7o\u201d retrata os banhistas do Clube de Regatas do Flamengo, e foi apresentada pela primeira vez no in\u00edcio deste ano no Pavilh\u00e3o Maxwell Alexandre 3, na G\u00e1vea, no Museu Hist\u00f3rico da Cidade.<\/p>\n<p>\u00a0<\/p>\n<p><strong>Homenagem a um dos destaques da Gera\u00e7\u00e3o 80<\/strong><\/p>\n<p>A galeria do Castelinho do Flamengo recebe o nome de um dos mais destacados artistas pl\u00e1sticos do pa\u00eds. Angelo Venosa (1954-2022) \u00e9 natural de S\u00e3o Paulo e, aos 20 anos, transferiu-se para o Rio de Janeiro. Em terras cariocas construiu sua trajet\u00f3ria, cursando a Escola Superior de Desenho Industrial (ESDI) e frequentando os cursos livres da Escola de Artes Visuais do Parque Lage. Destacou-se na cena art\u00edstica a partir dos anos 1980 e tornou-se um dos representantes mais proeminentes da chamada Gera\u00e7\u00e3o 80, que defendia o retorno da pintura mais subjetiva e a liberdade de express\u00e3o em todos os segmentos culturais.<\/p>\n<p>             <!-- Compartilhe ---><\/p>\n<p>\t\t\t <!-- TAGS --><\/p>\n<section class=\"category-tags\">\n<div class=\"marcacao-category\">\n<article class=\"category-post\">\n<p>Categoria: <\/p>\n<\/article>\n<li>19 de dezembro de 2024<\/li><\/div>\n<article class=\"tags\">\n\t\t\t\t\t\t\t\t\t<\/article>\n<\/section>\n<p>            <!-- Mais Not&iacute;cias --><\/p>\n<p>\t\t<!-- Conte&uacute;do SIDEBAR --><\/p><\/div>\n<\/p><\/div>\n","protected":false},"excerpt":{"rendered":"<p>O Castelinho do Flamengo ser\u00e1 reinaugurado com uma exposi\u00e7\u00e3o de pinturas. Cr\u00e9dito: Divulga\u00e7\u00e3o\/Prefeitura do Rio&#8230;<\/p>\n","protected":false},"author":2,"featured_media":0,"comment_status":"","ping_status":"","sticky":false,"template":"","format":"standard","meta":{"footnotes":""},"categories":[2],"tags":[],"class_list":["post-16893","post","type-post","status-publish","format-standard","hentry","category-jogos-ao-vivo"],"amp_enabled":true,"_links":{"self":[{"href":"https:\/\/ipatingafc.com.br\/index.php\/wp-json\/wp\/v2\/posts\/16893","targetHints":{"allow":["GET"]}}],"collection":[{"href":"https:\/\/ipatingafc.com.br\/index.php\/wp-json\/wp\/v2\/posts"}],"about":[{"href":"https:\/\/ipatingafc.com.br\/index.php\/wp-json\/wp\/v2\/types\/post"}],"author":[{"embeddable":true,"href":"https:\/\/ipatingafc.com.br\/index.php\/wp-json\/wp\/v2\/users\/2"}],"replies":[{"embeddable":true,"href":"https:\/\/ipatingafc.com.br\/index.php\/wp-json\/wp\/v2\/comments?post=16893"}],"version-history":[{"count":0,"href":"https:\/\/ipatingafc.com.br\/index.php\/wp-json\/wp\/v2\/posts\/16893\/revisions"}],"wp:attachment":[{"href":"https:\/\/ipatingafc.com.br\/index.php\/wp-json\/wp\/v2\/media?parent=16893"}],"wp:term":[{"taxonomy":"category","embeddable":true,"href":"https:\/\/ipatingafc.com.br\/index.php\/wp-json\/wp\/v2\/categories?post=16893"},{"taxonomy":"post_tag","embeddable":true,"href":"https:\/\/ipatingafc.com.br\/index.php\/wp-json\/wp\/v2\/tags?post=16893"}],"curies":[{"name":"wp","href":"https:\/\/api.w.org\/{rel}","templated":true}]}}