{"id":16922,"date":"2024-12-20T19:09:37","date_gmt":"2024-12-20T22:09:37","guid":{"rendered":"https:\/\/ipatingafc.com.br\/index.php\/2024\/12\/20\/cidade-do-rio-amplia-a-vacinacao-contra-a-variante-xbb-da-covid-19-ate-o-dia-10-de-janeiro-prefeitura-da-cidade-do-rio-de-janeiro\/"},"modified":"2024-12-20T19:09:37","modified_gmt":"2024-12-20T22:09:37","slug":"cidade-do-rio-amplia-a-vacinacao-contra-a-variante-xbb-da-covid-19-ate-o-dia-10-de-janeiro-prefeitura-da-cidade-do-rio-de-janeiro","status":"publish","type":"post","link":"https:\/\/ipatingafc.com.br\/index.php\/2024\/12\/20\/cidade-do-rio-amplia-a-vacinacao-contra-a-variante-xbb-da-covid-19-ate-o-dia-10-de-janeiro-prefeitura-da-cidade-do-rio-de-janeiro\/","title":{"rendered":"Cidade do Rio amplia a vacina\u00e7\u00e3o contra a variante XBB da covid-19 at\u00e9 o dia 10 de janeiro &#8211; Prefeitura da Cidade do Rio de Janeiro"},"content":{"rendered":"<p><\/p>\n<div id=\"main\">\n<div class=\"wrapper-breadcrumbs\" wp_automatic_readability=\"23.711558854719\">\n<div class=\"image-post\" wp_automatic_readability=\"33\">\n                     Para se vacinar, \u00e9 necess\u00e1rio um documento de identifica\u00e7\u00e3o &#8211; Edu Kapps \/ SMS                  <\/div>\n<p>A Secretaria Municipal de Sa\u00fade (SMS) amplia at\u00e9 o dia 10 de janeiro de 2025 a vacina\u00e7\u00e3o contra a variante XBB da covid-19 para todas as pessoas com 12 anos ou mais. \u00c9 preciso ter tomado a dose anterior da vacina h\u00e1 pelo menos um ano. O imunizante previne contra novas cepas e reduz as chances de interna\u00e7\u00e3o e mortalidade pela doen\u00e7a.<\/p>\n<p>A vacina est\u00e1 dispon\u00edvel nesta sexta-feira (20\/12) no Super Centro Carioca de Vacina\u00e7\u00e3o, em Botafogo, que funciona todos os dias, das 8h \u00e0s 22h; e no Super Centro Carioca de Vacina\u00e7\u00e3o, unidade Campo Grande, localizado no ParkShoppingCampoGrande, que tamb\u00e9m abre todos os dias, de acordo com o hor\u00e1rio de funcionamento do centro comercial. A partir de s\u00e1bado (21\/12) estar\u00e1 tamb\u00e9m nas 239 cl\u00ednicas da fam\u00edlia e centros municipais de sa\u00fade espalhados pela cidade.<\/p>\n<p>Essa \u00e9 a \u00faltima chance para se vacinar contra a variante XBB da covid-19. A partir de mar\u00e7o de 2025, a vacina ser\u00e1 atualizada para a subvariante JN.1 e ser\u00e1 aplicada de forma escalonada, priorizando os idosos, gestantes e grupos priorit\u00e1rios.<\/p>\n<p>Assista ao v\u00eddeo sobre o assunto.<\/p>\n<p>             <!-- Compartilhe ---><\/p>\n<p>\t\t\t <!-- TAGS --><\/p>\n<section class=\"category-tags\">\n<div class=\"marcacao-category\">\n<article class=\"category-post\">\n<p>Categoria: <\/p>\n<\/article>\n<li>20 de dezembro de 2024<\/li><\/div>\n<article class=\"tags\">\n\t\t\t\t\tMarca\u00e7\u00f5es: Covid-19 sa\u00fade vacina\u00e7\u00e3o variante XBB<br \/><\/article>\n<\/section>\n<p>            <!-- Mais Not&iacute;cias --><\/p>\n<p>\t\t<!-- Conte&uacute;do SIDEBAR --><\/p><\/div>\n<\/p><\/div>\n<p><script async src=\"\/\/www.instagram.com\/embed.js\"><\/script><\/p>\n","protected":false},"excerpt":{"rendered":"<p>Para se vacinar, \u00e9 necess\u00e1rio um documento de identifica\u00e7\u00e3o &#8211; Edu Kapps \/ SMS A&#8230;<\/p>\n","protected":false},"author":2,"featured_media":0,"comment_status":"","ping_status":"","sticky":false,"template":"","format":"standard","meta":{"footnotes":""},"categories":[2],"tags":[],"class_list":["post-16922","post","type-post","status-publish","format-standard","hentry","category-jogos-ao-vivo"],"amp_enabled":true,"_links":{"self":[{"href":"https:\/\/ipatingafc.com.br\/index.php\/wp-json\/wp\/v2\/posts\/16922","targetHints":{"allow":["GET"]}}],"collection":[{"href":"https:\/\/ipatingafc.com.br\/index.php\/wp-json\/wp\/v2\/posts"}],"about":[{"href":"https:\/\/ipatingafc.com.br\/index.php\/wp-json\/wp\/v2\/types\/post"}],"author":[{"embeddable":true,"href":"https:\/\/ipatingafc.com.br\/index.php\/wp-json\/wp\/v2\/users\/2"}],"replies":[{"embeddable":true,"href":"https:\/\/ipatingafc.com.br\/index.php\/wp-json\/wp\/v2\/comments?post=16922"}],"version-history":[{"count":0,"href":"https:\/\/ipatingafc.com.br\/index.php\/wp-json\/wp\/v2\/posts\/16922\/revisions"}],"wp:attachment":[{"href":"https:\/\/ipatingafc.com.br\/index.php\/wp-json\/wp\/v2\/media?parent=16922"}],"wp:term":[{"taxonomy":"category","embeddable":true,"href":"https:\/\/ipatingafc.com.br\/index.php\/wp-json\/wp\/v2\/categories?post=16922"},{"taxonomy":"post_tag","embeddable":true,"href":"https:\/\/ipatingafc.com.br\/index.php\/wp-json\/wp\/v2\/tags?post=16922"}],"curies":[{"name":"wp","href":"https:\/\/api.w.org\/{rel}","templated":true}]}}