{"id":17177,"date":"2025-01-08T13:27:49","date_gmt":"2025-01-08T16:27:49","guid":{"rendered":"https:\/\/ipatingafc.com.br\/index.php\/2025\/01\/08\/rua-vitor-costa-tera-trecho-interditado-para-obras-do-anel-viario-de-campo-grande-prefeitura-da-cidade-do-rio-de-janeiro\/"},"modified":"2025-01-08T13:27:49","modified_gmt":"2025-01-08T16:27:49","slug":"rua-vitor-costa-tera-trecho-interditado-para-obras-do-anel-viario-de-campo-grande-prefeitura-da-cidade-do-rio-de-janeiro","status":"publish","type":"post","link":"https:\/\/ipatingafc.com.br\/index.php\/2025\/01\/08\/rua-vitor-costa-tera-trecho-interditado-para-obras-do-anel-viario-de-campo-grande-prefeitura-da-cidade-do-rio-de-janeiro\/","title":{"rendered":"Rua Vitor Costa ter\u00e1 trecho interditado para obras do Anel Vi\u00e1rio de Campo Grande &#8211; Prefeitura da Cidade do Rio de Janeiro"},"content":{"rendered":"<p><\/p>\n<div id=\"main\">\n<div class=\"wrapper-breadcrumbs\" wp_automatic_readability=\"10.033011272142\">\n<p>A CET-Rio informa que a Rua Vitor Costa ser\u00e1 interditada no trecho entre as ruas Gramado e Jo\u00e3o Batista Stalco, a partir desta quarta-feira (8\/1) at\u00e9 o dia 18 de janeiro, para a execu\u00e7\u00e3o de obras de pavimenta\u00e7\u00e3o do Anel Vi\u00e1rio de Campo Grande. Durante o per\u00edodo das obras, os ve\u00edculos dever\u00e3o seguir pela Rua Gramado at\u00e9 a Rua Jo\u00e3o Teles, acessando a Rua Vitor Costa pela Rua Saquarema.<\/p>\n<p>Sinaliza\u00e7\u00e3o espec\u00edfica foi instalada para orienta\u00e7\u00e3o dos motoristas. Operadores da CET-Rio v\u00e3o atuar monitorando as condi\u00e7\u00f5es do tr\u00e2nsito.<\/p>\n<p>             <!-- Compartilhe ---><\/p>\n<p>\t\t\t <!-- TAGS --><\/p>\n<section class=\"category-tags\">\n<div class=\"marcacao-category\">\n<article class=\"category-post\">\n<p>Categoria: <\/p>\n<\/article>\n<li>8 de janeiro de 2025<\/li><\/div>\n<article class=\"tags\">\n\t\t\t\t\tMarca\u00e7\u00f5es: anel vi\u00e1rio de campo grande CET-Rio Interdi\u00e7\u00e3o obras Rua Vitor Costa tr\u00e2nsito<br \/><\/article>\n<\/section>\n<p>            <!-- Mais Not&iacute;cias --><\/p>\n<p>\t\t<!-- Conte&uacute;do SIDEBAR --><\/p><\/div>\n<\/p><\/div>\n","protected":false},"excerpt":{"rendered":"<p>A CET-Rio informa que a Rua Vitor Costa ser\u00e1 interditada no trecho entre as ruas&#8230;<\/p>\n","protected":false},"author":2,"featured_media":0,"comment_status":"","ping_status":"","sticky":false,"template":"","format":"standard","meta":{"footnotes":""},"categories":[2],"tags":[],"class_list":["post-17177","post","type-post","status-publish","format-standard","hentry","category-jogos-ao-vivo"],"amp_enabled":true,"_links":{"self":[{"href":"https:\/\/ipatingafc.com.br\/index.php\/wp-json\/wp\/v2\/posts\/17177","targetHints":{"allow":["GET"]}}],"collection":[{"href":"https:\/\/ipatingafc.com.br\/index.php\/wp-json\/wp\/v2\/posts"}],"about":[{"href":"https:\/\/ipatingafc.com.br\/index.php\/wp-json\/wp\/v2\/types\/post"}],"author":[{"embeddable":true,"href":"https:\/\/ipatingafc.com.br\/index.php\/wp-json\/wp\/v2\/users\/2"}],"replies":[{"embeddable":true,"href":"https:\/\/ipatingafc.com.br\/index.php\/wp-json\/wp\/v2\/comments?post=17177"}],"version-history":[{"count":0,"href":"https:\/\/ipatingafc.com.br\/index.php\/wp-json\/wp\/v2\/posts\/17177\/revisions"}],"wp:attachment":[{"href":"https:\/\/ipatingafc.com.br\/index.php\/wp-json\/wp\/v2\/media?parent=17177"}],"wp:term":[{"taxonomy":"category","embeddable":true,"href":"https:\/\/ipatingafc.com.br\/index.php\/wp-json\/wp\/v2\/categories?post=17177"},{"taxonomy":"post_tag","embeddable":true,"href":"https:\/\/ipatingafc.com.br\/index.php\/wp-json\/wp\/v2\/tags?post=17177"}],"curies":[{"name":"wp","href":"https:\/\/api.w.org\/{rel}","templated":true}]}}