{"id":17180,"date":"2025-01-08T16:35:48","date_gmt":"2025-01-08T19:35:48","guid":{"rendered":"https:\/\/ipatingafc.com.br\/index.php\/2025\/01\/08\/prefeitura-retoma-operacao-tapa-buraco-e-limpeza-urbana-em-guaratingueta-prefeitura-estancia-turistica-guaratingueta\/"},"modified":"2025-01-08T16:35:48","modified_gmt":"2025-01-08T19:35:48","slug":"prefeitura-retoma-operacao-tapa-buraco-e-limpeza-urbana-em-guaratingueta-prefeitura-estancia-turistica-guaratingueta","status":"publish","type":"post","link":"https:\/\/ipatingafc.com.br\/index.php\/2025\/01\/08\/prefeitura-retoma-operacao-tapa-buraco-e-limpeza-urbana-em-guaratingueta-prefeitura-estancia-turistica-guaratingueta\/","title":{"rendered":"Prefeitura retoma opera\u00e7\u00e3o tapa-buraco e Limpeza urbana em Guaratinguet\u00e1 \u2013 Prefeitura Est\u00e2ncia Tur\u00edstica Guaratinguet\u00e1"},"content":{"rendered":"<p><\/p>\n<div>\n<p>A Prefeitura de Guaratinguet\u00e1 retomou nesta semana os servi\u00e7os de tapa-buraco e limpeza, que estavam parados desde a primeira quinzena de dezembro. Hoje, dia 8 de janeiro, come\u00e7aram tamb\u00e9m a limpeza e pintura nas pra\u00e7as Condessa de Frontin e Joaquim Vilela, trazendo melhorias para a paisagem urbana.<\/p>\n<p>As a\u00e7\u00f5es de tapa-buraco tiveram in\u00edcio no Centro, na sequ\u00eancia. Av. JO\u00c3O PESSOA E AV. S\u00c3O DIMAS e patrolamento foram iniciadas no Clube dos 500, enquanto a limpeza de valas est\u00e1 sendo realizada na lateral da Avenida Juscelino Kubitschek, na Ch\u00e1cara Agr\u00edcolas 2 e na Ch\u00e1cara Selles.<\/p>\n<p>A nova gest\u00e3o segue implementando uma programa\u00e7\u00e3o organizada.<\/p>\n<p>A Prefeitura refor\u00e7a o compromisso com a infraestrutura e a limpeza urbana, buscando proporcionar melhorias para todos os mun\u00edcipes. Fique atento \u00e0s atualiza\u00e7\u00f5es e \u00e0 programa\u00e7\u00e3o em seu bairro!<\/p>\n<\/p><\/div>\n","protected":false},"excerpt":{"rendered":"<p>A Prefeitura de Guaratinguet\u00e1 retomou nesta semana os servi\u00e7os de tapa-buraco e limpeza, que estavam&#8230;<\/p>\n","protected":false},"author":2,"featured_media":0,"comment_status":"","ping_status":"","sticky":false,"template":"","format":"standard","meta":{"footnotes":""},"categories":[2],"tags":[],"class_list":["post-17180","post","type-post","status-publish","format-standard","hentry","category-jogos-ao-vivo"],"amp_enabled":true,"_links":{"self":[{"href":"https:\/\/ipatingafc.com.br\/index.php\/wp-json\/wp\/v2\/posts\/17180","targetHints":{"allow":["GET"]}}],"collection":[{"href":"https:\/\/ipatingafc.com.br\/index.php\/wp-json\/wp\/v2\/posts"}],"about":[{"href":"https:\/\/ipatingafc.com.br\/index.php\/wp-json\/wp\/v2\/types\/post"}],"author":[{"embeddable":true,"href":"https:\/\/ipatingafc.com.br\/index.php\/wp-json\/wp\/v2\/users\/2"}],"replies":[{"embeddable":true,"href":"https:\/\/ipatingafc.com.br\/index.php\/wp-json\/wp\/v2\/comments?post=17180"}],"version-history":[{"count":0,"href":"https:\/\/ipatingafc.com.br\/index.php\/wp-json\/wp\/v2\/posts\/17180\/revisions"}],"wp:attachment":[{"href":"https:\/\/ipatingafc.com.br\/index.php\/wp-json\/wp\/v2\/media?parent=17180"}],"wp:term":[{"taxonomy":"category","embeddable":true,"href":"https:\/\/ipatingafc.com.br\/index.php\/wp-json\/wp\/v2\/categories?post=17180"},{"taxonomy":"post_tag","embeddable":true,"href":"https:\/\/ipatingafc.com.br\/index.php\/wp-json\/wp\/v2\/tags?post=17180"}],"curies":[{"name":"wp","href":"https:\/\/api.w.org\/{rel}","templated":true}]}}