{"id":17184,"date":"2025-01-08T19:43:48","date_gmt":"2025-01-08T22:43:48","guid":{"rendered":"https:\/\/ipatingafc.com.br\/index.php\/2025\/01\/08\/prefeitura-do-rio-prorroga-o-prazo-para-inicio-da-operacao-exclusiva-do-jae-prefeitura-da-cidade-do-rio-de-janeiro\/"},"modified":"2025-01-08T19:43:48","modified_gmt":"2025-01-08T22:43:48","slug":"prefeitura-do-rio-prorroga-o-prazo-para-inicio-da-operacao-exclusiva-do-jae-prefeitura-da-cidade-do-rio-de-janeiro","status":"publish","type":"post","link":"https:\/\/ipatingafc.com.br\/index.php\/2025\/01\/08\/prefeitura-do-rio-prorroga-o-prazo-para-inicio-da-operacao-exclusiva-do-jae-prefeitura-da-cidade-do-rio-de-janeiro\/","title":{"rendered":"Prefeitura do Rio prorroga o prazo para in\u00edcio da opera\u00e7\u00e3o exclusiva do Ja\u00e9 &#8211; Prefeitura da Cidade do Rio de Janeiro"},"content":{"rendered":"<p><\/p>\n<div wp_automatic_readability=\"104.99433628319\">\n<div class=\"image-post\" wp_automatic_readability=\"34\">\n                     A partir de 1\u00ba de julho, o Ja\u00e9 ser\u00e1 o \u00fanico sistema aceito nos modais municipais. Foto: Divulga\u00e7\u00e3o\/Prefeitura                  <\/div>\n<p>O prefeito do Rio, Eduardo Paes, e a secret\u00e1ria de Transportes, Ma\u00edna Celidonio, anunciaram, nesta quarta-feira (08\/01), a prorroga\u00e7\u00e3o do prazo para o in\u00edcio da opera\u00e7\u00e3o exclusiva do Ja\u00e9, o novo sistema de bilhetagem para o transporte municipal, nos modais da cidade do Rio. A previs\u00e3o para a opera\u00e7\u00e3o exclusiva foi estendida para o dia 1\u00ba de julho.<\/p>\n<p>Dois fatores determinaram a decis\u00e3o: apesar de o munic\u00edpio estar h\u00e1 mais de dois anos em tratativas, ainda n\u00e3o h\u00e1 integra\u00e7\u00e3o do novo sistema com o Bilhete \u00danico Intermunicipal ao Ja\u00e9. Al\u00e9m disso, a empresa respons\u00e1vel pelo sistema Ja\u00e9 passa por mudan\u00e7as na estrutura societ\u00e1ria, e os novos acionistas solicitaram um prazo para rever os procedimentos.<\/p>\n<blockquote wp_automatic_readability=\"23\">\n<p>\u2013 Eu n\u00e3o vou permitir que os moradores de Caxias, Nova Igua\u00e7u, S\u00e3o Gon\u00e7alo, Niter\u00f3i, S\u00e3o Jo\u00e3o do Meriti e de v\u00e1rias cidades da Regi\u00e3o Metropolitana, que v\u00eam para o Rio de Janeiro, sejam impactados porque n\u00e3o conseguiram fazer a integra\u00e7\u00e3o \u2013 , declarou o prefeito, refor\u00e7ando que a luta da gest\u00e3o \u00e9 contra a falta de transpar\u00eancia no setor de transporte.<\/p>\n<p>\u2013 Estamos acabando com a \u201ccaixa preta\u201d. O interesse econ\u00f4mico \u00e9 muito grande. O Riocard n\u00e3o nos passa as informa\u00e7\u00f5es necess\u00e1rias. No Ja\u00e9 \u00e9 a Prefeitura que controla a opera\u00e7\u00e3o. N\u00e3o h\u00e1 passo mais no transporte p\u00fablico na cidade do Rio de Janeiro do que o cart\u00e3o Ja\u00e9. Estamos tirando (a bilhetagem) das m\u00e3os dos empres\u00e1rios de \u00f4nibus, que s\u00e3o as raposas cuidando do galinheiro -, disse o prefeito.<\/p>\n<\/blockquote>\n<p>O Ja\u00e9 est\u00e1 em opera\u00e7\u00e3o em todo o sistema de transporte p\u00fablico regulado pelo munic\u00edpio:\u00a0 BRT, VLT, frota de \u00f4nibus municipais (SPPO) e vans. Al\u00e9m disso, \u00e9 poss\u00edvel realizar as integra\u00e7\u00f5es tarif\u00e1rias do Bilhete \u00danico Carioca (BUC) entre esses modais municipais, utilizando o Ja\u00e9 como meio de pagamento. O novo sistema \u00e9 totalmente digital. No entanto, tamb\u00e9m h\u00e1 a op\u00e7\u00e3o de ter o cart\u00e3o f\u00edsico.<\/p>\n<p>\u00a0<\/p>\n<p><strong>Orienta\u00e7\u00e3o \u00e9 que cidad\u00e3os continuem migrando para o Ja\u00e9<\/strong><\/p>\n<p><strong>\u00a0<\/strong>A partir de 1\u00ba de julho, o Ja\u00e9 ser\u00e1 o \u00fanico sistema de bilhetagem aceito nos modais municipais. Com o prazo estendido, a orienta\u00e7\u00e3o \u00e9 para que as pessoas continuem migrando para o novo sistema de forma gradativa, sem a necessidade de deixar para a \u00faltima hora. Os modais estaduais, como os \u00f4nibus intermunicipais, a Supervia, o metr\u00f4 e as barcas, continuar\u00e3o utilizando o sistema Riocard.<\/p>\n<blockquote wp_automatic_readability=\"10\">\n<p>\u2013 Sabemos que \u00e9 muito importante voc\u00ea ter transpar\u00eancia no sistema de transporte. Esse processo vai acontecer. \u00c9 um projeto enorme que est\u00e1 sendo feito h\u00e1 anos, e vamos continuar. As pessoas podem e devem continuar se cadastrando. Nossa orienta\u00e7\u00e3o \u00e9 que n\u00e3o deixem para a \u00faltima hora -, afirmou a secret\u00e1ria Ma\u00edna.<\/p>\n<\/blockquote>\n<p>\u00a0<\/p>\n<p><strong>Novos postos de atendimento<\/strong><\/p>\n<p>Al\u00e9m das 11 lojas f\u00edsicas da Ja\u00e9 existentes espalhadas pela cidade, a Secretaria Municipal de Transportes criou mais dois novos postos de atendimento para cadastramento e retirada de cart\u00f5es do Ja\u00e9. Os dois locais funcionam nas Naves do Conhecimento do Engenho de Dentro (Rua Arquias Cordeiro, 1516) e de Padre Miguel (Rua Bom Sossego, 380). Ambos v\u00e3o funcionar de segunda a sexta, de 9h \u00e0s 18h; e s\u00e1bado de 10h \u00e0s 16h. Em breve, mais postos de atendimento ser\u00e3o criados e divulgados pela Prefeitura do Rio.<\/p>\n<p>\u00a0<\/p>\n<p><strong>Idosos j\u00e1 podem receber o cart\u00e3o gratuidade em casa, sem custo<\/strong><\/p>\n<p>O pedido para o cart\u00e3o de gratuidade pode ser feito totalmente online. Os idosos receber\u00e3o o cart\u00e3o gratuitamente em sua resid\u00eancia. Para isso, basta baixar o aplicativo Ja\u00e9. Desta forma, os idosos n\u00e3o precisam ir \u00e0 uma loja para fazer seu cadastro, nem para retirar o cart\u00e3o. Caso necess\u00e1rio, os idosos tamb\u00e9m contam com a op\u00e7\u00e3o dos 13 postos de atendimento.<\/p>\n<p>Os trabalhadores que usam vale-transporte tamb\u00e9m n\u00e3o precisam se dirigir a uma loja f\u00edsica. O cadastro dever\u00e1 ser feito por meio do aplicativo.<\/p>\n<p>\u00a0<\/p>\n<p><strong>Sobre o novo sistema<\/strong><\/p>\n<p>Al\u00e9m do cart\u00e3o f\u00edsico, os passageiros podem pagar a passagem usando o celular, por meio de QR Code. Os usu\u00e1rios podem baixar o aplicativo da Ja\u00e9 ou acessar o site para criar uma conta. Por meio do app, dispon\u00edvel tanto para os modelos de celulares do sistema IOS quanto Android, \u00e9 poss\u00edvel pagar a passagem por qr code, ver o saldo, extrato e fazer recarga, bem como solicitar, bloquear, cancelar e pedir segunda via do cart\u00e3o.<\/p>\n<p>Os cr\u00e9ditos podem ser comprados no aplicativo por meio de cr\u00e9dito, pix ou boleto banc\u00e1rio e j\u00e1 ficam dispon\u00edveis para uso instantaneamente. \u00c9 importante ressaltar que neste novo sistema o saldo n\u00e3o expira.<\/p>\n<p>O passageiro pode ter dois tipos de cart\u00f5es. O cart\u00e3o preto, que \u00e9 solicitado via aplicativo e \u00e9 vinculado \u00e0 conta digital. J\u00e1 o cart\u00e3o verde \u00e9 comprado nas m\u00e1quinas ATMs e pode ser recarregado apenas nas m\u00e1quinas ou bilheterias.<\/p>\n<p>             <!-- Compartilhe ---><\/p>\n<p>\t\t\t <!-- TAGS --><\/p>\n<section class=\"category-tags\">\n<div class=\"marcacao-category\">\n<article class=\"category-post\">\n<p>Categoria: <\/p>\n<\/article>\n<li>8 de janeiro de 2025<\/li><\/div>\n<article class=\"tags\">\n\t\t\t\t\tMarca\u00e7\u00f5es: aplicativo bilhetagem BRT cart\u00e3o gratuidade Ja\u00e9 \u00f4nibus Transportes validador do Ja\u00e9 vans VLT<br \/><\/article>\n<\/section>\n<p>            <!-- Mais Not&iacute;cias --><\/p>\n<p>\t\t<!-- Conte&uacute;do SIDEBAR --><\/p><\/div>\n","protected":false},"excerpt":{"rendered":"<p>A partir de 1\u00ba de julho, o Ja\u00e9 ser\u00e1 o \u00fanico sistema aceito nos modais&#8230;<\/p>\n","protected":false},"author":2,"featured_media":0,"comment_status":"","ping_status":"","sticky":false,"template":"","format":"standard","meta":{"footnotes":""},"categories":[2],"tags":[],"class_list":["post-17184","post","type-post","status-publish","format-standard","hentry","category-jogos-ao-vivo"],"amp_enabled":true,"_links":{"self":[{"href":"https:\/\/ipatingafc.com.br\/index.php\/wp-json\/wp\/v2\/posts\/17184","targetHints":{"allow":["GET"]}}],"collection":[{"href":"https:\/\/ipatingafc.com.br\/index.php\/wp-json\/wp\/v2\/posts"}],"about":[{"href":"https:\/\/ipatingafc.com.br\/index.php\/wp-json\/wp\/v2\/types\/post"}],"author":[{"embeddable":true,"href":"https:\/\/ipatingafc.com.br\/index.php\/wp-json\/wp\/v2\/users\/2"}],"replies":[{"embeddable":true,"href":"https:\/\/ipatingafc.com.br\/index.php\/wp-json\/wp\/v2\/comments?post=17184"}],"version-history":[{"count":0,"href":"https:\/\/ipatingafc.com.br\/index.php\/wp-json\/wp\/v2\/posts\/17184\/revisions"}],"wp:attachment":[{"href":"https:\/\/ipatingafc.com.br\/index.php\/wp-json\/wp\/v2\/media?parent=17184"}],"wp:term":[{"taxonomy":"category","embeddable":true,"href":"https:\/\/ipatingafc.com.br\/index.php\/wp-json\/wp\/v2\/categories?post=17184"},{"taxonomy":"post_tag","embeddable":true,"href":"https:\/\/ipatingafc.com.br\/index.php\/wp-json\/wp\/v2\/tags?post=17184"}],"curies":[{"name":"wp","href":"https:\/\/api.w.org\/{rel}","templated":true}]}}