{"id":17236,"date":"2025-01-12T15:37:15","date_gmt":"2025-01-12T18:37:15","guid":{"rendered":"https:\/\/ipatingafc.com.br\/index.php\/2025\/01\/12\/operacao-de-fiscalizacao-vistoria-13-estabelecimentos-em-10-bairros-da-de-sorocaba-agencia-de-noticias\/"},"modified":"2025-01-12T15:37:15","modified_gmt":"2025-01-12T18:37:15","slug":"operacao-de-fiscalizacao-vistoria-13-estabelecimentos-em-10-bairros-da-de-sorocaba-agencia-de-noticias","status":"publish","type":"post","link":"https:\/\/ipatingafc.com.br\/index.php\/2025\/01\/12\/operacao-de-fiscalizacao-vistoria-13-estabelecimentos-em-10-bairros-da-de-sorocaba-agencia-de-noticias\/","title":{"rendered":"Opera\u00e7\u00e3o de fiscaliza\u00e7\u00e3o vistoria 13 estabelecimentos em 10 bairros da de Sorocaba\u00a0 \u2013 Ag\u00eancia de Not\u00edcias"},"content":{"rendered":"<p><\/p>\n<div wp_automatic_readability=\"31\">\n<div class=\"col\" wp_automatic_readability=\"7\">\n<p class=\"mt-0\">\n                        <strong><br \/>\n                            <span class=\"far fa-calendar mr-1 mt-2\"\/><br \/>\n                            12 de janeiro de 2025<br \/>\n                            <span class=\"far fa-clock ml-3 mt-2\"\/><br \/>\n                            15:34<br \/>\n                        <\/strong>\n                    <\/p>\n<p class=\"mb-0\">Por: <strong>Eduardo Santinon<\/strong><\/p>\n<\/p><\/div>\n<\/p><\/div>\n<div wp_automatic_readability=\"85\">\n<figure id=\"attachment_150614\" aria-describedby=\"caption-attachment-150614\" style=\"width: 1024px\" class=\"wp-caption aligncenter\"><figcaption id=\"caption-attachment-150614\" class=\"wp-caption-text\">Fotos: GCM<\/figcaption><\/figure>\n<p>\u00a0<\/p>\n<p><span style=\"font-weight: 400;\">Um opera\u00e7\u00e3o realizada pelo Setor de Fiscaliza\u00e7\u00e3o de Posturas da Prefeitura de Sorocaba e da Vigil\u00e2ncia Sanit\u00e1ria (Visa), com o apoio da Guarda Civil Municipal (GCM), vistoriou 13 estabelecimentos, em 10 bairros da cidade, durante a\u00e7\u00e3o que come\u00e7ou na noite de s\u00e1bado (11) e avan\u00e7ou at\u00e9 a madrugada deste domingo (12). Em nove pontos foram constatadas irregularidades administrativas e houve autua\u00e7\u00e3o ou notifica\u00e7\u00e3o. A Visa tamb\u00e9m emitiu outras nove multas, ao todo.<\/span><\/p>\n<p><span style=\"font-weight: 400;\">A a\u00e7\u00e3o, motivada a partir de den\u00fancias, contemplou estabelecimentos nos bairros: <\/span><span style=\"font-weight: 400;\">Jardim Maria Ant\u00f4nia Prado, Vila Hort\u00eancia, Centro, Parque das Laranjeiras, Jardim Nova Esperan\u00e7a, Jardim Santa Esmeralda, Parque das Paineiras, Vila Helena, Vila Fiori e Jardim Santa Marta.<\/span><\/p>\n<p><span style=\"font-weight: 400;\">Tr\u00eas locais estavam fechados no momento da fiscaliza\u00e7\u00e3o e em outro n\u00e3o foi constatada atividade comercial no im\u00f3vel. Por\u00e9m, um bar no Jd. Maria Ant\u00f4nia Prado acabou multado por falta de alvar\u00e1, atividade geradora de polui\u00e7\u00e3o sonora e por funcionar ap\u00f3s a meia-noite sem alvar\u00e1 especial. Outro, na Vila Hort\u00eancia, foi autuado por falta de alvar\u00e1 e obstru\u00e7\u00e3o da cal\u00e7ada, enquanto um no Parque das Laranjeiras devido \u00e0 falta de alvar\u00e1 especial.<\/span><\/p>\n<p><span style=\"font-weight: 400;\">Quatro estabelecimentos, no Jd. Santa Esmeralda, Parque das Paineiras, Vila Helena e Parque das Laranjeiras, foram notificados pela falta de alvar\u00e1, ao passo que um no Centro da cidade por falta de alvar\u00e1 e obstru\u00e7\u00e3o da cal\u00e7ada. No Jardim Nova Esperan\u00e7a, a notifica\u00e7\u00e3o ocorreu por falta de alvar\u00e1 e atividade geradora de polui\u00e7\u00e3o sonora.<\/span><\/p>\n<p><span style=\"font-weight: 400;\">A Secretaria de Seguran\u00e7a Urbana (Sesu) e as autoridades policiais contam, sempre, com o apoio da popula\u00e7\u00e3o, para que as acione e envie informa\u00e7\u00f5es, em caso de constata\u00e7\u00e3o de perturba\u00e7\u00e3o do sossego, eventos clandestinos ou outras irregularidades. O contato pode ser feito pelos telefones: 153 (GCM) e 190 (Pol\u00edcia Militar).<\/span><\/p>\n<div class=\"pms-galeria\" itemscope=\"\" itemtype=\"http:\/\/schema.org\/ImageGallery\">\n<p>\t\t<span itemprop=\"caption description\" style=\"display: none;\"\/><\/p>\n<p>\t\t<span itemprop=\"caption description\" style=\"display: none;\"\/><\/p><\/div>\n<p><!-- Root element of PhotoSwipe. Must have class pswp. --><\/p><\/div>\n","protected":false},"excerpt":{"rendered":"<p>12 de janeiro de 2025 15:34 Por: Eduardo Santinon Fotos: GCM \u00a0 Um opera\u00e7\u00e3o realizada&#8230;<\/p>\n","protected":false},"author":2,"featured_media":0,"comment_status":"","ping_status":"","sticky":false,"template":"","format":"standard","meta":{"footnotes":""},"categories":[2],"tags":[],"class_list":["post-17236","post","type-post","status-publish","format-standard","hentry","category-jogos-ao-vivo"],"amp_enabled":true,"_links":{"self":[{"href":"https:\/\/ipatingafc.com.br\/index.php\/wp-json\/wp\/v2\/posts\/17236","targetHints":{"allow":["GET"]}}],"collection":[{"href":"https:\/\/ipatingafc.com.br\/index.php\/wp-json\/wp\/v2\/posts"}],"about":[{"href":"https:\/\/ipatingafc.com.br\/index.php\/wp-json\/wp\/v2\/types\/post"}],"author":[{"embeddable":true,"href":"https:\/\/ipatingafc.com.br\/index.php\/wp-json\/wp\/v2\/users\/2"}],"replies":[{"embeddable":true,"href":"https:\/\/ipatingafc.com.br\/index.php\/wp-json\/wp\/v2\/comments?post=17236"}],"version-history":[{"count":0,"href":"https:\/\/ipatingafc.com.br\/index.php\/wp-json\/wp\/v2\/posts\/17236\/revisions"}],"wp:attachment":[{"href":"https:\/\/ipatingafc.com.br\/index.php\/wp-json\/wp\/v2\/media?parent=17236"}],"wp:term":[{"taxonomy":"category","embeddable":true,"href":"https:\/\/ipatingafc.com.br\/index.php\/wp-json\/wp\/v2\/categories?post=17236"},{"taxonomy":"post_tag","embeddable":true,"href":"https:\/\/ipatingafc.com.br\/index.php\/wp-json\/wp\/v2\/tags?post=17236"}],"curies":[{"name":"wp","href":"https:\/\/api.w.org\/{rel}","templated":true}]}}