{"id":17355,"date":"2025-01-17T15:05:33","date_gmt":"2025-01-17T18:05:33","guid":{"rendered":"https:\/\/ipatingafc.com.br\/index.php\/2025\/01\/17\/comlurb-prepara-operacao-especial-de-limpeza-para-procissao-de-sao-sebastiao-prefeitura-da-cidade-do-rio-de-janeiro\/"},"modified":"2025-01-17T15:05:33","modified_gmt":"2025-01-17T18:05:33","slug":"comlurb-prepara-operacao-especial-de-limpeza-para-procissao-de-sao-sebastiao-prefeitura-da-cidade-do-rio-de-janeiro","status":"publish","type":"post","link":"https:\/\/ipatingafc.com.br\/index.php\/2025\/01\/17\/comlurb-prepara-operacao-especial-de-limpeza-para-procissao-de-sao-sebastiao-prefeitura-da-cidade-do-rio-de-janeiro\/","title":{"rendered":"Comlurb prepara opera\u00e7\u00e3o especial de limpeza para Prociss\u00e3o de S\u00e3o Sebasti\u00e3o &#8211; Prefeitura da Cidade do Rio de Janeiro"},"content":{"rendered":"<p><\/p>\n<div id=\"main\">\n<div class=\"wrapper-breadcrumbs\" wp_automatic_readability=\"43.05421686747\">\n<div class=\"image-post\" wp_automatic_readability=\"36\">\n                     Al\u00e9m da Catedral Metropolitana, no Centro, haver\u00e1 missas em Vig\u00e1rio Geral, Bento Ribeiro e Praia do Cocot\u00e1 &#8211; Divulga\u00e7\u00e3o\/Comlurb                  <\/div>\n<p>A Comlurb programou uma opera\u00e7\u00e3o especial para garantir a limpeza no percurso da Prociss\u00e3o de S\u00e3o Sebasti\u00e3o, padroeiro da Cidade do Rio de Janeiro, data que ser\u00e1 comemorada nesta segunda-feira, dia 20\/01. A prociss\u00e3o sai da Igreja dos Capuchinhos, na Rua Haddock Lobo, no Rio Comprido, e tem como destino final a Catedral Metropolitana, na Avenida Chile, no Centro. A Companhia vai atuar com 37 garis nos servi\u00e7os de varri\u00e7\u00e3o e remo\u00e7\u00e3o dos res\u00edduos, antes, durante e depois da prociss\u00e3o, com apoio de duas varredeiras de grande porte, quatro pipas d\u2019 \u00e1gua para lavagem das vias com \u00e1gua de reuso e uma mistura de detergente e hipoclorito, e um caminh\u00e3o coletor.<\/p>\n<p>A Companhia instalou 35 cont\u00eaineres de 240 litros e 16 caixas de grande capacidade, de 1.200 litros, em pontos estrat\u00e9gicos do trajeto da prociss\u00e3o e no entorno da Catedral, para que os fi\u00e9is possam fazer o descarte de seus res\u00edduos de forma correta. A Comlurb pede que todos colaborem depositando o lixo nos cont\u00eaineres dispon\u00edveis.<\/p>\n<p>As festas em homenagem ao Padroeiro se estendem \u00e0s \u00e1reas externas de outras tr\u00eas par\u00f3quias. Em Vig\u00e1rio Geral, ser\u00e3o 13 garis, que fazem o servi\u00e7o de limpeza com apoio de um caminh\u00e3o compactador, um caminh\u00e3o sat\u00e9lite, um soprador e uma pipa d\u00b4\u00e1gua para lavagem das ruas com \u00e1gua de reuso; em Bento Ribeiro, ser\u00e3o 12 garis, que contam com apoio de um compactador, um sat\u00e9lite, um soprador e uma pipa d\u00b4\u00e1gua; J\u00e1 na Praia de Cocot\u00e1, na Ilha do Governador, ser\u00e3o 12 garis, que trabalham com um caminh\u00e3o compactador, um soprador e uma pipa d\u00b4\u00e1gua.<\/p>\n<p>A Comlurb tamb\u00e9m estar\u00e1 com equipe de limpeza no Aterro do Flamengo, a partir das 6h, onde ocorre a Corrida de S\u00e3o Sebasti\u00e3o.<\/p>\n<p>             <!-- Compartilhe ---><\/p>\n<p>\t\t\t <!-- TAGS --><\/p>\n<section class=\"category-tags\">\n<div class=\"marcacao-category\">\n<article class=\"category-post\">\n<p>Categoria: <\/p>\n<\/article>\n<li>17 de janeiro de 2025<\/li><\/div>\n<article class=\"tags\">\n\t\t\t\t\tMarca\u00e7\u00f5es: Comlurb feriado Homenagem limpezas Prefeitura do Rio S\u00e3o Sebasti\u00e3o<br \/><\/article>\n<\/section>\n<p>            <!-- Mais Not&iacute;cias --><\/p>\n<p>\t\t<!-- Conte&uacute;do SIDEBAR --><\/p><\/div>\n<\/p><\/div>\n","protected":false},"excerpt":{"rendered":"<p>Al\u00e9m da Catedral Metropolitana, no Centro, haver\u00e1 missas em Vig\u00e1rio Geral, Bento Ribeiro e Praia&#8230;<\/p>\n","protected":false},"author":2,"featured_media":0,"comment_status":"","ping_status":"","sticky":false,"template":"","format":"standard","meta":{"footnotes":""},"categories":[2],"tags":[],"class_list":["post-17355","post","type-post","status-publish","format-standard","hentry","category-jogos-ao-vivo"],"amp_enabled":true,"_links":{"self":[{"href":"https:\/\/ipatingafc.com.br\/index.php\/wp-json\/wp\/v2\/posts\/17355","targetHints":{"allow":["GET"]}}],"collection":[{"href":"https:\/\/ipatingafc.com.br\/index.php\/wp-json\/wp\/v2\/posts"}],"about":[{"href":"https:\/\/ipatingafc.com.br\/index.php\/wp-json\/wp\/v2\/types\/post"}],"author":[{"embeddable":true,"href":"https:\/\/ipatingafc.com.br\/index.php\/wp-json\/wp\/v2\/users\/2"}],"replies":[{"embeddable":true,"href":"https:\/\/ipatingafc.com.br\/index.php\/wp-json\/wp\/v2\/comments?post=17355"}],"version-history":[{"count":0,"href":"https:\/\/ipatingafc.com.br\/index.php\/wp-json\/wp\/v2\/posts\/17355\/revisions"}],"wp:attachment":[{"href":"https:\/\/ipatingafc.com.br\/index.php\/wp-json\/wp\/v2\/media?parent=17355"}],"wp:term":[{"taxonomy":"category","embeddable":true,"href":"https:\/\/ipatingafc.com.br\/index.php\/wp-json\/wp\/v2\/categories?post=17355"},{"taxonomy":"post_tag","embeddable":true,"href":"https:\/\/ipatingafc.com.br\/index.php\/wp-json\/wp\/v2\/tags?post=17355"}],"curies":[{"name":"wp","href":"https:\/\/api.w.org\/{rel}","templated":true}]}}