{"id":17357,"date":"2025-01-17T17:26:36","date_gmt":"2025-01-17T20:26:36","guid":{"rendered":"https:\/\/ipatingafc.com.br\/index.php\/2025\/01\/17\/seop-desocupa-terreno-invadido-por-pessoas-em-situacao-de-rua-em-botafogo-prefeitura-da-cidade-do-rio-de-janeiro\/"},"modified":"2025-01-17T17:26:36","modified_gmt":"2025-01-17T20:26:36","slug":"seop-desocupa-terreno-invadido-por-pessoas-em-situacao-de-rua-em-botafogo-prefeitura-da-cidade-do-rio-de-janeiro","status":"publish","type":"post","link":"https:\/\/ipatingafc.com.br\/index.php\/2025\/01\/17\/seop-desocupa-terreno-invadido-por-pessoas-em-situacao-de-rua-em-botafogo-prefeitura-da-cidade-do-rio-de-janeiro\/","title":{"rendered":"Seop desocupa terreno invadido por pessoas em situa\u00e7\u00e3o de rua, em Botafogo &#8211; Prefeitura da Cidade do Rio de Janeiro"},"content":{"rendered":"<p><\/p>\n<div id=\"main\">\n<div class=\"wrapper-breadcrumbs\" wp_automatic_readability=\"51.142275148856\">\n<div class=\"image-post\" wp_automatic_readability=\"32\">\n                     A Seop realizou diversas opera\u00e7\u00f5es na Zona Sul nesta sexta-feira &#8211; Divulga\u00e7\u00e3o                  <\/div>\n<p>A Secretaria de Ordem P\u00fablica (Seop) realizou, nesta sexta-feira (17\/1), a desocupa\u00e7\u00e3o de um terreno invadido por pessoas em situa\u00e7\u00e3o de rua na Rua Visconde Silva, em Botafogo. O local estava em condi\u00e7\u00f5es insalubres, com muito lixo e mato alto. Os agentes apreenderam materiais para consumo de drogas, al\u00e9m de uma serra, facas e perfurocortantes que simulavam armas de fogo. A Comlurb recolheu 1,5 tonelada de res\u00edduos encontrada no local. Tr\u00eas pessoas foram conduzidas para a 10\u00aa DP, em Botafogo.<\/p>\n<p><strong>A\u00e7\u00f5es de ordenamento em outros pontos da Zona Sul\u00a0<\/strong><\/p>\n<p>J\u00e1 na Praia do Flamengo, agentes da Seop atuaram no desmonte de um acampamento ilegal, erguido por pessoas em situa\u00e7\u00e3o de rua. O local estava ocupado com colch\u00f5es, rede para descanso, grelha, entre outros. Al\u00e9m desses itens, foram apreendidas tr\u00eas facas, um material para consumo de drogas e uma pequena por\u00e7\u00e3o de entorpecentes.<\/p>\n<p>A Secretaria Municipal de Assist\u00eancia Social (SMAS), que participou da opera\u00e7\u00e3o, abordou os seis moradores do acampamento, que recusaram o encaminhamento para os abrigos da Prefeitura. A Comlurb tamb\u00e9m esteve presente e atuou na limpeza, coletando 1.500 quilos de lixo.<\/p>\n<p>Ainda nesta regi\u00e3o, a equipe direcionou sua aten\u00e7\u00e3o para um local onde estava sendo realizado bronzeamento sem autoriza\u00e7\u00e3o, com a instala\u00e7\u00e3o de uma barraca em \u00e1rea p\u00fablica. O respons\u00e1vel foi abordado e orientado a encerrar as atividades.<\/p>\n<p><strong>Loteamento irregular na praia do Leblon<\/strong><\/p>\n<p>Na praia do Leblon, na altura do posto 12, um barraqueiro realizava loteamento irregular da areia. As equipes apreenderam dez cadeiras e um guarda-sol que estavam abertos, sem clientes, caracterizando ocupa\u00e7\u00e3o irregular. O respons\u00e1vel pela barraca foi autuado.<\/p>\n<blockquote wp_automatic_readability=\"16\">\n<p>\u2013 Essas a\u00e7\u00f5es s\u00e3o a\u00e7\u00f5es importantes de ordenamento urbano que a Secretaria de Ordem P\u00fablica vai continuar fazendo, com refor\u00e7o durante o final de semana e no feriado. Nossas a\u00e7\u00f5es t\u00eam como foco a atua\u00e7\u00e3o nas praias e \u00e1rea de lazer durante o dia e no trabalho noturno em bares e restaurantes, especialmente em polos gastron\u00f4micos, para que a gente consiga, ao longo desse per\u00edodo de praia, de sol, de lazer, manter a cidade ordenada para que as pessoas possam se divertir com tranquilidade \u2013 refor\u00e7ou o secret\u00e1rio de Ordem P\u00fablica, Brenno Carnevale.<\/p>\n<\/blockquote>\n<p>             <!-- Compartilhe ---><\/p>\n<p>\t\t\t <!-- TAGS --><\/p>\n<section class=\"category-tags\">\n<div class=\"marcacao-category\">\n<article class=\"category-post\">\n<p>Categoria: <\/p>\n<\/article>\n<li>17 de janeiro de 2025<\/li><\/div>\n<article class=\"tags\">\n\t\t\t\t\tMarca\u00e7\u00f5es: A\u00e7\u00e3o de ordenamento Botafogo Ordem P\u00fablica pessoas em situa\u00e7\u00e3o de rua] Praia do Flamengo Praia do Leblon<br \/><\/article>\n<\/section>\n<p>            <!-- Mais Not&iacute;cias --><\/p>\n<p>\t\t<!-- Conte&uacute;do SIDEBAR --><\/p><\/div>\n<\/p><\/div>\n","protected":false},"excerpt":{"rendered":"<p>A Seop realizou diversas opera\u00e7\u00f5es na Zona Sul nesta sexta-feira &#8211; Divulga\u00e7\u00e3o A Secretaria de&#8230;<\/p>\n","protected":false},"author":2,"featured_media":0,"comment_status":"","ping_status":"","sticky":false,"template":"","format":"standard","meta":{"footnotes":""},"categories":[2],"tags":[],"class_list":["post-17357","post","type-post","status-publish","format-standard","hentry","category-jogos-ao-vivo"],"amp_enabled":true,"_links":{"self":[{"href":"https:\/\/ipatingafc.com.br\/index.php\/wp-json\/wp\/v2\/posts\/17357","targetHints":{"allow":["GET"]}}],"collection":[{"href":"https:\/\/ipatingafc.com.br\/index.php\/wp-json\/wp\/v2\/posts"}],"about":[{"href":"https:\/\/ipatingafc.com.br\/index.php\/wp-json\/wp\/v2\/types\/post"}],"author":[{"embeddable":true,"href":"https:\/\/ipatingafc.com.br\/index.php\/wp-json\/wp\/v2\/users\/2"}],"replies":[{"embeddable":true,"href":"https:\/\/ipatingafc.com.br\/index.php\/wp-json\/wp\/v2\/comments?post=17357"}],"version-history":[{"count":0,"href":"https:\/\/ipatingafc.com.br\/index.php\/wp-json\/wp\/v2\/posts\/17357\/revisions"}],"wp:attachment":[{"href":"https:\/\/ipatingafc.com.br\/index.php\/wp-json\/wp\/v2\/media?parent=17357"}],"wp:term":[{"taxonomy":"category","embeddable":true,"href":"https:\/\/ipatingafc.com.br\/index.php\/wp-json\/wp\/v2\/categories?post=17357"},{"taxonomy":"post_tag","embeddable":true,"href":"https:\/\/ipatingafc.com.br\/index.php\/wp-json\/wp\/v2\/tags?post=17357"}],"curies":[{"name":"wp","href":"https:\/\/api.w.org\/{rel}","templated":true}]}}