{"id":17662,"date":"2025-01-28T16:56:36","date_gmt":"2025-01-28T19:56:36","guid":{"rendered":"https:\/\/ipatingafc.com.br\/index.php\/2025\/01\/28\/cet-rio-monta-esquema-de-transito-para-partida-em-sao-januario-nesta-quarta-feira-prefeitura-da-cidade-do-rio-de-janeiro\/"},"modified":"2025-01-28T16:56:36","modified_gmt":"2025-01-28T19:56:36","slug":"cet-rio-monta-esquema-de-transito-para-partida-em-sao-januario-nesta-quarta-feira-prefeitura-da-cidade-do-rio-de-janeiro","status":"publish","type":"post","link":"https:\/\/ipatingafc.com.br\/index.php\/2025\/01\/28\/cet-rio-monta-esquema-de-transito-para-partida-em-sao-januario-nesta-quarta-feira-prefeitura-da-cidade-do-rio-de-janeiro\/","title":{"rendered":"CET-Rio monta esquema de tr\u00e2nsito para partida em S\u00e3o Janu\u00e1rio nesta quarta-feira &#8211; Prefeitura da Cidade do Rio de Janeiro"},"content":{"rendered":"<p><\/p>\n<div wp_automatic_readability=\"90.203389830508\">\n<div class=\"image-post\" wp_automatic_readability=\"33\">\n                     Est\u00e1dio de S\u00e3o Janu\u00e1rio, na Avenida Roberto Dinamite &#8211; Prefeitura do Rio                  <\/div>\n<div class=\"group\/conversation-turn relative flex w-full min-w-0 flex-col agent-turn\">\n<div class=\"flex-col gap-1 md:gap-3\">\n<div class=\"flex max-w-full flex-col flex-grow\">\n<div class=\"min-h-8 text-message flex w-full flex-col items-end gap-2 whitespace-normal break-words text-start [.text-message+&amp;]:mt-5\" dir=\"auto\" data-message-author-role=\"assistant\" data-message-id=\"8c26c4fe-40b8-433f-b8e4-060487b0db14\" data-message-model-slug=\"gpt-4o-mini\">\n<div class=\"flex w-full flex-col gap-1 empty:hidden first:pt-[3px]\" wp_automatic_readability=\"15\">\n<div class=\"markdown prose w-full break-words dark:prose-invert light\" wp_automatic_readability=\"25\">\n<p>A CET-Rio realizar\u00e1 uma opera\u00e7\u00e3o de tr\u00e2nsito nesta quarta-feira, 29\/01, para o jogo do Campeonato Carioca entre Maric\u00e1 e Vasco, \u00e0s 19h, no Est\u00e1dio S\u00e3o Janu\u00e1rio. A partir do meio-dia, haver\u00e1 interdi\u00e7\u00f5es no tr\u00e2nsito de ve\u00edculos na regi\u00e3o.<\/p>\n<p>A opera\u00e7\u00e3o contar\u00e1 com 30 agentes da CET-Rio, apoiadores de tr\u00e1fego, quatro ve\u00edculos operacionais e dez motocicletas. Al\u00e9m disso, sete pain\u00e9is de mensagens vari\u00e1veis ser\u00e3o instalados para informar os hor\u00e1rios das interdi\u00e7\u00f5es e as rotas alternativas. O objetivo \u00e9 garantir a seguran\u00e7a vi\u00e1ria, a fluidez do tr\u00e2nsito, a manuten\u00e7\u00e3o dos cruzamentos livres e fornecer orienta\u00e7\u00f5es a torcedores, pedestres e motoristas.<\/p>\n<p><strong>Interdi\u00e7\u00f5es<\/strong><\/p>\n<\/div>\n<\/div>\n<\/div>\n<\/div>\n<\/div>\n<\/div>\n<p>Das 12h \u00e0s 22h<\/p>\n<p>\u2013 Rua Francisco Palheta, entre a rua S\u00e3o Janu\u00e1rio e a rua Ricardo Machado;<\/p>\n<p>\u2013 Avenida Roberto Dinamite, entre a rua Ricardo Machado e a rua Dom Carlos;<\/p>\n<p>\u2013 Rua Ferreira de Ara\u00fajo, entre a rua Dulce Rosalina e a avenida Roberto Dinamite.<\/p>\n<p>Das 15h \u00e0s 22h<\/p>\n<p>\u2013 Rua S\u00e3o Janu\u00e1rio, entre a rua Dom Carlos e a rua Bonfim;<\/p>\n<p>\u2013 Rua General Argolo, entre a rua Teixeira J\u00fanior e a rua S\u00e3o Janu\u00e1rio;<\/p>\n<p>\u2013 Rua do Bonfim, sentido Est\u00e1dio de S\u00e3o Janu\u00e1rio, entre a rua Newton Prado e a rua S\u00e3o Janu\u00e1rio;<\/p>\n<p>\u2013 Rua Ricardo Machado, entre a rua Bela e a rua Prefeito Ol\u00edmpio de Melo;<\/p>\n<p>\u2013 Rua Lima Barros, entre a rua Ricardo Machado e a Rua do Bonfim;<\/p>\n<p>\u2013 Rua Newton Prado, entre a rua Ricardo Machado e a rua do Bonfim;<\/p>\n<p>\u2013 Rua Dom Carlos, entre a rua S\u00e3o Janu\u00e1rio e a avenida Roberto Dinamite.<\/p>\n<p>\u00a0<\/p>\n<p><strong>Invers\u00e3o do sentido da via<\/strong><br \/>Das 15h \u00e0s 22h<\/p>\n<p>\u2013 Rua Teixeira J\u00fanior, entre a avenida Roberto Dinamite e a rua S\u00e3o Janu\u00e1rio, que funcionar\u00e1 no sentido rua S\u00e3o Janu\u00e1rio \u00e0 avenida Roberto Dinamite.<\/p>\n<p><strong>Proibi\u00e7\u00e3o de estacionamento\u00a0<\/strong><br \/>A partir das 22h de ter\u00e7a-feira (28\/01) at\u00e9 22h de quarta-feira (29\/01)<\/p>\n<p>\u2013 Avenida Roberto Dinamite, entre a rua Ricardo Machado e a rua Dom Carlos, em ambos os lados, inclusive na pista lateral do acesso ao estacionamento.<\/p>\n<p>A partir da meia-noite do dia da partida at\u00e9 \u00e0s 22h<\/p>\n<p>\u2013 Rua Argentina, entre as edifica\u00e7\u00f5es de n\u00fameros 303 e 195, em ambos os lados;<\/p>\n<p>\u2013 Rua Teixeira J\u00fanior, entre a rua S\u00e3o Janu\u00e1rio e a rua General Argolo.<\/p>\n<p>\u2013 Rua Francisco Palheta, entre a rua S\u00e3o Janu\u00e1rio e a rua Ricardo Machado;<\/p>\n<p>\u2013 Rua Ferreira de Ara\u00fajo, entre a rua Dulce Rosalina e a avenida Roberto Dinamite;<\/p>\n<p>\u2013 Rua S\u00e3o Janu\u00e1rio, entre a rua Dom Carlos e a rua Bonfim;<\/p>\n<p>\u2013 Rua General Argolo, entre a rua Teixeira J\u00fanior e a rua S\u00e3o Janu\u00e1rio;<\/p>\n<p>\u2013 Rua do Bonfim, no sentido ao Est\u00e1dio de S\u00e3o Janu\u00e1rio, entre a rua Newton Prado e a rua S\u00e3o Janu\u00e1rio;<\/p>\n<p>\u2013 Rua Ricardo Machado, entre a rua Bela e a rua Prefeito Ol\u00edmpio de Melo;<\/p>\n<p>\u2013 Rua Lima Barros, entre a rua Ricardo Machado e a rua do Bonfim;<\/p>\n<p>\u2013 Rua Newton Prado, entre a rua Ricardo Machado e a rua do Bonfim;<\/p>\n<p>\u2013 Rua Dom Carlos, entre a rua S\u00e3o Janu\u00e1rio e a avenida Roberto Dinamite.<\/p>\n<p>T\u00e9cnicos da CET-Rio, no Centro de Opera\u00e7\u00f5es Rio (COR), ir\u00e3o monitorar toda a movimenta\u00e7\u00e3o do tr\u00e2nsito por meio das c\u00e2meras para que, se necess\u00e1rio, sejam feitos ajustes na programa\u00e7\u00e3o semaf\u00f3rica com o objetivo de garantir as boas condi\u00e7\u00f5es.<\/p>\n<p><strong>Moradores do entorno<\/strong><\/p>\n<p>O acesso de ve\u00edculos de moradores do entorno ser\u00e1 feito mediante apresenta\u00e7\u00e3o de comprovante de resid\u00eancia.<\/p>\n<p>             <!-- Compartilhe ---><\/p>\n<p>\t\t\t <!-- TAGS --><\/p>\n<section class=\"category-tags\">\n<div class=\"marcacao-category\">\n<article class=\"category-post\">\n<p>Categoria: <\/p>\n<\/article>\n<li>28 de janeiro de 2025<\/li><\/div>\n<article class=\"tags\">\n\t\t\t\t\tMarca\u00e7\u00f5es: Campeonato Carioca CET-Rio Prefeitura do Rio S\u00e3o Janu\u00e1rio tr\u00e2nsito<br \/><\/article>\n<\/section>\n<p>            <!-- Mais Not&iacute;cias --><\/p>\n<p>\t\t<!-- Conte&uacute;do SIDEBAR --><\/p><\/div>\n","protected":false},"excerpt":{"rendered":"<p>Est\u00e1dio de S\u00e3o Janu\u00e1rio, na Avenida Roberto Dinamite &#8211; Prefeitura do Rio A CET-Rio realizar\u00e1&#8230;<\/p>\n","protected":false},"author":2,"featured_media":0,"comment_status":"","ping_status":"","sticky":false,"template":"","format":"standard","meta":{"footnotes":""},"categories":[2],"tags":[],"class_list":["post-17662","post","type-post","status-publish","format-standard","hentry","category-jogos-ao-vivo"],"amp_enabled":true,"_links":{"self":[{"href":"https:\/\/ipatingafc.com.br\/index.php\/wp-json\/wp\/v2\/posts\/17662","targetHints":{"allow":["GET"]}}],"collection":[{"href":"https:\/\/ipatingafc.com.br\/index.php\/wp-json\/wp\/v2\/posts"}],"about":[{"href":"https:\/\/ipatingafc.com.br\/index.php\/wp-json\/wp\/v2\/types\/post"}],"author":[{"embeddable":true,"href":"https:\/\/ipatingafc.com.br\/index.php\/wp-json\/wp\/v2\/users\/2"}],"replies":[{"embeddable":true,"href":"https:\/\/ipatingafc.com.br\/index.php\/wp-json\/wp\/v2\/comments?post=17662"}],"version-history":[{"count":0,"href":"https:\/\/ipatingafc.com.br\/index.php\/wp-json\/wp\/v2\/posts\/17662\/revisions"}],"wp:attachment":[{"href":"https:\/\/ipatingafc.com.br\/index.php\/wp-json\/wp\/v2\/media?parent=17662"}],"wp:term":[{"taxonomy":"category","embeddable":true,"href":"https:\/\/ipatingafc.com.br\/index.php\/wp-json\/wp\/v2\/categories?post=17662"},{"taxonomy":"post_tag","embeddable":true,"href":"https:\/\/ipatingafc.com.br\/index.php\/wp-json\/wp\/v2\/tags?post=17662"}],"curies":[{"name":"wp","href":"https:\/\/api.w.org\/{rel}","templated":true}]}}