{"id":17848,"date":"2025-02-03T18:18:41","date_gmt":"2025-02-03T21:18:41","guid":{"rendered":"https:\/\/ipatingafc.com.br\/index.php\/2025\/02\/03\/mania-de-voce-hugo-entra-em-panico-apos-diagnostico-medico\/"},"modified":"2025-02-03T18:18:41","modified_gmt":"2025-02-03T21:18:41","slug":"mania-de-voce-hugo-entra-em-panico-apos-diagnostico-medico","status":"publish","type":"post","link":"https:\/\/ipatingafc.com.br\/index.php\/2025\/02\/03\/mania-de-voce-hugo-entra-em-panico-apos-diagnostico-medico\/","title":{"rendered":"Mania de Voc\u00ea, Hugo entra em p\u00e2nico ap\u00f3s diagn\u00f3stico m\u00e9dico"},"content":{"rendered":"<p><\/p>\n<div wp_automatic_readability=\"113.15121086828\">\n<p><strong>Mania de Voc\u00ea: Hugo entra em p\u00e2nico ap\u00f3s diagn\u00f3stico m\u00e9dico<\/strong><\/p>\n<p>Nos pr\u00f3ximos cap\u00edtulos de <em>Mania de Voc\u00ea<\/em>, Hugo (Danilo Grangheia) viver\u00e1 momentos de puro desespero ao acreditar que est\u00e1 gravemente doente. O gerente do resort come\u00e7ar\u00e1 a sentir fortes dores de cabe\u00e7a e, ap\u00f3s desmaiar no trabalho, decidir\u00e1 procurar um m\u00e9dico. Para sua surpresa, ele receber\u00e1 um diagn\u00f3stico aterrorizante: um aneurisma em uma regi\u00e3o inoper\u00e1vel do c\u00e9rebro.<\/p>\n<h2><strong>O desespero de Hugo ap\u00f3s o diagn\u00f3stico<\/strong><\/h2>\n<p>Ao receber a not\u00edcia do especialista, Hugo entrar\u00e1 em choque e se questionar\u00e1 sobre o tempo que ainda tem de vida. Acompanhado por Gael (Igor Cosso), ele se ver\u00e1 completamente perdido diante da incerteza da situa\u00e7\u00e3o. Convencido de que est\u00e1 em uma contagem regressiva para a morte, o gerente do Albacoa come\u00e7ar\u00e1 a tomar atitudes impulsivas, tentando aproveitar ao m\u00e1ximo seus \u201c\u00faltimos dias\u201d.<\/p>\n<p>Mesmo com o m\u00e9dico explicando que o aneurisma pode nunca se romper e que h\u00e1 casos de pessoas que viveram por anos com a condi\u00e7\u00e3o, Hugo continuar\u00e1 acreditando no pior. Ele optar\u00e1 por esconder a informa\u00e7\u00e3o de Diana (Vanessa Bueno), para n\u00e3o preocup\u00e1-la, mas sua mudan\u00e7a repentina de comportamento chamar\u00e1 aten\u00e7\u00e3o.<\/p>\n<h2><strong>Com\u00e9dia de enganos: Hugo n\u00e3o est\u00e1 realmente doente<\/strong><\/h2>\n<p>Apesar da carga dram\u00e1tica da situa\u00e7\u00e3o, <em>Mania de Voc\u00ea<\/em> seguir\u00e1 sua proposta de com\u00e9dia de enganos. No roteiro entregue ao elenco, o autor Jo\u00e3o Emanuel Carneiro deixou claro que tudo n\u00e3o passar\u00e1 de um mal-entendido. O diagn\u00f3stico de Hugo estar\u00e1 equivocado, e a confus\u00e3o gerar\u00e1 momentos hil\u00e1rios na trama.<\/p>\n<p>Enquanto acredita que est\u00e1 com os dias contados, o gerente do resort mudar\u00e1 completamente sua rotina, adotando h\u00e1bitos saud\u00e1veis e seguindo recomenda\u00e7\u00f5es m\u00e9dicas \u00e0 risca. No entanto, sua nova postura exagerada gerar\u00e1 situa\u00e7\u00f5es c\u00f4micas, especialmente quando a verdade vier \u00e0 tona.<\/p>\n<p>Os telespectadores podem esperar cenas divertidas e uma reviravolta inesperada que revelar\u00e1 que Hugo, afinal, n\u00e3o tem nada de grave. Esse desenrolar refor\u00e7a o tom leve e descontra\u00eddo da novela das nove da TV Globo.<\/p>\n<p>Acompanhe os pr\u00f3ximos cap\u00edtulos de <em>Mania de Voc\u00ea<\/em> para descobrir como essa confus\u00e3o ser\u00e1 desfeita!<\/p>\n<h3>Bruno Gagliasso rompe com a Globo e fecha com a rival<\/h3>\n<p>Ap\u00f3s 18 anos de trajet\u00f3ria na Globo, o ator <strong>Bruno Gagliasso<\/strong> decidiu encerrar seu contrato com a emissora para buscar novos desafios. Embora a princ\u00edpio tivesse interesse em projetos independentes dentro da pr\u00f3pria Globo, o artista optou por uma mudan\u00e7a radical e assinou contrato com a <strong>Netflix<\/strong>, consolidando sua entrada no mercado de streaming.<\/p>\n<h4>Insatisfa\u00e7\u00e3o com novelas<\/h4>\n<p>A decis\u00e3o de Gagliasso veio ap\u00f3s algumas decep\u00e7\u00f5es com seus \u00faltimos trabalhos na televis\u00e3o aberta. O ator interpretou personagens de destaque, mas os resultados n\u00e3o corresponderam \u00e0s expectativas. Em <strong>2015<\/strong>, ele deu vida ao vil\u00e3o Murilo na novela <em>Babil\u00f4nia<\/em>, um cafet\u00e3o cuja trajet\u00f3ria foi suavizada devido \u00e0 baixa aceita\u00e7\u00e3o do p\u00fablico. A trama acabou sendo um fracasso de audi\u00eancia no hor\u00e1rio nobre da emissora.<\/p>\n<p>J\u00e1 em <em>Sol Nascente<\/em> (2016-2017), onde protagonizou a novela das seis, o desempenho da produ\u00e7\u00e3o tamb\u00e9m deixou a desejar. Sua \u00faltima atua\u00e7\u00e3o na Globo foi em <em>O S\u00e9timo Guardi\u00e3o<\/em> (2018), novela marcada por pol\u00eamicas e uma recep\u00e7\u00e3o abaixo do esperado. Esses fatores refor\u00e7aram a decis\u00e3o do ator de se afastar das novelas e buscar novas oportunidades.<\/p>\n<h4>Novo come\u00e7o na Netflix<\/h4>\n<p>Bruno Gagliasso demonstrou grande entusiasmo com sua mudan\u00e7a para a Netflix e chegou a brincar sobre sua avers\u00e3o ao formato das novelas. Durante uma entrevista, o ator manifestou interesse em participar de grandes produ\u00e7\u00f5es da plataforma, como <em>La Casa de Papel<\/em> e <em>Elite<\/em>.<\/p>\n<p>Ainda n\u00e3o h\u00e1 confirma\u00e7\u00e3o oficial sobre qual ser\u00e1 seu primeiro projeto na Netflix, mas a expectativa \u00e9 que ele assuma um papel de destaque em uma s\u00e9rie original da gigante do streaming. O investimento da plataforma em talentos brasileiros tem crescido nos \u00faltimos anos, e a chegada de Gagliasso fortalece essa estrat\u00e9gia.<\/p>\n<p>Com essa nova fase da carreira, o ator se junta a outros artistas que tamb\u00e9m deixaram a TV aberta para apostar no universo digital. Seu talento e versatilidade certamente o colocar\u00e3o como um dos nomes de destaque nas produ\u00e7\u00f5es brasileiras da Netflix.<\/p>\n<p>Agora, resta aos f\u00e3s aguardarem os pr\u00f3ximos an\u00fancios e torcerem pelo sucesso do ator em sua nova jornada no streaming.<\/p>\n<p><!-- CONTENT END 2 --><\/p><\/div>\n","protected":false},"excerpt":{"rendered":"<p>Mania de Voc\u00ea: Hugo entra em p\u00e2nico ap\u00f3s diagn\u00f3stico m\u00e9dico Nos pr\u00f3ximos cap\u00edtulos de Mania&#8230;<\/p>\n","protected":false},"author":2,"featured_media":0,"comment_status":"","ping_status":"","sticky":false,"template":"","format":"standard","meta":{"footnotes":""},"categories":[2],"tags":[],"class_list":["post-17848","post","type-post","status-publish","format-standard","hentry","category-jogos-ao-vivo"],"amp_enabled":true,"_links":{"self":[{"href":"https:\/\/ipatingafc.com.br\/index.php\/wp-json\/wp\/v2\/posts\/17848","targetHints":{"allow":["GET"]}}],"collection":[{"href":"https:\/\/ipatingafc.com.br\/index.php\/wp-json\/wp\/v2\/posts"}],"about":[{"href":"https:\/\/ipatingafc.com.br\/index.php\/wp-json\/wp\/v2\/types\/post"}],"author":[{"embeddable":true,"href":"https:\/\/ipatingafc.com.br\/index.php\/wp-json\/wp\/v2\/users\/2"}],"replies":[{"embeddable":true,"href":"https:\/\/ipatingafc.com.br\/index.php\/wp-json\/wp\/v2\/comments?post=17848"}],"version-history":[{"count":0,"href":"https:\/\/ipatingafc.com.br\/index.php\/wp-json\/wp\/v2\/posts\/17848\/revisions"}],"wp:attachment":[{"href":"https:\/\/ipatingafc.com.br\/index.php\/wp-json\/wp\/v2\/media?parent=17848"}],"wp:term":[{"taxonomy":"category","embeddable":true,"href":"https:\/\/ipatingafc.com.br\/index.php\/wp-json\/wp\/v2\/categories?post=17848"},{"taxonomy":"post_tag","embeddable":true,"href":"https:\/\/ipatingafc.com.br\/index.php\/wp-json\/wp\/v2\/tags?post=17848"}],"curies":[{"name":"wp","href":"https:\/\/api.w.org\/{rel}","templated":true}]}}