{"id":17975,"date":"2025-02-07T12:09:45","date_gmt":"2025-02-07T15:09:45","guid":{"rendered":"https:\/\/ipatingafc.com.br\/index.php\/2025\/02\/07\/agentes-do-brt-seguro-detem-tres-homens-por-furto-de-cabos-prefeitura-da-cidade-do-rio-de-janeiro\/"},"modified":"2025-02-07T12:09:45","modified_gmt":"2025-02-07T15:09:45","slug":"agentes-do-brt-seguro-detem-tres-homens-por-furto-de-cabos-prefeitura-da-cidade-do-rio-de-janeiro","status":"publish","type":"post","link":"https:\/\/ipatingafc.com.br\/index.php\/2025\/02\/07\/agentes-do-brt-seguro-detem-tres-homens-por-furto-de-cabos-prefeitura-da-cidade-do-rio-de-janeiro\/","title":{"rendered":"Agentes do BRT Seguro det\u00eam tr\u00eas homens por furto de cabos &#8211; Prefeitura da Cidade do Rio de Janeiro"},"content":{"rendered":"<p><\/p>\n<div id=\"main\">\n<div class=\"wrapper-breadcrumbs\" wp_automatic_readability=\"20.809430255403\">\n<p>Na madrugada desta sexta-feira (07), agentes do programa BRT Seguro, da Secretaria de Ordem P\u00fablica, detiveram tr\u00eas homens suspeitos de furtar cabos, ap\u00f3s desembarcarem com o material na esta\u00e7\u00e3o Louren\u00e7o Jorge, na Barra da Tijuca.<\/p>\n<p>Por volta das 3h20, os agentes foram acionados pela equipe de monitoramento do BRT, que flagrou tr\u00eas indiv\u00edduos na plataforma com uma ca\u00e7amba laranja, semelhante \u00e0s utilizadas pela Comlurb.<\/p>\n<p>Diante do relato suspeito, os agentes foram at\u00e9 o local e realizaram a abordagem. Foram encontrados, aproximadamente, cinco metros de cabos de telefonia no interior dessa ca\u00e7amba.<\/p>\n<p>Os detidos, identificados como Vin\u00edcius da Silva Coelho Carvalho, Valdir de Souza Soares e Jefferson Bernardino da Silva, foram conduzidos \u00e0 16\u00aa DP para as devidas provid\u00eancias.<\/p>\n<p>             <!-- Compartilhe ---><\/p>\n<p>\t\t\t <!-- TAGS --><\/p>\n<section class=\"category-tags\">\n<div class=\"marcacao-category\">\n<article class=\"category-post\">\n<p>Categoria: <\/p>\n<\/article>\n<li>7 de fevereiro de 2025<\/li><\/div>\n<article class=\"tags\">\n\t\t\t\t\tMarca\u00e7\u00f5es: BRT seguro delegacia furto de cabo Ordem P\u00fablica Prefeitura do Rio pris\u00e3o seop<br \/><\/article>\n<\/section>\n<p>            <!-- Mais Not&iacute;cias --><\/p>\n<p>\t\t<!-- Conte&uacute;do SIDEBAR --><\/p><\/div>\n<\/p><\/div>\n","protected":false},"excerpt":{"rendered":"<p>Na madrugada desta sexta-feira (07), agentes do programa BRT Seguro, da Secretaria de Ordem P\u00fablica,&#8230;<\/p>\n","protected":false},"author":2,"featured_media":0,"comment_status":"","ping_status":"","sticky":false,"template":"","format":"standard","meta":{"footnotes":""},"categories":[2],"tags":[],"class_list":["post-17975","post","type-post","status-publish","format-standard","hentry","category-jogos-ao-vivo"],"amp_enabled":true,"_links":{"self":[{"href":"https:\/\/ipatingafc.com.br\/index.php\/wp-json\/wp\/v2\/posts\/17975","targetHints":{"allow":["GET"]}}],"collection":[{"href":"https:\/\/ipatingafc.com.br\/index.php\/wp-json\/wp\/v2\/posts"}],"about":[{"href":"https:\/\/ipatingafc.com.br\/index.php\/wp-json\/wp\/v2\/types\/post"}],"author":[{"embeddable":true,"href":"https:\/\/ipatingafc.com.br\/index.php\/wp-json\/wp\/v2\/users\/2"}],"replies":[{"embeddable":true,"href":"https:\/\/ipatingafc.com.br\/index.php\/wp-json\/wp\/v2\/comments?post=17975"}],"version-history":[{"count":0,"href":"https:\/\/ipatingafc.com.br\/index.php\/wp-json\/wp\/v2\/posts\/17975\/revisions"}],"wp:attachment":[{"href":"https:\/\/ipatingafc.com.br\/index.php\/wp-json\/wp\/v2\/media?parent=17975"}],"wp:term":[{"taxonomy":"category","embeddable":true,"href":"https:\/\/ipatingafc.com.br\/index.php\/wp-json\/wp\/v2\/categories?post=17975"},{"taxonomy":"post_tag","embeddable":true,"href":"https:\/\/ipatingafc.com.br\/index.php\/wp-json\/wp\/v2\/tags?post=17975"}],"curies":[{"name":"wp","href":"https:\/\/api.w.org\/{rel}","templated":true}]}}