{"id":17996,"date":"2025-02-07T20:46:56","date_gmt":"2025-02-07T23:46:56","guid":{"rendered":"https:\/\/ipatingafc.com.br\/index.php\/2025\/02\/07\/prefeitura-de-sorocaba-entrega-creche-no-jardim-monterrey-agencia-de-noticias\/"},"modified":"2025-02-07T20:46:56","modified_gmt":"2025-02-07T23:46:56","slug":"prefeitura-de-sorocaba-entrega-creche-no-jardim-monterrey-agencia-de-noticias","status":"publish","type":"post","link":"https:\/\/ipatingafc.com.br\/index.php\/2025\/02\/07\/prefeitura-de-sorocaba-entrega-creche-no-jardim-monterrey-agencia-de-noticias\/","title":{"rendered":"Prefeitura de Sorocaba entrega creche no Jardim Monterrey \u2013 Ag\u00eancia de Not\u00edcias"},"content":{"rendered":"<p><\/p>\n<div wp_automatic_readability=\"32\">\n<div class=\"col\" wp_automatic_readability=\"9\">\n<p class=\"mt-0\">\n                        <strong><br \/>\n                            <span class=\"far fa-calendar mr-1 mt-2\"\/><br \/>\n                            7 de fevereiro de 2025<br \/>\n                            <span class=\"far fa-clock ml-3 mt-2\"\/><br \/>\n                            19:45<br \/>\n                        <\/strong>\n                    <\/p>\n<p class=\"mb-0\">Por: <strong>Lu\u00eds Gustavo Adabro<\/strong><\/p>\n<\/p><\/div>\n<\/p><\/div>\n<div wp_automatic_readability=\"127\">\n<p><em>Fotos: Michelle Alves<\/em><\/p>\n<p>A Prefeitura de Sorocaba, por meio da Secretaria da Educa\u00e7\u00e3o (Sedu), entregou, na tarde desta sexta-feira (7), as obras de constru\u00e7\u00e3o do Centro de Educa\u00e7\u00e3o Infantil (CEI) 146 \u201cSandro Luiz Gomes\u201d, localizado na Rua Armando Unruh, 210, no Jardim Monterrey, Zona Norte da cidade.<\/p>\n<p>A nova creche, constru\u00edda com recursos destinados do Fundo Nacional de Desenvolvimento da Educa\u00e7\u00e3o (FNDE), do Governo Federal, tem cinco salas de aula e atender\u00e1 94 crian\u00e7as, de 0 a 3 anos, do ber\u00e7\u00e1rio \u00e0 etapa creche 3 em per\u00edodo integral. A unidade ser\u00e1 administrada pelo Instituto IFMC (Instituto dos Filhos Misericordiosos da Cruz), em gest\u00e3o compartilhada com o Munic\u00edpio.<\/p>\n<p>\u201cFico muito feliz em participar de mais uma inaugura\u00e7\u00e3o de creche, desta vez, no Jardim Monterrey. Parab\u00e9ns \u00e0 todos os envolvidos neste trabalho de grande import\u00e2ncia, que \u00e9 promover espa\u00e7os para a educa\u00e7\u00e3o sorocabana\u201d, destacou o secret\u00e1rio da Sedu, Clayton Lustosa, representando o prefeito Rodrigo Manga, antes de apresentar aos moradores o uniforme escolar e, de forma in\u00e9dita, a mochila gratuita, que foram entregues \u00e0s crian\u00e7as.<\/p>\n<p>Trata-se da 10\u00aa unidade entregue entre aquelas programadas e anunciadas pela atual Administra\u00e7\u00e3o. Tamb\u00e9m j\u00e1 foram inaugurados os Centros de Educa\u00e7\u00e3o Infantil: CEI-144 \u201cCarlos Alberto de Lima Rocco\u201d (Jardim Villagio Millano), CEI-145 \u201cEdson Jonas Gonsalez\u201d (Jardim Santo Amaro), CEI-143 \u201cProf.\u00aa Sara Aparecida Pereira\u201d (Jardim Alpes), CEI-137 \u201cAmbrosina Amaral Marchetti\u201d (Vila Almeida), CEI-138 \u201cProf.\u00aa Ana Carolina Martins Alves Porto Foramiglio\u201d (Jardim Novo Horizonte), CEI-140 \u201cProf. Carlos Camargo Costa\u201d (Parque S\u00e3o Bento), CEI-141 \u201cMaria de Lourdes da Silva Fernandes\u201d (Jardim It\u00e1lia) e o CEI-142 \u201cPedro Aves Guimar\u00e3es Filho\u201d (Jardim dos P\u00e1ssaros). Enquanto, no Jardim Iporanga, foi entregue a Escola Municipal \u201cIsabel Crespo Wey\u201d, que atende a etapa pr\u00e9-escola, em per\u00edodo integral.<\/p>\n<p>\u201cA inaugura\u00e7\u00e3o de mais um Centro de Educa\u00e7\u00e3o Infantil em nossa cidade me deixa muito orgulhoso. Aqui, os mun\u00edcipes poder\u00e3o deixar seus filhos para que possam iniciar vida escolar saud\u00e1vel e pr\u00f3spera. Toda a obra foi feita com muito empenho e dedica\u00e7\u00e3o\u201d, disse o secret\u00e1rio da Serpo, Darwin Jos\u00e9de Almeida Rosa.<\/p>\n<p>Com \u00e1rea total constru\u00edda de 752,07 metros quadrados, o novo CEI foi constru\u00eddo utilizando o m\u00e9todo de constru\u00e7\u00e3o estrutural em PVC\/Concreto, pela empresa Honos Constru\u00e7\u00f5es e Servi\u00e7os Eirelli., vencedora do processo licitat\u00f3rio. As salas de aula e demais depend\u00eancias foram desenhadas para atender \u00e0 comunidade escolar, com todo conforto e seguran\u00e7a.<\/p>\n<p>A unidade conta ainda com sistema construtivo inovador em PVC\/concreto; hall; secretaria; sala de professores\/reuni\u00f5es; diretoria; almoxarifado; sanit\u00e1rios PCD: masculino e feminino; lact\u00e1rio; \u00e1rea de higieniza\u00e7\u00e3o pessoal; frald\u00e1rios; sala de amamenta\u00e7\u00e3o; sol\u00e1rio; sanit\u00e1rio infantil; copa funcion\u00e1rios; lavanderia; vesti\u00e1rio masculino; vesti\u00e1rio feminino; refeit\u00f3rio; cozinha; sala multiuso; p\u00e1tio coberto; playground e ilumina\u00e7\u00e3o em LED.<\/p>\n<p>Cinthia Gaspar esteve presente na inaugura\u00e7\u00e3o do CEI-146, na qual seu filho de dois anos ir\u00e1 frequentar. \u201cA nova creche ficou muito boa, com bastante brinquedos para as crian\u00e7as e um espa\u00e7o bonito para todos. Al\u00e9m disso, as professoras s\u00e3o atenciosas tanto com os pais quanto com os alunos\u201d, ressalta.<\/p>\n<p>O evento contou, ainda, com a participa\u00e7\u00e3o da superintendente do Centro de Acelera\u00e7\u00e3o Desenvolvimento e Inova\u00e7\u00e3o (Cadi), Jessica Pedrosa; do diretor-presidente da Urbes, S\u00e9rgio Barreto; e do ouvidor Geral do Munic\u00edpio, Evandro Bueno. Tamb\u00e9m estiveram presentes os representantes do IFMC, Dom James Tavares, Frei Elton Philip e Daciane Antunes e equipe da Sedu.<\/p>\n<p><!-- Root element of PhotoSwipe. Must have class pswp. --><\/p><\/div>\n","protected":false},"excerpt":{"rendered":"<p>7 de fevereiro de 2025 19:45 Por: Lu\u00eds Gustavo Adabro Fotos: Michelle Alves A Prefeitura&#8230;<\/p>\n","protected":false},"author":2,"featured_media":0,"comment_status":"","ping_status":"","sticky":false,"template":"","format":"standard","meta":{"footnotes":""},"categories":[2],"tags":[],"class_list":["post-17996","post","type-post","status-publish","format-standard","hentry","category-jogos-ao-vivo"],"amp_enabled":true,"_links":{"self":[{"href":"https:\/\/ipatingafc.com.br\/index.php\/wp-json\/wp\/v2\/posts\/17996","targetHints":{"allow":["GET"]}}],"collection":[{"href":"https:\/\/ipatingafc.com.br\/index.php\/wp-json\/wp\/v2\/posts"}],"about":[{"href":"https:\/\/ipatingafc.com.br\/index.php\/wp-json\/wp\/v2\/types\/post"}],"author":[{"embeddable":true,"href":"https:\/\/ipatingafc.com.br\/index.php\/wp-json\/wp\/v2\/users\/2"}],"replies":[{"embeddable":true,"href":"https:\/\/ipatingafc.com.br\/index.php\/wp-json\/wp\/v2\/comments?post=17996"}],"version-history":[{"count":0,"href":"https:\/\/ipatingafc.com.br\/index.php\/wp-json\/wp\/v2\/posts\/17996\/revisions"}],"wp:attachment":[{"href":"https:\/\/ipatingafc.com.br\/index.php\/wp-json\/wp\/v2\/media?parent=17996"}],"wp:term":[{"taxonomy":"category","embeddable":true,"href":"https:\/\/ipatingafc.com.br\/index.php\/wp-json\/wp\/v2\/categories?post=17996"},{"taxonomy":"post_tag","embeddable":true,"href":"https:\/\/ipatingafc.com.br\/index.php\/wp-json\/wp\/v2\/tags?post=17996"}],"curies":[{"name":"wp","href":"https:\/\/api.w.org\/{rel}","templated":true}]}}