{"id":18001,"date":"2025-02-07T22:20:47","date_gmt":"2025-02-08T01:20:47","guid":{"rendered":"https:\/\/ipatingafc.com.br\/index.php\/2025\/02\/07\/prefeitura-mantem-valor-da-tarifa-do-transporte-publico-e-anuncia-outras-novidades-prefeitura-estancia-turistica-guaratingueta\/"},"modified":"2025-02-07T22:20:47","modified_gmt":"2025-02-08T01:20:47","slug":"prefeitura-mantem-valor-da-tarifa-do-transporte-publico-e-anuncia-outras-novidades-prefeitura-estancia-turistica-guaratingueta","status":"publish","type":"post","link":"https:\/\/ipatingafc.com.br\/index.php\/2025\/02\/07\/prefeitura-mantem-valor-da-tarifa-do-transporte-publico-e-anuncia-outras-novidades-prefeitura-estancia-turistica-guaratingueta\/","title":{"rendered":"Prefeitura mant\u00e9m valor da tarifa do transporte p\u00fablico e anuncia outras novidades \u2013 Prefeitura Est\u00e2ncia Tur\u00edstica Guaratinguet\u00e1"},"content":{"rendered":"<p><\/p>\n<div>\n<p>A Prefeitura de Guaratinguet\u00e1 realizou, nesta sexta-feira, 6 de fevereiro, uma live em suas redes sociais, para anunciar not\u00edcias positivas aos mun\u00edcipes que utilizam o transporte p\u00fablico na cidade.<\/p>\n<p>Durante o evento, o prefeito Junior Filippo, acompanhado do secret\u00e1rio de Seguran\u00e7a e Mobilidade Urbana, Paulo Cavalheiro, anunciou que n\u00e3o haver\u00e1 aumento no valor da tarifa, mantendo em R$ 5,50. Para equilibrar o valor contratual junto a empresa respons\u00e1vel, a Prefeitura dar\u00e1 um subs\u00eddio de R$ 3,24. Tal medida proporcionou ao Poder P\u00fablico frear o aumento da tarifa, que segundo a comiss\u00e3o respons\u00e1vel poderia girar em torno de R$10,00.<\/p>\n<p>Tamb\u00e9m foram apresentadas importantes novidades, como o retorno da antiga linha Santa Maria, uma reivindica\u00e7\u00e3o antiga dos usu\u00e1rios, j\u00e1 que essa linha percorre quase todos os bairros da cidade. Dentro desse pacote de melhorias tamb\u00e9m foi anunciada a chegada de um aplicativo para celular denominado \u201cMeu TUG\u201d, que permitir\u00e1 aos cidad\u00e3os acompanharem em tempo real o itiner\u00e1rio dos \u00f4nibus. Essas novidades entram em vigor em at\u00e9 90 dias.<\/p>\n<p>Foi anunciada tamb\u00e9m a substitui\u00e7\u00e3o de seis \u00f4nibus at\u00e9 o final do ano, dos mais antigos para carros zero quil\u00f4metro, com o objetivo de renovar e melhorar a frota.<\/p>\n<p>Na ocasi\u00e3o, o prefeito e o secret\u00e1rio assinaram o decreto que formaliza o subs\u00eddio, reafirmando o compromisso da gest\u00e3o municipal com a qualidade e efici\u00eancia do transporte p\u00fablico em Guaratinguet\u00e1.<\/p>\n<p>Transporte P\u00fablico de Guaratinguet\u00e1: inova\u00e7\u00e3o, qualidade e compromisso com voc\u00ea!\u00a0<\/p>\n<\/p><\/div>\n","protected":false},"excerpt":{"rendered":"<p>A Prefeitura de Guaratinguet\u00e1 realizou, nesta sexta-feira, 6 de fevereiro, uma live em suas redes&#8230;<\/p>\n","protected":false},"author":2,"featured_media":0,"comment_status":"","ping_status":"","sticky":false,"template":"","format":"standard","meta":{"footnotes":""},"categories":[2],"tags":[],"class_list":["post-18001","post","type-post","status-publish","format-standard","hentry","category-jogos-ao-vivo"],"amp_enabled":true,"_links":{"self":[{"href":"https:\/\/ipatingafc.com.br\/index.php\/wp-json\/wp\/v2\/posts\/18001","targetHints":{"allow":["GET"]}}],"collection":[{"href":"https:\/\/ipatingafc.com.br\/index.php\/wp-json\/wp\/v2\/posts"}],"about":[{"href":"https:\/\/ipatingafc.com.br\/index.php\/wp-json\/wp\/v2\/types\/post"}],"author":[{"embeddable":true,"href":"https:\/\/ipatingafc.com.br\/index.php\/wp-json\/wp\/v2\/users\/2"}],"replies":[{"embeddable":true,"href":"https:\/\/ipatingafc.com.br\/index.php\/wp-json\/wp\/v2\/comments?post=18001"}],"version-history":[{"count":0,"href":"https:\/\/ipatingafc.com.br\/index.php\/wp-json\/wp\/v2\/posts\/18001\/revisions"}],"wp:attachment":[{"href":"https:\/\/ipatingafc.com.br\/index.php\/wp-json\/wp\/v2\/media?parent=18001"}],"wp:term":[{"taxonomy":"category","embeddable":true,"href":"https:\/\/ipatingafc.com.br\/index.php\/wp-json\/wp\/v2\/categories?post=18001"},{"taxonomy":"post_tag","embeddable":true,"href":"https:\/\/ipatingafc.com.br\/index.php\/wp-json\/wp\/v2\/tags?post=18001"}],"curies":[{"name":"wp","href":"https:\/\/api.w.org\/{rel}","templated":true}]}}