{"id":18038,"date":"2025-02-08T15:59:19","date_gmt":"2025-02-08T18:59:19","guid":{"rendered":"https:\/\/ipatingafc.com.br\/index.php\/2025\/02\/08\/primeira-reuniao-do-ano-marca-os-30-anos-de-criacao-do-comtur-em-bonito\/"},"modified":"2025-02-08T15:59:19","modified_gmt":"2025-02-08T18:59:19","slug":"primeira-reuniao-do-ano-marca-os-30-anos-de-criacao-do-comtur-em-bonito","status":"publish","type":"post","link":"https:\/\/ipatingafc.com.br\/index.php\/2025\/02\/08\/primeira-reuniao-do-ano-marca-os-30-anos-de-criacao-do-comtur-em-bonito\/","title":{"rendered":"Primeira reuni\u00e3o do ano marca os 30 anos de cria\u00e7\u00e3o do Comtur em Bonito"},"content":{"rendered":"<p><\/p>\n<div wp_automatic_readability=\"48.812761506276\">\n<p>O Conselho Municipal de Turismo (Comtur) de Bonito completa 30 anos em 2025, data que foi lembrada durante a primeira reuni\u00e3o ordin\u00e1ria do ano, realizada na tarde desta quarta-feira (5). A vice-prefeita e secret\u00e1ria de Turismo e Desenvolvimento Econ\u00f4mico, Juliane Salvadori parabenizou os presentes e destacou a import\u00e2ncia do Conselho para o coletivo e desenvolvimento do turismo em Bonito. <\/p>\n<p>\u201cAvan\u00e7amos muito no turismo de Bonito nas \u00faltimas tr\u00eas d\u00e9cadas, seja com a cria\u00e7\u00e3o do voucher \u00fanico, dos protocolos de seguran\u00e7a, do Plano Estrat\u00e9gico de Gest\u00e3o e Marketing do Turismo, como tamb\u00e9m na estrutura\u00e7\u00e3o f\u00edsica dos atrativos, ag\u00eancias, rede hoteleira, gastronomia e infraestrutura urbana, para receber os visitantes. E isso \u00e9 um m\u00e9rito compartilhado entre o Poder P\u00fablico e Privado, com participa\u00e7\u00e3o ativa e fundamental do Comtur\u201d, detalhou. <\/p>\n<p>A secret\u00e1ria tamb\u00e9m apresentou o Relat\u00f3rio de A\u00e7\u00f5es de 2024 da Secretaria de Turismo, destacando o 18\u00ba pr\u00eamio de Melhor Destino de Ecoturismo do Brasil, a participa\u00e7\u00e3o em eventos internacionais de promo\u00e7\u00e3o do turismo, como a ITB Berlim, a AdventureELEVATE Am\u00e9rica, em Quito, no Equador \u2013 onde tamb\u00e9m foi anunciado a escolha de Bonito para ser sede do Adventure ELEVATE 2025, confer\u00eancia internacional sobre ecoturismo, organizada pela Adventure Travel Trade Association (ATTA), a promo\u00e7\u00e3o de eventos e festivais locais, como Festival da Cerveja e Festival da Guavira, al\u00e9m de apoio ao Festival de Inverno e a continuidade do Programa de Capacita\u00e7\u00e3o para o Turismo, que desde sua cria\u00e7\u00e3o, j\u00e1 preparou mais de 2 mil pessoas no munic\u00edpio. <\/p>\n<p>Durante a reuni\u00e3o tamb\u00e9m foi realizada a Elei\u00e7\u00e3o da Mesa Diretora, no qual foram eleitos Lucas Alves Ferreira (Atratur) como Presidente e Karin Fernanda Schwambach, como Vice-presidente. <\/p>\n<figure class=\"wp-block-image size-large\"><\/figure>\n<\/div>\n","protected":false},"excerpt":{"rendered":"<p>O Conselho Municipal de Turismo (Comtur) de Bonito completa 30 anos em 2025, data que&#8230;<\/p>\n","protected":false},"author":2,"featured_media":0,"comment_status":"","ping_status":"","sticky":false,"template":"","format":"standard","meta":{"footnotes":""},"categories":[2],"tags":[],"class_list":["post-18038","post","type-post","status-publish","format-standard","hentry","category-jogos-ao-vivo"],"amp_enabled":true,"_links":{"self":[{"href":"https:\/\/ipatingafc.com.br\/index.php\/wp-json\/wp\/v2\/posts\/18038","targetHints":{"allow":["GET"]}}],"collection":[{"href":"https:\/\/ipatingafc.com.br\/index.php\/wp-json\/wp\/v2\/posts"}],"about":[{"href":"https:\/\/ipatingafc.com.br\/index.php\/wp-json\/wp\/v2\/types\/post"}],"author":[{"embeddable":true,"href":"https:\/\/ipatingafc.com.br\/index.php\/wp-json\/wp\/v2\/users\/2"}],"replies":[{"embeddable":true,"href":"https:\/\/ipatingafc.com.br\/index.php\/wp-json\/wp\/v2\/comments?post=18038"}],"version-history":[{"count":0,"href":"https:\/\/ipatingafc.com.br\/index.php\/wp-json\/wp\/v2\/posts\/18038\/revisions"}],"wp:attachment":[{"href":"https:\/\/ipatingafc.com.br\/index.php\/wp-json\/wp\/v2\/media?parent=18038"}],"wp:term":[{"taxonomy":"category","embeddable":true,"href":"https:\/\/ipatingafc.com.br\/index.php\/wp-json\/wp\/v2\/categories?post=18038"},{"taxonomy":"post_tag","embeddable":true,"href":"https:\/\/ipatingafc.com.br\/index.php\/wp-json\/wp\/v2\/tags?post=18038"}],"curies":[{"name":"wp","href":"https:\/\/api.w.org\/{rel}","templated":true}]}}