{"id":18042,"date":"2025-02-08T21:28:41","date_gmt":"2025-02-09T00:28:41","guid":{"rendered":"https:\/\/ipatingafc.com.br\/index.php\/2025\/02\/08\/poucos-sabem-disso-mas-o-ator-da-globo-jaffar-bambirra-e-filho-de-atriz-que-morreu\/"},"modified":"2025-02-08T21:28:41","modified_gmt":"2025-02-09T00:28:41","slug":"poucos-sabem-disso-mas-o-ator-da-globo-jaffar-bambirra-e-filho-de-atriz-que-morreu","status":"publish","type":"post","link":"https:\/\/ipatingafc.com.br\/index.php\/2025\/02\/08\/poucos-sabem-disso-mas-o-ator-da-globo-jaffar-bambirra-e-filho-de-atriz-que-morreu\/","title":{"rendered":"Poucos sabem disso, mas o ator da Globo Jaffar Bambirra \u00e9 filho de atriz que morreu"},"content":{"rendered":"<p><\/p>\n<div wp_automatic_readability=\"345.57201561537\">\n<p><strong>Poucos sabem disso, mas o ator Jaffar Bambirra \u00e9 filho de uma grande artista<\/strong><\/p>\n<p>O nome de Jaffar Bambirra, que vem ganhando destaque na Rede Globo na novela <em>Mania de Voc\u00ea<\/em>, vai muito al\u00e9m do que se v\u00ea nas telas. Aos 26 anos, o ator impressiona o p\u00fablico com sua atua\u00e7\u00e3o marcante como Iber\u00ea, c\u00famplice de Mavi (Chay Suede) \u2013 personagem que reserva uma surpreendente reviravolta ao revelar que os dois s\u00e3o irm\u00e3os. Contudo, poucos conhecem um aspecto profundamente emocionante de sua trajet\u00f3ria pessoal.<\/p>\n<h3>Um Legado de Arte e Emo\u00e7\u00e3o<\/h3>\n<p>Jaffar Bambirra \u00e9 filho de Nadia Bambirra, uma atriz e diretora que deixou sua marca no cen\u00e1rio televisivo brasileiro. Nadia, que faleceu em agosto de 2024, aos 60 anos, lutava contra o c\u00e2ncer e deixou um legado art\u00edstico significativo, principalmente por seu trabalho na Record. Ao longo de sua carreira, ela dirigiu diversas produ\u00e7\u00f5es e atuou como assistente de dire\u00e7\u00e3o em novelas de sucesso como <em>Rebelde<\/em>, <em>Poder Paralelo<\/em>, <em>Amor e Intrigas<\/em> e <em>Luz do Sol<\/em>. Essa dedica\u00e7\u00e3o \u00e0 arte influenciou profundamente a vida e a carreira do filho.<\/p>\n<h3>Um Come\u00e7o Precoce e uma Carreira Promissora<\/h3>\n<p>Desde cedo, Jaffar j\u00e1 demonstrava interesse pelo mundo do entretenimento. Com apenas 14 anos, ele estreou na novela <em>Rebelde<\/em>, da Record, iniciando uma trajet\u00f3ria que o levou a transitar entre a TV e a m\u00fasica. Ao longo dos anos, o jovem talento foi lapidando sua carreira e, hoje, \u00e9 reconhecido como um dos nomes promissores da nova gera\u00e7\u00e3o da teledramaturgia brasileira.<\/p>\n<p>Na Globo, sua passagem por <em>Pega Pega<\/em> e suas atua\u00e7\u00f5es no cinema evidenciam sua versatilidade e o comprometimento com a arte, caracter\u00edsticas que fazem dele um ator completo e em constante evolu\u00e7\u00e3o. Em <em>Mania de Voc\u00ea<\/em>, sua performance tem sido elogiada, e a expectativa em torno de seu personagem Iber\u00ea aumenta, especialmente com a revela\u00e7\u00e3o surpreendente de sua liga\u00e7\u00e3o familiar com Mavi.<\/p>\n<h3>Homenagem \u00e0 M\u00e3e: Uma Inspira\u00e7\u00e3o Permanente<\/h3>\n<p>A perda de Nadia Bambirra foi um golpe profundo na vida de Jaffar. Logo ap\u00f3s o falecimento de sua m\u00e3e, o ator utilizou suas redes sociais para prestar uma homenagem tocante, revelando a dor da perda e a imensid\u00e3o do amor que sempre dedicou a ela. Essa demonstra\u00e7\u00e3o de sentimento refor\u00e7a a liga\u00e7\u00e3o indestrut\u00edvel que o une \u00e0 mem\u00f3ria de Nadia, cuja influ\u00eancia continua a inspir\u00e1-lo tanto pessoal quanto profissionalmente.<\/p>\n<p>A trajet\u00f3ria de Jaffar \u00e9 marcada n\u00e3o s\u00f3 pelo talento herdado, mas tamb\u00e9m pela gratid\u00e3o e pela for\u00e7a que encontrou na lembran\u00e7a de sua m\u00e3e. Nadia Bambirra, com sua sensibilidade e dedica\u00e7\u00e3o \u00e0 arte, permanece viva na trajet\u00f3ria do filho, que segue seus passos e constr\u00f3i sua hist\u00f3ria com a mesma paix\u00e3o e comprometimento.<\/p>\n<h3>Um Futuro Promissor<\/h3>\n<p>Com uma carreira j\u00e1 repleta de grandes trabalhos e uma hist\u00f3ria pessoal que emociona, Jaffar Bambirra desponta como um dos talentos mais promissores da nova gera\u00e7\u00e3o. Sua atua\u00e7\u00e3o em <em>Mania de Voc\u00ea<\/em> e a forma como lida com os desafios da vida demonstram que, mesmo diante de perdas e dificuldades, a arte e o legado deixado pelos que amamos continuam a nos guiar e inspirar.<\/p>\n<p>Enquanto o p\u00fablico acompanha suas atua\u00e7\u00f5es e se encanta com suas performances, Jaffar segue trilhando seu caminho no mundo do entretenimento, carregando consigo o amor e a mem\u00f3ria de sua m\u00e3e, Nadia Bambirra, que certamente o impulsionar\u00e1 para grandes conquistas no futuro.<\/p>\n<hr>\n<p><em>TV Prime \u2013 Inspirando e conectando hist\u00f3rias que tocam o cora\u00e7\u00e3o.<\/em><\/p>\n<p><strong>Mania de Voc\u00ea: Robson coloca a vida de Hugo em risco com plano cruel<\/strong><\/p>\n<p>Nos pr\u00f3ximos cap\u00edtulos da novela <strong>Mania de Voc\u00ea<\/strong>, o p\u00fablico ser\u00e1 surpreendido por uma reviravolta eletrizante envolvendo <strong>Hugo (Danilo Grangheia)<\/strong> e seu maior inimigo, <strong>Robson (Eriberto Le\u00e3o)<\/strong>. Movido pela obsess\u00e3o e pelo desejo de vingan\u00e7a, o vil\u00e3o tra\u00e7ar\u00e1 um plano sombrio para desestabilizar seu rival, levando-o ao limite da sanidade.<\/p>\n<h2><strong>O plano ardiloso de Robson<\/strong><\/h2>\n<p>Hugo, que j\u00e1 estar\u00e1 enfrentando problemas de sa\u00fade e desmaios no trabalho, se tornar\u00e1 alvo de uma armadilha psicol\u00f3gica meticulosamente elaborada por Robson. O vil\u00e3o come\u00e7ar\u00e1 a espalhar a ideia de que o gerente do resort tem um <strong>aneurisma prestes a se romper<\/strong>, plantando essa informa\u00e7\u00e3o de forma sutil, mas eficaz.<\/p>\n<p>A estrat\u00e9gia de Robson envolver\u00e1 manipula\u00e7\u00e3o e at\u00e9 mesmo a participa\u00e7\u00e3o de terceiros, garantindo que Hugo fique cada vez mais angustiado. A tens\u00e3o aumentar\u00e1 \u00e0 medida que o gerente do resort come\u00e7ar a acreditar que sua vida est\u00e1 realmente em perigo, o que o levar\u00e1 a tomar decis\u00f5es impulsivas.<\/p>\n<h2><strong>Hugo corre risco de vida?<\/strong><\/h2>\n<p>O jogo psicol\u00f3gico de Robson ser\u00e1 t\u00e3o intenso que Hugo entrar\u00e1 em um estado de paranoia, sentindo-se encurralado e sem sa\u00edda. Enquanto o vil\u00e3o executa seu plano com precis\u00e3o, o protagonista come\u00e7ar\u00e1 a apresentar sintomas que refor\u00e7am a cren\u00e7a de que seu fim est\u00e1 pr\u00f3ximo.<\/p>\n<p>O desespero de Hugo crescer\u00e1 a cada novo passo dessa trama maquiav\u00e9lica, e a grande d\u00favida ser\u00e1: <strong>Robson ser\u00e1 capaz de levar seu plano at\u00e9 as \u00faltimas consequ\u00eancias?<\/strong> O p\u00fablico pode esperar momentos de alta tens\u00e3o e uma reviravolta inesperada, que pode colocar em risco a vida do gerente do resort.<\/p>\n<h2><strong>Mais emo\u00e7\u00f5es em Mania de Voc\u00ea<\/strong><\/h2>\n<p>A novela <strong>Mania de Voc\u00ea<\/strong> segue conquistando os telespectadores com sua trama repleta de suspense e grandes embates entre os personagens. Fique ligado nos pr\u00f3ximos cap\u00edtulos para descobrir at\u00e9 onde Robson ser\u00e1 capaz de ir para eliminar Hugo de uma vez por todas!<\/p>\n<p><strong>Ary Fontoura \u00e9 internado aos 92 anos e f\u00e3s se preocupam com estado de sa\u00fade. Edema<\/strong><\/p>\n<p>O renomado ator <strong>Ary Fontoura<\/strong>, de 92 anos, foi internado nesta sexta-feira (07\/02) em um hospital no Rio de Janeiro para tratar um <strong>edema nas cordas vocais<\/strong>, causado por refluxo. O problema, que surgiu de forma inesperada, preocupou seus admiradores, mas o pr\u00f3prio artista fez quest\u00e3o de tranquilizar a todos por meio de um v\u00eddeo publicado em suas redes sociais.<\/p>\n<h3><strong>Interna\u00e7\u00e3o e diagn\u00f3stico<\/strong><\/h3>\n<p>Segundo Ary Fontoura, o edema nas pregas vocais foi resultado de um <strong>ac\u00famulo de l\u00edquido<\/strong>, o que pode causar sintomas como rouquid\u00e3o e dificuldade para respirar. Essa condi\u00e7\u00e3o exige tratamento m\u00e9dico especializado para evitar complica\u00e7\u00f5es mais graves, especialmente em pessoas da terceira idade.<\/p>\n<p>Apesar do susto, o ator afirmou que j\u00e1 est\u00e1 em processo de recupera\u00e7\u00e3o, relatando uma melhora de aproximadamente <strong>75%<\/strong>. Ele tamb\u00e9m aproveitou o per\u00edodo de interna\u00e7\u00e3o para realizar um check-up geral, refor\u00e7ando a import\u00e2ncia dos cuidados com a sa\u00fade.<\/p>\n<h3><strong>Sempre ativo e querido pelo p\u00fablico<\/strong><\/h3>\n<p>Mesmo com a interna\u00e7\u00e3o, Ary Fontoura manteve seu bom humor e otimismo, caracter\u00edsticas que sempre marcaram sua trajet\u00f3ria. O veterano \u00e9 muito ativo nas redes sociais, onde costuma compartilhar v\u00eddeos divertidos e momentos do dia a dia, conquistando milh\u00f5es de seguidores.<\/p>\n<p>Com uma carreira brilhante no teatro, cinema e televis\u00e3o, o ator \u00e9 um dos nomes mais respeitados da dramaturgia brasileira, acumulando d\u00e9cadas de trabalhos ic\u00f4nicos na TV Globo. Seu carisma e talento continuam a cativar o p\u00fablico de todas as gera\u00e7\u00f5es.<\/p>\n<h3><strong>Preven\u00e7\u00e3o e cuidados com o refluxo<\/strong><\/h3>\n<p>O caso de Ary Fontoura chama aten\u00e7\u00e3o para os cuidados com o <strong>refluxo gastroesof\u00e1gico<\/strong>, condi\u00e7\u00e3o que pode afetar a voz e causar desconforto respirat\u00f3rio. M\u00e9dicos recomendam mudan\u00e7as na alimenta\u00e7\u00e3o, evitar refei\u00e7\u00f5es pesadas antes de dormir e, em alguns casos, tratamentos espec\u00edficos para evitar complica\u00e7\u00f5es como o edema nas cordas vocais.<\/p>\n<h3><strong>Previs\u00e3o de alta e recupera\u00e7\u00e3o<\/strong><\/h3>\n<p>O ator n\u00e3o informou uma data exata para sua alta hospitalar, mas garantiu que est\u00e1 sendo bem cuidado e que em breve retornar\u00e1 \u00e0 rotina. Seus f\u00e3s e amigos seguem enviando mensagens de apoio, desejando sua recupera\u00e7\u00e3o total o quanto antes.<\/p>\n<p>Ary Fontoura segue demonstrando sua for\u00e7a e vitalidade, provando que, mesmo aos 92 anos, mant\u00e9m seu esp\u00edrito jovem e sua paix\u00e3o pela vida e pela arte.<\/p>\n<h2>Ela fez isso mesmo? Imagem mostra atitude de Sandy com dona Vilma no BBB25<\/h2>\n<p>Nesta quarta-feira, 05 de fevereiro de 2025, um dos momentos mais comentados da casa do Big Brother Brasil 25 aconteceu durante o tradicional Show de Quarta, realizado no per\u00edodo da noite (aproximadamente \u00e0s 21h, hor\u00e1rio de Bras\u00edlia). Em uma atmosfera de festa e emo\u00e7\u00e3o, a presen\u00e7a de grandes nomes da m\u00fasica sertaneja \u2013 Chit\u00e3ozinho &amp; Xoror\u00f3, acompanhados da dupla Sandy &amp; J\u00fanior \u2013 transformou o ambiente em um verdadeiro espet\u00e1culo.<\/p>\n<h2>A noite que animou a casa<\/h2>\n<p>Logo no in\u00edcio da programa\u00e7\u00e3o, J\u00fanior fez sua entrada triunfal, arrancando aplausos e euforia dos confinados. Pouco depois, Chit\u00e3ozinho &amp; Xoror\u00f3 surgiram e, como sempre, foram recebidos com muita empolga\u00e7\u00e3o e gritos de admira\u00e7\u00e3o, reafirmando seu status de \u00edcones da m\u00fasica brasileira. A celebra\u00e7\u00e3o j\u00e1 estava a todo vapor quando chegou o momento aguardado pela maioria: a entrada de Sandy.<\/p>\n<p>Conhecida por seu carisma e simpatia, Sandy encantou a todos ao entrar na casa, sendo imediatamente \u201ctietada\u201d \u2013 ou seja, alvo de brincadeiras e cr\u00edticas bem-humoradas \u2013 pelos pr\u00f3prios confinados. Mas o que realmente surpreendeu nesta noite foi a atitude de carinho e empatia demonstrada por Sandy em rela\u00e7\u00e3o a uma das participantes mais controversas: dona Vilma.<\/p>\n<h2>O gesto que marcou a noite<\/h2>\n<p>Dona Vilma, figura bastante comentada nas redes sociais, j\u00e1 vinha sendo alvo de cr\u00edticas e pol\u00eamicas dentro da casa, especialmente pelos coment\u00e1rios \u00e1cidos dirigidos a ela e ao seu filho, Diogo. Em meio a tanta tens\u00e3o e rivalidade, Sandy surpreendeu a todos ao se aproximar de dona Vilma e oferecer um abra\u00e7o caloroso. Esse gesto, espont\u00e2neo e sincero, contrastou fortemente com o clima de disc\u00f3rdia e ajudou a suavizar as rela\u00e7\u00f5es entre os confinados, ao menos por alguns instantes.<\/p>\n<p>Segundo fontes pr\u00f3ximas ao programa, o abra\u00e7o de Sandy com dona Vilma foi um dos poucos momentos de afeto genu\u00edno que a audi\u00eancia p\u00f4de presenciar naquela noite. Muitos internautas foram \u00e0s redes sociais para expressar a surpresa e a aprova\u00e7\u00e3o diante da atitude da cantora, destacando que, em meio a tantas disputas e jogos de poder, gestos de humanidade como aquele fazem toda a diferen\u00e7a.<\/p>\n<h2>Repercuss\u00e3o nas redes sociais<\/h2>\n<p>O epis\u00f3dio rapidamente viralizou nas redes, e os f\u00e3s do BBB25 n\u00e3o tardaram a comentar a cena. Coment\u00e1rios como \u201cQue abra\u00e7o, Sandy! Isso sim \u00e9 mostrar car\u00e1ter!\u201d e \u201cDona Vilma merece esse carinho, a gente precisa ver mais amor na casa\u201d encheram os perfis dos participantes e do programa, contribuindo para uma onda de positividade que contrastou com o ambiente normalmente carregado de intrigas e estrat\u00e9gias.<\/p>\n<h2>Conclus\u00e3o<\/h2>\n<p>O Show de Quarta desta semana ficou marcado n\u00e3o apenas pelas apresenta\u00e7\u00f5es musicais memor\u00e1veis, mas tamb\u00e9m pelo impacto emocional gerado pelo gesto de Sandy com dona Vilma. Num universo onde a disputa por posi\u00e7\u00f5es e alian\u00e7as costuma dominar os holofotes, esse momento de afeto destacou a import\u00e2ncia dos la\u00e7os humanos e da empatia, mesmo em situa\u00e7\u00f5es de extrema competi\u00e7\u00e3o.<\/p>\n<p>Enquanto os pr\u00f3ximos desafios do BBB25 prometem continuar repletos de surpresas e reviravoltas, os telespectadores j\u00e1 guardam na mem\u00f3ria a imagem de Sandy, com seu abra\u00e7o sincero, que trouxe um sopro de humanidade e solidariedade para a casa mais vigiada do Brasil.<\/p>\n<p><strong>Mania de Voc\u00ea: Luma descobre a verdade sobre Regina e a abandona em sanat\u00f3rio decadente<\/strong><\/p>\n<p>Nos pr\u00f3ximos cap\u00edtulos da novela <strong>Mania de Voc\u00ea<\/strong>, exibida no hor\u00e1rio nobre da Globo, <strong>Luma (Agatha Moreira)<\/strong> finalmente encontrar\u00e1 sua tia <strong>Regina (Gisele Fr\u00f3es)<\/strong>, a \u00fanica parente de sangue que restou de sua fam\u00edlia. No entanto, a patricinha demonstrar\u00e1 mais interesse na heran\u00e7a da m\u00e3e do que no estado da tia, que passou anos internada em uma institui\u00e7\u00e3o psiqui\u00e1trica prec\u00e1ria.<\/p>\n<h2><strong>Luma descobre a interna\u00e7\u00e3o de Regina<\/strong><\/h2>\n<p>A revela\u00e7\u00e3o acontecer\u00e1 por meio de <strong>Mavi (Chay Suede)<\/strong>, que investigar\u00e1 o paradeiro da mulher e descobrir\u00e1 que Regina nunca faleceu, como se imaginava. O hacker perceber\u00e1 que n\u00e3o h\u00e1 registro de \u00f3bito e confirmar\u00e1 que a tia da protagonista est\u00e1 internada h\u00e1 d\u00e9cadas em um <strong>hospital psiqui\u00e1trico modesto<\/strong>.<\/p>\n<blockquote wp_automatic_readability=\"8\">\n<p>\u201c\u00c9 um hospital bem humilde, pelo visto\u2026 Sua tia Regina foi de socialite rica a maluca miser\u00e1vel\u201d, dir\u00e1 Mavi.<\/p>\n<\/blockquote>\n<p>Determinada a <strong>recuperar as obras de arte valiosas<\/strong> que pertenciam \u00e0 sua m\u00e3e, Luma viajar\u00e1 at\u00e9 a cl\u00ednica psiqui\u00e1trica para confrontar Regina e descobrir o paradeiro dos quadros.<\/p>\n<h2><strong>Regina surta ao ver Luma e a acusa de conspira\u00e7\u00e3o<\/strong><\/h2>\n<p>Ao chegar ao hospital, Luma ser\u00e1 recebida com hostilidade por Regina, que, em meio a del\u00edrios, associar\u00e1 a presen\u00e7a da sobrinha a <strong>uma conspira\u00e7\u00e3o de Molina (Rodrigo Lombardi)<\/strong> \u2013 o vil\u00e3o da trama, que teria sido o respons\u00e1vel por sua interna\u00e7\u00e3o injusta.<\/p>\n<blockquote wp_automatic_readability=\"10\">\n<p>\u201cA filha do Molina\u2026 Sai daqui, dem\u00f4nio\u2026 Foi ele que te mandou aqui\u2026 Sai daqui, coisa ruim!\u201d, gritar\u00e1 Regina, completamente fora de si.<\/p>\n<\/blockquote>\n<p>A ex-socialite acusar\u00e1 o empres\u00e1rio de <strong>roubar sua fortuna, manipul\u00e1-la para parecer louca e assassinar sua irm\u00e3<\/strong>. No meio de seu surto, Regina ainda dar\u00e1 uma pista valiosa para Luma: ela deve procurar <strong>a irm\u00e3 S\u00f4nia (Jussara Freire)<\/strong>, que pode revelar informa\u00e7\u00f5es sobre os quadros roubados.<\/p>\n<h2><strong>Luma ignora a tia e segue atr\u00e1s da heran\u00e7a<\/strong><\/h2>\n<p>Mesmo abalada pelo encontro, <strong>Luma n\u00e3o demonstrar\u00e1 compaix\u00e3o pela condi\u00e7\u00e3o de Regina<\/strong> e seguir\u00e1 a pista deixada pela tia. Nos cap\u00edtulos seguintes, a protagonista <strong>encontrar\u00e1 a freira<\/strong> e descobrir\u00e1 que as obras de arte foram vendidas em uma galeria de S\u00e3o Paulo.<\/p>\n<p>Ap\u00f3s conseguir essa informa\u00e7\u00e3o, a chef de cozinha <strong>esquecer\u00e1 completamente da tia<\/strong>, n\u00e3o mencionando mais seu estado de sa\u00fade nem cogitando transferi-la para uma cl\u00ednica com melhores condi\u00e7\u00f5es. Caso o autor <strong>Jo\u00e3o Emanuel Carneiro<\/strong> n\u00e3o altere a trama, Regina <strong>ser\u00e1 simplesmente esquecida na hist\u00f3ria<\/strong>, refor\u00e7ando uma das falhas do roteiro.<\/p>\n<p>A cena marcar\u00e1 um momento de grande frieza de Luma, mostrando que sua busca por justi\u00e7a pode estar se transformando em <strong>uma obsess\u00e3o perigosa<\/strong>.<\/p>\n<p><!-- CONTENT END 2 --><\/p><\/div>\n","protected":false},"excerpt":{"rendered":"<p>Poucos sabem disso, mas o ator Jaffar Bambirra \u00e9 filho de uma grande artista O&#8230;<\/p>\n","protected":false},"author":2,"featured_media":0,"comment_status":"","ping_status":"","sticky":false,"template":"","format":"standard","meta":{"footnotes":""},"categories":[2],"tags":[],"class_list":["post-18042","post","type-post","status-publish","format-standard","hentry","category-jogos-ao-vivo"],"amp_enabled":true,"_links":{"self":[{"href":"https:\/\/ipatingafc.com.br\/index.php\/wp-json\/wp\/v2\/posts\/18042","targetHints":{"allow":["GET"]}}],"collection":[{"href":"https:\/\/ipatingafc.com.br\/index.php\/wp-json\/wp\/v2\/posts"}],"about":[{"href":"https:\/\/ipatingafc.com.br\/index.php\/wp-json\/wp\/v2\/types\/post"}],"author":[{"embeddable":true,"href":"https:\/\/ipatingafc.com.br\/index.php\/wp-json\/wp\/v2\/users\/2"}],"replies":[{"embeddable":true,"href":"https:\/\/ipatingafc.com.br\/index.php\/wp-json\/wp\/v2\/comments?post=18042"}],"version-history":[{"count":0,"href":"https:\/\/ipatingafc.com.br\/index.php\/wp-json\/wp\/v2\/posts\/18042\/revisions"}],"wp:attachment":[{"href":"https:\/\/ipatingafc.com.br\/index.php\/wp-json\/wp\/v2\/media?parent=18042"}],"wp:term":[{"taxonomy":"category","embeddable":true,"href":"https:\/\/ipatingafc.com.br\/index.php\/wp-json\/wp\/v2\/categories?post=18042"},{"taxonomy":"post_tag","embeddable":true,"href":"https:\/\/ipatingafc.com.br\/index.php\/wp-json\/wp\/v2\/tags?post=18042"}],"curies":[{"name":"wp","href":"https:\/\/api.w.org\/{rel}","templated":true}]}}