{"id":18056,"date":"2025-02-09T15:14:49","date_gmt":"2025-02-09T18:14:49","guid":{"rendered":"https:\/\/ipatingafc.com.br\/index.php\/2025\/02\/09\/the-masked-singer-brasil-2025-descobrimos-quem-e-nazare-tedesco-humorista\/"},"modified":"2025-02-09T15:14:49","modified_gmt":"2025-02-09T18:14:49","slug":"the-masked-singer-brasil-2025-descobrimos-quem-e-nazare-tedesco-humorista","status":"publish","type":"post","link":"https:\/\/ipatingafc.com.br\/index.php\/2025\/02\/09\/the-masked-singer-brasil-2025-descobrimos-quem-e-nazare-tedesco-humorista\/","title":{"rendered":"The Masked Singer Brasil 2025, Descobrimos Quem \u00e9 Nazar\u00e9 Tedesco, humorista"},"content":{"rendered":"<p><\/p>\n<div wp_automatic_readability=\"245.28257093225\">\n<p><strong>Nem Susana Vieira, nem Regina Duarte: descubra quem \u00e9 a \u201cNazar\u00e9 Tedesco\u201d no The Masked Singer Brasil 5 (2025)<\/strong><\/p>\n<p>\u00a0<\/p>\n<p>A quinta temporada do <em>The Masked Singer Brasil<\/em> promete muita emo\u00e7\u00e3o e nostalgia, celebrando os 60 anos de hist\u00f3ria da TV Globo com homenagens aos grandes \u00edcones das novelas. Sob a batuta de Eliana, a produ\u00e7\u00e3o exibe um novo time de jurados \u2013 Tony Ramos, Belo, Tat\u00e1 Werneck e Sabrina Sato \u2013 enquanto Kenya Sade comanda os bastidores. A temporada ficar\u00e1 no ar na grade do canal PLIM-PLIM at\u00e9 06 de abril de 2025.<\/p>\n<h3>Uma Homenagem \u00e0 Teledramaturgia Nacional<\/h3>\n<p>Nesta edi\u00e7\u00e3o especial, os figurinos elaborados e as apresenta\u00e7\u00f5es musicais remetem aos cl\u00e1ssicos que marcaram gera\u00e7\u00f5es, unindo passado e presente em um espet\u00e1culo repleto de refer\u00eancias. Eliana, que assume a apresenta\u00e7\u00e3o, comentou com entusiasmo:<\/p>\n<blockquote wp_automatic_readability=\"9\">\n<p>\u201c<em>The Masked Singer<\/em> \u00e9 uma paix\u00e3o da minha fam\u00edlia e minha. Com uma produ\u00e7\u00e3o impec\u00e1vel, performances musicais incr\u00edveis e um elenco de jurados de peso, o programa \u00e9 feito para encantar toda a fam\u00edlia brasileira.\u201d<\/p>\n<\/blockquote>\n<h3>A Revela\u00e7\u00e3o da \u201cNazar\u00e9 Tedesco\u201d<\/h3>\n<p>Entre as diversas fantasias que fazem sucesso, uma delas vem gerando grande expectativa: a da \u201cNazar\u00e9 Tedesco\u201d. Em uma clara refer\u00eancia \u00e0 vil\u00e3 ic\u00f4nica das novelas brasileiras \u2013 sem, contudo, reproduzir as pol\u00eamicas associadas a nomes como Susana Vieira ou Regina Duarte \u2013 essa fantasia resgata a ess\u00eancia dram\u00e1tica e cativante que marcou a hist\u00f3ria da teledramaturgia.<\/p>\n<p>Segundo as informa\u00e7\u00f5es divulgadas, se nada mudar nos bastidores, a talentosa atriz <strong>Nany People<\/strong> ser\u00e1 a respons\u00e1vel por dar vida \u00e0 \u201cNazar\u00e9 Tedesco\u201d nesta temporada. Com seu carisma e versatilidade, Nany People tem tudo para surpreender o p\u00fablico e oferecer uma interpreta\u00e7\u00e3o \u00fanica desse personagem t\u00e3o emblem\u00e1tico.<\/p>\n<h3>A F\u00f3rmula do Sucesso<\/h3>\n<p><em>The Masked Singer Brasil<\/em> \u00e9 fruto da parceria entre a TV Globo e a Endemol Shine Brasil, baseado no formato sul-coreano criado pela Mun Hwa Broadcasting Corp e com dire\u00e7\u00e3o geral de Marcelo Amiky. Essa uni\u00e3o de talentos e expertise tem garantido ao programa uma produ\u00e7\u00e3o de alt\u00edssimo n\u00edvel, que alia entretenimento, mist\u00e9rio e homenagens aos grandes momentos da nossa teledramaturgia.<\/p>\n<h3>Conclus\u00e3o<\/h3>\n<p>Com uma temporada marcada por surpresas e refer\u00eancias emocionantes, o <em>The Masked Singer Brasil 5<\/em> reafirma seu papel como um dos maiores sucessos do entretenimento nacional. A revela\u00e7\u00e3o da \u201cNazar\u00e9 Tedesco\u201d \u2013 que dever\u00e1 contar com a interpreta\u00e7\u00e3o de Nany People \u2013 \u00e9 apenas uma das muitas surpresas que aguardam o p\u00fablico. Prepare-se para reviver mem\u00f3rias e se encantar com este espet\u00e1culo que une o melhor da m\u00fasica e da hist\u00f3ria da televis\u00e3o brasileira.<\/p>\n<p>Fique ligado e acompanhe todas as novidades desta temporada hist\u00f3rica, que promete encantar e surpreender f\u00e3s de todas as idades!<\/p>\n<p><strong>Quem \u00e9 o Bruno Mezenga no The Masked Singer Brasil?<\/strong><\/p>\n<p>A identidade do participante fantasiado como Bruno Mezenga segue um mist\u00e9rio no <em>The Masked Singer Brasil 5<\/em>. Inspirado no ic\u00f4nico personagem de <em>O Rei do Gado<\/em> (1996), ele deve interpretar m\u00fasicas sertanejas, remetendo \u00e0 trilha sonora de sucesso da novela.<\/p>\n<p>Nas redes sociais, os palpites est\u00e3o divididos entre cantores como Marcos (da dupla Marcos &amp; Belutti), Michel Tel\u00f3 e Murilo Huff. No entanto, alguns acreditam que possa ser um ator, como F\u00e1bio Assun\u00e7\u00e3o ou Filipe Bragan\u00e7a. Quem ser\u00e1 o verdadeiro Bruno Mezenga?<\/p>\n<p><strong>Quem \u00e9 a Tieta no The Masked Singer Brasil 5? Revela\u00e7\u00e3o surpreende f\u00e3s<\/strong><\/p>\n<p>A quinta temporada do <em>The Masked Singer Brasil<\/em> trouxe uma surpresa para os f\u00e3s da novela <em>Tieta<\/em> (1989). Muitos apostavam que Luiz Caldas, int\u00e9rprete do tema de abertura, estaria por tr\u00e1s da fantasia. No entanto, segundo a colunista Carla Bittencourt, do <em>Portal Leo Dias<\/em>, quem veste a m\u00e1scara de Tieta \u00e9 a atriz Claudia Ohana.<\/p>\n<p><strong>Claudia Ohana<\/strong> interpretou a protagonista na primeira fase da novela, antes de Betty Faria assumir o papel. Sua presen\u00e7a no reality refor\u00e7a a homenagem aos 60 anos da TV Globo.<\/p>\n<p><strong>Quem \u00e9 a Odete Roitman no The Masked Singer Brasil 5? Veja a eliminada da semana<\/strong><\/p>\n<p>A quinta temporada do <em>The Masked Singer Brasil<\/em> continua encantando o p\u00fablico com homenagens a personagens ic\u00f4nicos da teledramaturgia brasileira. No epis\u00f3dio deste domingo (02\/02), os mascarados Bruno Mezenga, Foguinho, Odete Roitman e Tieta se apresentaram, disputando a perman\u00eancia no reality musical comandado por Eliana.<\/p>\n<p>Com a presen\u00e7a especial de Ang\u00e9lica e Cissa Guimar\u00e3es no j\u00fari, a competi\u00e7\u00e3o ficou ainda mais acirrada. Segundo especula\u00e7\u00f5es, <strong>Diego Martins<\/strong> seria o artista por tr\u00e1s da m\u00e1scara de Odete Roitman, sendo eliminado na semana.<\/p>\n<p><strong>Quem \u00e9 o Foguinho no The Masked Singer Brasil? P\u00fablico especula identidade do participante<\/strong><\/p>\n<p>A quinta temporada do <em>The Masked Singer Brasil<\/em> est\u00e1 celebrando os 60 anos da teledramaturgia da TV Globo, trazendo personagens ic\u00f4nicos para o palco. Entre eles, est\u00e1 Foguinho, inspirado no famoso papel de L\u00e1zaro Ramos em <em>Cobras &amp; Lagartos<\/em> (2006).<\/p>\n<p>Desde sua primeira apresenta\u00e7\u00e3o, o mist\u00e9rio sobre quem est\u00e1 por tr\u00e1s da fantasia tem movimentado as redes sociais. Muitos internautas acreditam que o respons\u00e1vel pela performance seja <strong>Jonathan Azevedo<\/strong>, conhecido por sua versatilidade como ator e cantor. Outros apostam no ex-BBB e ator Lucas Penteado, devido \u00e0 semelhan\u00e7a vocal. H\u00e1 ainda quem defenda a teoria de que o pr\u00f3prio L\u00e1zaro Ramos possa estar revivendo seu personagem.<\/p>\n<p>A identidade de Foguinho ser\u00e1 revelada conforme o jogo avan\u00e7a, mas as especula\u00e7\u00f5es continuam intensas. O que voc\u00ea acha?<\/p>\n<p><strong>Revela\u00e7\u00e3o de Mascarados: Carminha e Conde Vlad no <em>The Masked Singer Brasil<\/em> 2025<\/strong><\/p>\n<p>A quinta temporada do <em>The Masked Singer Brasil<\/em> trouxe grandes surpresas, e entre os mascarados revelados est\u00e3o dois nomes de peso que deixaram o p\u00fablico ainda mais ansioso para as pr\u00f3ximas edi\u00e7\u00f5es.<\/p>\n<p><strong>Carminha<\/strong> \u2013 A famosa personagem de <em>Avenida Brasil<\/em>, interpretada por Sandra Annenberg, surgiu no palco com uma fantasia que remete \u00e0 personagem ic\u00f4nica da teledramaturgia. A mistura de mist\u00e9rio e drama \u00e9 uma das caracter\u00edsticas que promete encantar o p\u00fablico nesta temporada.<\/p>\n<p><strong>Conde Vlad<\/strong> \u2013 Carmo Dalla Vecchia aparece como o enigm\u00e1tico Conde Vlad, trazendo um ar de mist\u00e9rio e sofistica\u00e7\u00e3o. Com sua habilidade interpretativa, o ator promete surpreender com performances de alto n\u00edvel.<\/p>\n<p>Esses dois mascarados s\u00e3o apenas a ponta do iceberg, com outros artistas renomados como Scheila Carvalho, Felipe Ara\u00fajo e Claudia Ohana tamb\u00e9m participando, o que garante uma temporada repleta de emo\u00e7\u00f5es e mist\u00e9rios.<\/p>\n<p><strong>The Masked Singer Brasil 2025: Descubra os Mascarados e o Elenco da Nova Temporada<\/strong><\/p>\n<p>O <em>The Masked Singer Brasil<\/em> retorna em sua quinta temporada em grande estilo, prometendo muito mist\u00e9rio e surpresas para os f\u00e3s do programa. Com a estreia de Eliana como apresentadora, a edi\u00e7\u00e3o de 2025 celebra os 60 anos da TV Globo com homenagens \u00e0 teledramaturgia, trazendo fantasias inspiradas em personagens ic\u00f4nicos das novelas e apresenta\u00e7\u00f5es musicais com trilhas sonoras marcantes.<\/p>\n<h3><strong>Novidades da Temporada:<\/strong><\/h3>\n<p>Al\u00e9m de Eliana no comando, o programa traz um time renovado de jurados, com a presen\u00e7a de Belo, Sabrina Sato, Tony Ramos e Tat\u00e1 Werneck, que retorna \u00e0 bancada ap\u00f3s j\u00e1 ter participado de edi\u00e7\u00f5es anteriores. Tat\u00e1 expressou sua empolga\u00e7\u00e3o com a estreia de Eliana e com o formato tem\u00e1tico da temporada, destacando o potencial emocional do programa ao revelar talentos inesperados.<\/p>\n<h3><strong>Elenco e Mascarados:<\/strong><\/h3>\n<p>A edi\u00e7\u00e3o de 2025 conta com artistas renomados como convidados especiais. Entre os mascarados dessa temporada, alguns nomes se destacam, como a famosa personagem Carminha, interpretada por Sandra Annenberg, e o enigm\u00e1tico Conde Vlad, vivido por Carmo Dalla Vecchia. Outros artistas que podem ser vistos como mascarados incluem Scheila Carvalho, Sheila Mello, Felipe Ara\u00fajo, Diego Martins, Jeniffer Nascimento, Douglas Silva e Claudia Ohana.<\/p>\n<p>Esses artistas, embora se apresentem sob fantasias misteriosas, prometem trazer performances emocionantes e repletas de surpresas, garantindo que os f\u00e3s do programa fiquem atentos a cada pista e revela\u00e7\u00e3o.<\/p>\n<h3><strong>Formato da Temporada:<\/strong><\/h3>\n<p>O formato do programa segue o modelo de sucesso que j\u00e1 conquistou o p\u00fablico em outras edi\u00e7\u00f5es. A cada epis\u00f3dio, celebridades competem usando elaboradas fantasias enquanto tentam esconder suas identidades. Os jurados tentam adivinhar quem est\u00e1 por tr\u00e1s das m\u00e1scaras com base em pistas e nas apresenta\u00e7\u00f5es, enquanto o p\u00fablico se diverte com o mist\u00e9rio.<\/p>\n<p>A temporada tem como objetivo homenagear a hist\u00f3ria da televis\u00e3o brasileira, trazendo elementos que marcaram a trajet\u00f3ria da TV Globo ao longo das d\u00e9cadas. As apresenta\u00e7\u00f5es musicais tamb\u00e9m ter\u00e3o uma sele\u00e7\u00e3o especial de trilhas sonoras que remetem a momentos ic\u00f4nicos da TV, garantindo um espet\u00e1culo de entretenimento para todos os gostos.<\/p>\n<h3><strong>Expectativa para a Temporada 2025:<\/strong><\/h3>\n<p>Com o time de apresentadores e jurados renovados, a expectativa \u00e9 que a temporada de 2025 do <em>The Masked Singer Brasil<\/em> seja um sucesso de audi\u00eancia e continue encantando o p\u00fablico com suas surpresas. Al\u00e9m das apresenta\u00e7\u00f5es e revela\u00e7\u00f5es, o programa promete uma s\u00e9rie de momentos emocionantes, celebrando a arte e os talentos dos participantes, sejam eles cantores, dan\u00e7arinos ou outros artistas de diversas \u00e1reas.<\/p>\n<p>O <em>The Masked Singer Brasil<\/em> tem se destacado como um dos reality shows mais envolventes e de maior sucesso na televis\u00e3o brasileira, e com a tem\u00e1tica de 2025, n\u00e3o h\u00e1 d\u00favida de que a quinta temporada ser\u00e1 memor\u00e1vel.<\/p>\n<p>Fique ligado nas pr\u00f3ximas edi\u00e7\u00f5es do programa para descobrir mais sobre os mascarados e acompanhar a jornada desses artistas misteriosos rumo \u00e0 revela\u00e7\u00e3o final.<\/p>\n<p><!-- CONTENT END 2 --><\/p><\/div>\n","protected":false},"excerpt":{"rendered":"<p>Nem Susana Vieira, nem Regina Duarte: descubra quem \u00e9 a \u201cNazar\u00e9 Tedesco\u201d no The Masked&#8230;<\/p>\n","protected":false},"author":2,"featured_media":0,"comment_status":"","ping_status":"","sticky":false,"template":"","format":"standard","meta":{"footnotes":""},"categories":[2],"tags":[],"class_list":["post-18056","post","type-post","status-publish","format-standard","hentry","category-jogos-ao-vivo"],"amp_enabled":true,"_links":{"self":[{"href":"https:\/\/ipatingafc.com.br\/index.php\/wp-json\/wp\/v2\/posts\/18056","targetHints":{"allow":["GET"]}}],"collection":[{"href":"https:\/\/ipatingafc.com.br\/index.php\/wp-json\/wp\/v2\/posts"}],"about":[{"href":"https:\/\/ipatingafc.com.br\/index.php\/wp-json\/wp\/v2\/types\/post"}],"author":[{"embeddable":true,"href":"https:\/\/ipatingafc.com.br\/index.php\/wp-json\/wp\/v2\/users\/2"}],"replies":[{"embeddable":true,"href":"https:\/\/ipatingafc.com.br\/index.php\/wp-json\/wp\/v2\/comments?post=18056"}],"version-history":[{"count":0,"href":"https:\/\/ipatingafc.com.br\/index.php\/wp-json\/wp\/v2\/posts\/18056\/revisions"}],"wp:attachment":[{"href":"https:\/\/ipatingafc.com.br\/index.php\/wp-json\/wp\/v2\/media?parent=18056"}],"wp:term":[{"taxonomy":"category","embeddable":true,"href":"https:\/\/ipatingafc.com.br\/index.php\/wp-json\/wp\/v2\/categories?post=18056"},{"taxonomy":"post_tag","embeddable":true,"href":"https:\/\/ipatingafc.com.br\/index.php\/wp-json\/wp\/v2\/tags?post=18056"}],"curies":[{"name":"wp","href":"https:\/\/api.w.org\/{rel}","templated":true}]}}