{"id":18066,"date":"2025-02-10T11:29:51","date_gmt":"2025-02-10T14:29:51","guid":{"rendered":"https:\/\/ipatingafc.com.br\/index.php\/2025\/02\/10\/procon-movel-de-sorocaba-atendera-no-centro-da-cidade-nesta-semana-agencia-de-noticias\/"},"modified":"2025-02-10T11:29:51","modified_gmt":"2025-02-10T14:29:51","slug":"procon-movel-de-sorocaba-atendera-no-centro-da-cidade-nesta-semana-agencia-de-noticias","status":"publish","type":"post","link":"https:\/\/ipatingafc.com.br\/index.php\/2025\/02\/10\/procon-movel-de-sorocaba-atendera-no-centro-da-cidade-nesta-semana-agencia-de-noticias\/","title":{"rendered":"Procon M\u00f3vel de Sorocaba atender\u00e1 no Centro da cidade nesta semana \u2013 Ag\u00eancia de Not\u00edcias"},"content":{"rendered":"<p><\/p>\n<div>\n<div class=\"col\">\n<p class=\"mt-0\">\n                        <strong><br \/>\n                            <span class=\"far fa-calendar mr-1 mt-2\"\/><br \/>\n                            10 de fevereiro de 2025<br \/>\n                            <span class=\"far fa-clock ml-3 mt-2\"\/><br \/>\n                            11:12<br \/>\n                        <\/strong>\n                    <\/p>\n<p class=\"mb-0\">Por: <strong>Evelyn Azevedo<\/strong><\/p>\n<\/p><\/div>\n<\/p><\/div>\n<div>\n<p>A unidade do Procon M\u00f3vel de Sorocaba estar\u00e1 na regi\u00e3o central da cidade nesta semana, com atendimentos \u00e0 popula\u00e7\u00e3o. Na quarta (12) e sexta-feira (14), o atendimento ser\u00e1 na Pra\u00e7a Coronel Fernando Prestes, no Centro, sempre \u00e0s 9h \u00e0s 13h.<\/p>\n<p>O Procon Sorocaba, vinculado \u00e0 Secretaria de Governo (Segov), da Prefeitura de Sorocaba, atua na prote\u00e7\u00e3o e na defesa dos direitos do consumidor, sendo importante ve\u00edculo de valoriza\u00e7\u00e3o e respeito \u00e0 cidadania. No Procon M\u00f3vel s\u00e3o feitos registros de solicita\u00e7\u00f5es, abertura de reclama\u00e7\u00f5es referentes ao direito do consumidor, al\u00e9m de orienta\u00e7\u00f5es e encaminhamentos.<\/p>\n<p>O atendimento presencial tamb\u00e9m est\u00e1 dispon\u00edvel na sede do Procon Municipal, que fica na Avenida Ant\u00f4nio Carlos Comitre, altura do n\u00ba 331, das 9h \u00e0s 16h, de segunda a sexta-feira, assim como em todas as Casas do Cidad\u00e3o, das 8h \u00e0s 17h.<\/p>\n<p>O consumidor que tiver d\u00favidas, identificar ou suspeitar de irregularidades ainda pode acionar o Procon Sorocaba, por meio do WhatsApp: (15) 99111-7448 e do site: https:\/\/procon.sorocaba.sp.gov.br\/.<\/p>\n<\/p><\/div>\n","protected":false},"excerpt":{"rendered":"<p>10 de fevereiro de 2025 11:12 Por: Evelyn Azevedo A unidade do Procon M\u00f3vel de&#8230;<\/p>\n","protected":false},"author":2,"featured_media":0,"comment_status":"","ping_status":"","sticky":false,"template":"","format":"standard","meta":{"footnotes":""},"categories":[2],"tags":[],"class_list":["post-18066","post","type-post","status-publish","format-standard","hentry","category-jogos-ao-vivo"],"amp_enabled":true,"_links":{"self":[{"href":"https:\/\/ipatingafc.com.br\/index.php\/wp-json\/wp\/v2\/posts\/18066","targetHints":{"allow":["GET"]}}],"collection":[{"href":"https:\/\/ipatingafc.com.br\/index.php\/wp-json\/wp\/v2\/posts"}],"about":[{"href":"https:\/\/ipatingafc.com.br\/index.php\/wp-json\/wp\/v2\/types\/post"}],"author":[{"embeddable":true,"href":"https:\/\/ipatingafc.com.br\/index.php\/wp-json\/wp\/v2\/users\/2"}],"replies":[{"embeddable":true,"href":"https:\/\/ipatingafc.com.br\/index.php\/wp-json\/wp\/v2\/comments?post=18066"}],"version-history":[{"count":0,"href":"https:\/\/ipatingafc.com.br\/index.php\/wp-json\/wp\/v2\/posts\/18066\/revisions"}],"wp:attachment":[{"href":"https:\/\/ipatingafc.com.br\/index.php\/wp-json\/wp\/v2\/media?parent=18066"}],"wp:term":[{"taxonomy":"category","embeddable":true,"href":"https:\/\/ipatingafc.com.br\/index.php\/wp-json\/wp\/v2\/categories?post=18066"},{"taxonomy":"post_tag","embeddable":true,"href":"https:\/\/ipatingafc.com.br\/index.php\/wp-json\/wp\/v2\/tags?post=18066"}],"curies":[{"name":"wp","href":"https:\/\/api.w.org\/{rel}","templated":true}]}}