{"id":18281,"date":"2025-02-16T15:41:50","date_gmt":"2025-02-16T18:41:50","guid":{"rendered":"https:\/\/ipatingafc.com.br\/index.php\/2025\/02\/16\/espaco-da-juventude-do-estacio-promovera-oficina-de-libras-e-tecnologia-na-comunicacao-digital-prefeitura-da-cidade-do-rio-de-janeiro\/"},"modified":"2025-02-16T15:41:50","modified_gmt":"2025-02-16T18:41:50","slug":"espaco-da-juventude-do-estacio-promovera-oficina-de-libras-e-tecnologia-na-comunicacao-digital-prefeitura-da-cidade-do-rio-de-janeiro","status":"publish","type":"post","link":"https:\/\/ipatingafc.com.br\/index.php\/2025\/02\/16\/espaco-da-juventude-do-estacio-promovera-oficina-de-libras-e-tecnologia-na-comunicacao-digital-prefeitura-da-cidade-do-rio-de-janeiro\/","title":{"rendered":"Espa\u00e7o da Juventude do Est\u00e1cio promover\u00e1 oficina de Libras e Tecnologia na Comunica\u00e7\u00e3o Digital &#8211; Prefeitura da Cidade do Rio de Janeiro"},"content":{"rendered":"<p><\/p>\n<div id=\"main\">\n<div class=\"wrapper-breadcrumbs\" wp_automatic_readability=\"34.81568627451\">\n<div class=\"image-post\" wp_automatic_readability=\"32\">\n                     Oficina \u00e9 realizada no Espa\u00e7o da Juventude &#8211; Laryssa Lomenha\/JUVRio                  <\/div>\n<p>A Secretaria Especial da Juventude Carioca (JUVRio) vai realizar na pr\u00f3xima segunda-feira (17\/2), a partir das 9h, a oficina inclusiva \u201cConectando Mundos: Libras e Tecnologia na Comunica\u00e7\u00e3o Digital\u201d para promover conhecimentos a respeito da L\u00edngua Brasileira de Sinais e o mundo da Ind\u00fastria 4.0. A a\u00e7\u00e3o ser\u00e1 realizada no Espa\u00e7o da Juventude do Est\u00e1cio, localizado na sa\u00edda do metr\u00f4 do bairro, na Zona Central da cidade.<\/p>\n<p>Est\u00e3o dispon\u00edveis 60 vagas para os interessados, divididas em 30 para as turmas nos turnos manh\u00e3 \u2013 das 9h \u00e0s 12h \u2013 e mais 30 para o turno da tarde \u2013 das 14h \u00e0s 17h. A oficina n\u00e3o tem limite de idade e a inscri\u00e7\u00e3o ser\u00e1 feita no local. \u00c9 necess\u00e1rio apresentar apenas o CPF para realizar o cadastro.<\/p>\n<p>A aula ser\u00e1 ministrada pelos tutores do equipamento p\u00fablico da JUVRio, que j\u00e1 capacitou mais de 26 mil jovens nos cursos de M\u00eddias Sociais, Drone, Rob\u00f3tica, Impress\u00e3o 3D, DJ, Programa\u00e7\u00e3o M\u00f3vel, Inform\u00e1tica para Neg\u00f3cios, Ind\u00fastria Avan\u00e7ada e Design de Games.<\/p>\n<p>Os Espa\u00e7os da Juventude s\u00e3o ambientes acolhedores, inclusivos e totalmente tecnol\u00f3gicos, onde jovens de 15 a 29 anos aprendem como utilizar das ferramentas e conhecimentos mais requisitados no mercado de trabalho de inova\u00e7\u00e3o. Cada unidade oferece 250 vagas gratuitas por curso, com turmas mensais. Al\u00e9m da unidade Est\u00e1cio, a JUVRio tem o projeto na Cidade de Deus, Jacarezinho, Madureira, Vargem Pequena, Vig\u00e1rio Geral e Campo Grande.<\/p>\n<p>             <!-- Compartilhe ---><\/p>\n<p>\t\t\t <!-- TAGS --><\/p>\n<section class=\"category-tags\">\n<article class=\"tags\">\n\t\t\t\t\tMarca\u00e7\u00f5es: Casa da Juventude casa da juventude Est\u00e1cio Not\u00edcias oficina de libras<br \/><\/article>\n<\/section>\n<p>            <!-- Mais Not&iacute;cias --><\/p>\n<p>\t\t<!-- Conte&uacute;do SIDEBAR --><\/p><\/div>\n<\/p><\/div>\n","protected":false},"excerpt":{"rendered":"<p>Oficina \u00e9 realizada no Espa\u00e7o da Juventude &#8211; Laryssa Lomenha\/JUVRio A Secretaria Especial da Juventude&#8230;<\/p>\n","protected":false},"author":2,"featured_media":0,"comment_status":"","ping_status":"","sticky":false,"template":"","format":"standard","meta":{"footnotes":""},"categories":[2],"tags":[],"class_list":["post-18281","post","type-post","status-publish","format-standard","hentry","category-jogos-ao-vivo"],"amp_enabled":true,"_links":{"self":[{"href":"https:\/\/ipatingafc.com.br\/index.php\/wp-json\/wp\/v2\/posts\/18281","targetHints":{"allow":["GET"]}}],"collection":[{"href":"https:\/\/ipatingafc.com.br\/index.php\/wp-json\/wp\/v2\/posts"}],"about":[{"href":"https:\/\/ipatingafc.com.br\/index.php\/wp-json\/wp\/v2\/types\/post"}],"author":[{"embeddable":true,"href":"https:\/\/ipatingafc.com.br\/index.php\/wp-json\/wp\/v2\/users\/2"}],"replies":[{"embeddable":true,"href":"https:\/\/ipatingafc.com.br\/index.php\/wp-json\/wp\/v2\/comments?post=18281"}],"version-history":[{"count":0,"href":"https:\/\/ipatingafc.com.br\/index.php\/wp-json\/wp\/v2\/posts\/18281\/revisions"}],"wp:attachment":[{"href":"https:\/\/ipatingafc.com.br\/index.php\/wp-json\/wp\/v2\/media?parent=18281"}],"wp:term":[{"taxonomy":"category","embeddable":true,"href":"https:\/\/ipatingafc.com.br\/index.php\/wp-json\/wp\/v2\/categories?post=18281"},{"taxonomy":"post_tag","embeddable":true,"href":"https:\/\/ipatingafc.com.br\/index.php\/wp-json\/wp\/v2\/tags?post=18281"}],"curies":[{"name":"wp","href":"https:\/\/api.w.org\/{rel}","templated":true}]}}