{"id":18291,"date":"2025-02-17T16:06:51","date_gmt":"2025-02-17T19:06:51","guid":{"rendered":"https:\/\/ipatingafc.com.br\/index.php\/2025\/02\/17\/nicolas-prattes-deixa-mania-de-voce-apos-pedido-popular\/"},"modified":"2025-02-17T16:06:51","modified_gmt":"2025-02-17T19:06:51","slug":"nicolas-prattes-deixa-mania-de-voce-apos-pedido-popular","status":"publish","type":"post","link":"https:\/\/ipatingafc.com.br\/index.php\/2025\/02\/17\/nicolas-prattes-deixa-mania-de-voce-apos-pedido-popular\/","title":{"rendered":"Nicolas Prattes Deixa Mania de Voc\u00ea Ap\u00f3s Pedido Popular"},"content":{"rendered":"<p><\/p>\n<div wp_automatic_readability=\"128.24134098907\">\n<p><strong>Nicolas Prattes Deixa \u201cMania de Voc\u00ea\u201d Ap\u00f3s Pedido Popular<\/strong><\/p>\n<p>A novela <strong>\u201cMania de Voc\u00ea\u201d<\/strong>, exibida no hor\u00e1rio nobre da TV Globo, passar\u00e1 por uma grande reviravolta com a sa\u00edda definitiva de <strong>Nicolas Prattes<\/strong> do elenco. O ator interpretava <strong>Rud\u00e1<\/strong>, personagem que vinha dividindo opini\u00f5es entre os telespectadores e acabou sendo eliminado da trama.<\/p>\n<h3><strong>Pedido Popular Influenciou a Decis\u00e3o<\/strong><\/h3>\n<p>A decis\u00e3o de retirar Rud\u00e1 da hist\u00f3ria n\u00e3o foi apenas uma escolha criativa do autor <strong>Jo\u00e3o Emanuel Carneiro<\/strong> (JEC). Em novembro de 2024, um grupo de telespectadores criou um abaixo-assinado online intitulado <strong>\u201cJEC MATE O RUD\u00c1\u201d<\/strong>, reunindo <strong>3.457 assinaturas<\/strong> na plataforma Change.org. A insatisfa\u00e7\u00e3o do p\u00fablico com o personagem pode ter sido um dos fatores determinantes para sua sa\u00edda definitiva.<\/p>\n<p>Essa n\u00e3o foi a primeira tentativa de afastar Rud\u00e1 da novela. Anteriormente, o personagem foi <strong>preso injustamente<\/strong>, acusado da morte de Felipa (Joana de Verona), ficando temporariamente afastado da trama. No entanto, com a crescente rejei\u00e7\u00e3o, os roteiristas optaram por um destino mais radical para ele.<\/p>\n<h3><strong>Nicolas Prattes Estava Insatisfeito com o Papel?<\/strong><\/h3>\n<p>Al\u00e9m da press\u00e3o do p\u00fablico, rumores indicam que o pr\u00f3prio <strong>Nicolas Prattes<\/strong> estaria <strong>descontente com a condu\u00e7\u00e3o de seu personagem<\/strong>. Segundo informa\u00e7\u00f5es divulgadas pelo colunista <strong>Leo Dias<\/strong>, o ator n\u00e3o estaria satisfeito com a perda de protagonismo de Rud\u00e1, especialmente ap\u00f3s sua pris\u00e3o na hist\u00f3ria.<\/p>\n<p>A diminui\u00e7\u00e3o do espa\u00e7o na novela pode ter sido um dos motivos para que ele reconsiderasse sua continuidade no elenco. Com sua sa\u00edda, a trama ganha novas possibilidades e abre caminho para novas reviravoltas na reta final.<\/p>\n<h3><strong>Como Ser\u00e1 a Sa\u00edda de Rud\u00e1?<\/strong><\/h3>\n<p>Ainda n\u00e3o foram revelados detalhes sobre como Rud\u00e1 deixar\u00e1 a novela, mas a expectativa \u00e9 que sua despedida seja marcada por momentos de forte emo\u00e7\u00e3o. Como a trama de Jo\u00e3o Emanuel Carneiro costuma surpreender, h\u00e1 especula\u00e7\u00f5es sobre uma poss\u00edvel <strong>morte tr\u00e1gica<\/strong> do personagem.<\/p>\n<p>A novela <strong>\u201cMania de Voc\u00ea\u201d<\/strong> segue sendo um dos grandes sucessos da Globo, e a elimina\u00e7\u00e3o de Rud\u00e1 promete movimentar ainda mais a hist\u00f3ria, trazendo impacto para os personagens que orbitavam ao redor dele.<\/p>\n<p>Agora, resta saber como os f\u00e3s da novela reagir\u00e3o aos pr\u00f3ximos acontecimentos e como a sa\u00edda de Nicolas Prattes influenciar\u00e1 a din\u00e2mica da trama.<\/p>\n<p><strong>O Sal\u00e1rio de Patr\u00edcia Abravanel no SBT Surpreende o P\u00fablico<\/strong><\/p>\n<p>Patr\u00edcia Abravanel, uma das principais apresentadoras do SBT, consolidou seu espa\u00e7o na emissora ao assumir o comando do tradicional <strong>Programa Silvio Santos<\/strong>, que leva o nome de seu pai, Silvio Santos. Desde a pandemia, quando Silvio precisou se afastar, Patr\u00edcia passou a apresentar a atra\u00e7\u00e3o dominical, tornando-se uma das figuras centrais da programa\u00e7\u00e3o do canal.<\/p>\n<h3><strong>A Carreira de Patr\u00edcia Abravanel no SBT<\/strong><\/h3>\n<p>A filha do dono do SBT come\u00e7ou sua trajet\u00f3ria na televis\u00e3o h\u00e1 alguns anos e rapidamente ganhou espa\u00e7o na emissora. Antes de comandar o <strong>Programa Silvio Santos<\/strong>, ela esteve \u00e0 frente do <strong>Vem Pra C\u00e1<\/strong>, uma atra\u00e7\u00e3o matinal que buscava mesclar entretenimento e jornalismo. Seu crescimento na TV foi natural, e seu estilo carism\u00e1tico cativou boa parte do p\u00fablico.<\/p>\n<p>Com a aus\u00eancia definitiva de Silvio Santos nos est\u00fadios, o programa foi oficialmente reformulado para ser apresentado por Patr\u00edcia, mantendo os tradicionais quadros que fizeram hist\u00f3ria na televis\u00e3o brasileira.<\/p>\n<h3><strong>O Sal\u00e1rio de Patr\u00edcia Abravanel no SBT<\/strong><\/h3>\n<p>De acordo com informa\u00e7\u00f5es do site <strong>Bastidores da TV<\/strong>, Patr\u00edcia Abravanel recebe um sal\u00e1rio estimado em <strong>R$ 250 mil<\/strong> mensais do SBT. O valor, embora elevado em compara\u00e7\u00e3o \u00e0 m\u00e9dia salarial do brasileiro, est\u00e1 longe de ser o maior da emissora.<\/p>\n<p>No pr\u00f3prio SBT, o maior sal\u00e1rio pertence a <strong>Carlos Massa, o Ratinho<\/strong>, que fatura cerca de <strong>R$ 2 milh\u00f5es por m\u00eas<\/strong>, devido \u00e0 alta audi\u00eancia e \u00e0s campanhas publicit\u00e1rias dentro de seu programa. J\u00e1 na Rede Globo, nomes como <strong>Luciano Huck, Marcos Mion e F\u00e1tima Bernardes<\/strong> tamb\u00e9m est\u00e3o entre os mais bem pagos da televis\u00e3o brasileira. Na Record, <strong>Rodrigo Faro<\/strong> figura entre os apresentadores com vencimentos elevados.<\/p>\n<h3><strong>O Futuro de Patr\u00edcia Abravanel no SBT<\/strong><\/h3>\n<p>Mesmo com a sa\u00edda definitiva de Silvio Santos da TV, o <strong>Programa Silvio Santos<\/strong> continua sendo um dos carros-chefe da emissora. Com o respaldo da fam\u00edlia e da dire\u00e7\u00e3o do SBT, Patr\u00edcia Abravanel deve continuar \u00e0 frente da atra\u00e7\u00e3o por tempo indeterminado.<\/p>\n<p>A expectativa \u00e9 que a apresentadora reforce ainda mais sua presen\u00e7a na programa\u00e7\u00e3o do canal, podendo assumir novos desafios e programas futuramente. O fato de ser filha de Silvio Santos garante um prest\u00edgio natural, mas sua evolu\u00e7\u00e3o no comando do programa \u00e9 um fator essencial para sua perman\u00eancia no hor\u00e1rio nobre do SBT.<\/p>\n<p>\u00a0<\/p>\n<p><!-- CONTENT END 2 --><\/p><\/div>\n","protected":false},"excerpt":{"rendered":"<p>Nicolas Prattes Deixa \u201cMania de Voc\u00ea\u201d Ap\u00f3s Pedido Popular A novela \u201cMania de Voc\u00ea\u201d, exibida&#8230;<\/p>\n","protected":false},"author":2,"featured_media":0,"comment_status":"","ping_status":"","sticky":false,"template":"","format":"standard","meta":{"footnotes":""},"categories":[2],"tags":[],"class_list":["post-18291","post","type-post","status-publish","format-standard","hentry","category-jogos-ao-vivo"],"amp_enabled":true,"_links":{"self":[{"href":"https:\/\/ipatingafc.com.br\/index.php\/wp-json\/wp\/v2\/posts\/18291","targetHints":{"allow":["GET"]}}],"collection":[{"href":"https:\/\/ipatingafc.com.br\/index.php\/wp-json\/wp\/v2\/posts"}],"about":[{"href":"https:\/\/ipatingafc.com.br\/index.php\/wp-json\/wp\/v2\/types\/post"}],"author":[{"embeddable":true,"href":"https:\/\/ipatingafc.com.br\/index.php\/wp-json\/wp\/v2\/users\/2"}],"replies":[{"embeddable":true,"href":"https:\/\/ipatingafc.com.br\/index.php\/wp-json\/wp\/v2\/comments?post=18291"}],"version-history":[{"count":0,"href":"https:\/\/ipatingafc.com.br\/index.php\/wp-json\/wp\/v2\/posts\/18291\/revisions"}],"wp:attachment":[{"href":"https:\/\/ipatingafc.com.br\/index.php\/wp-json\/wp\/v2\/media?parent=18291"}],"wp:term":[{"taxonomy":"category","embeddable":true,"href":"https:\/\/ipatingafc.com.br\/index.php\/wp-json\/wp\/v2\/categories?post=18291"},{"taxonomy":"post_tag","embeddable":true,"href":"https:\/\/ipatingafc.com.br\/index.php\/wp-json\/wp\/v2\/tags?post=18291"}],"curies":[{"name":"wp","href":"https:\/\/api.w.org\/{rel}","templated":true}]}}