{"id":18298,"date":"2025-02-17T20:41:02","date_gmt":"2025-02-17T23:41:02","guid":{"rendered":"https:\/\/ipatingafc.com.br\/index.php\/2025\/02\/17\/cet-rio-anuncia-interdicoes-no-tunel-santa-barbara-e-nos-elevados-paulo-de-frontin-e-engo-freyssinet-prefeitura-da-cidade-do-rio-de-janeiro\/"},"modified":"2025-02-17T20:41:02","modified_gmt":"2025-02-17T23:41:02","slug":"cet-rio-anuncia-interdicoes-no-tunel-santa-barbara-e-nos-elevados-paulo-de-frontin-e-engo-freyssinet-prefeitura-da-cidade-do-rio-de-janeiro","status":"publish","type":"post","link":"https:\/\/ipatingafc.com.br\/index.php\/2025\/02\/17\/cet-rio-anuncia-interdicoes-no-tunel-santa-barbara-e-nos-elevados-paulo-de-frontin-e-engo-freyssinet-prefeitura-da-cidade-do-rio-de-janeiro\/","title":{"rendered":"CET-Rio anuncia interdi\u00e7\u00f5es no T\u00fanel Santa B\u00e1rbara e nos elevados Paulo de Frontin e Eng\u00ba. Freyssinet &#8211; Prefeitura da Cidade do Rio de Janeiro"},"content":{"rendered":"<p><\/p>\n<div id=\"main\">\n<div class=\"wrapper-breadcrumbs\" wp_automatic_readability=\"29.230399595346\">\n<div class=\"image-post\" wp_automatic_readability=\"33\">\n                     O T\u00fanel Santa B\u00e1rbara ser\u00e1 interditado para manuten\u00e7\u00e3o e limpeza. &#8211; Divulga\u00e7\u00e3o\/    Prefeitura do Rio                  <\/div>\n<p><strong>T\u00daNEL SANTA B\u00c1RBARA<\/strong><\/p>\n<p>O T\u00fanel Santa B\u00e1rbara ser\u00e1 interditado nesta segunda-feira (17\/02), das 23h30 \u00e0s 4h30 do dia seguinte (18\/02), no SENTIDO LARANJEIRAS, para manuten\u00e7\u00e3o e limpeza.<\/p>\n<p>A galeria no sentido Santo Cristo funcionar\u00e1 normalmente.<\/p>\n<p>\u2014\u2014\u2014\u2014\u2014\u2014\u2014\u2014\u2014\u2014\u2014\u2014\u2014\u2014\u2014\u2014\u2014\u2014\u2014\u2014\u2014\u2014\u2014-<br \/><strong>ELEVADOS ENG\u00ba. FREYSSINET E RUFINO PIZARRO<\/strong><\/p>\n<p>A CET-Rio informa que os Elevados Eng\u00ba. Freyssinet (Elevado sobre a Av. Paulo de Frontin) e Rufino Pizarro ser\u00e3o fechados nesta segunda-feira (17\/02), das 23h30 \u00e0s 5h do dia seguinte (18\/02), no sentido Zona Norte, para servi\u00e7os de manuten\u00e7\u00e3o.<\/p>\n<p>Os motoristas poder\u00e3o utilizar, como rota alternativa, a Avenida Paulo de Frontin.<\/p>\n<p>A sinaliza\u00e7\u00e3o espec\u00edfica ser\u00e1 instalada para orientar e alertar os motoristas e operadores da CET-Rio far\u00e3o o monitoramento das condi\u00e7\u00f5es do tr\u00e2nsito e, se necess\u00e1rio, ir\u00e3o atuar. Al\u00e9m disso, os tempos semaf\u00f3ricos ser\u00e3o ajustados para a fluidez nas rotas de desvios e nos principais corredores das regi\u00f5es.<\/p>\n<p>A programa\u00e7\u00e3o poder\u00e1 ser suspensa a qualquer momento em raz\u00e3o de condi\u00e7\u00f5es clim\u00e1ticas ou por quest\u00f5es operacionais da cidade.<\/p>\n<p>             <!-- Compartilhe ---><\/p>\n<p>\t\t\t <!-- TAGS --><\/p>\n<section class=\"category-tags\">\n<div class=\"marcacao-category\">\n<article class=\"category-post\">\n<p>Categoria: <\/p>\n<\/article>\n<li>17 de fevereiro de 2025<\/li><\/div>\n<article class=\"tags\">\n\t\t\t\t\tMarca\u00e7\u00f5es: Elevado Engenheiro Freyssinet Elevado Rufino Pizarro Interdi\u00e7\u00e3o Santa B\u00e1rbara tunel Zona Sul<br \/><\/article>\n<\/section>\n<p>            <!-- Mais Not&iacute;cias --><\/p>\n<p>\t\t<!-- Conte&uacute;do SIDEBAR --><\/p><\/div>\n<\/p><\/div>\n","protected":false},"excerpt":{"rendered":"<p>O T\u00fanel Santa B\u00e1rbara ser\u00e1 interditado para manuten\u00e7\u00e3o e limpeza. &#8211; Divulga\u00e7\u00e3o\/ Prefeitura do Rio&#8230;<\/p>\n","protected":false},"author":2,"featured_media":0,"comment_status":"","ping_status":"","sticky":false,"template":"","format":"standard","meta":{"footnotes":""},"categories":[2],"tags":[],"class_list":["post-18298","post","type-post","status-publish","format-standard","hentry","category-jogos-ao-vivo"],"amp_enabled":true,"_links":{"self":[{"href":"https:\/\/ipatingafc.com.br\/index.php\/wp-json\/wp\/v2\/posts\/18298","targetHints":{"allow":["GET"]}}],"collection":[{"href":"https:\/\/ipatingafc.com.br\/index.php\/wp-json\/wp\/v2\/posts"}],"about":[{"href":"https:\/\/ipatingafc.com.br\/index.php\/wp-json\/wp\/v2\/types\/post"}],"author":[{"embeddable":true,"href":"https:\/\/ipatingafc.com.br\/index.php\/wp-json\/wp\/v2\/users\/2"}],"replies":[{"embeddable":true,"href":"https:\/\/ipatingafc.com.br\/index.php\/wp-json\/wp\/v2\/comments?post=18298"}],"version-history":[{"count":0,"href":"https:\/\/ipatingafc.com.br\/index.php\/wp-json\/wp\/v2\/posts\/18298\/revisions"}],"wp:attachment":[{"href":"https:\/\/ipatingafc.com.br\/index.php\/wp-json\/wp\/v2\/media?parent=18298"}],"wp:term":[{"taxonomy":"category","embeddable":true,"href":"https:\/\/ipatingafc.com.br\/index.php\/wp-json\/wp\/v2\/categories?post=18298"},{"taxonomy":"post_tag","embeddable":true,"href":"https:\/\/ipatingafc.com.br\/index.php\/wp-json\/wp\/v2\/tags?post=18298"}],"curies":[{"name":"wp","href":"https:\/\/api.w.org\/{rel}","templated":true}]}}