{"id":18452,"date":"2025-02-21T10:54:53","date_gmt":"2025-02-21T13:54:53","guid":{"rendered":"https:\/\/ipatingafc.com.br\/index.php\/2025\/02\/21\/iniciativa-oferece-servicos-de-cidadania-e-dia-da-beleza-a-pessoas-em-situacao-de-rua-em-sorocaba-na-proxima-terca-feira-25\/"},"modified":"2025-02-21T10:54:53","modified_gmt":"2025-02-21T13:54:53","slug":"iniciativa-oferece-servicos-de-cidadania-e-dia-da-beleza-a-pessoas-em-situacao-de-rua-em-sorocaba-na-proxima-terca-feira-25","status":"publish","type":"post","link":"https:\/\/ipatingafc.com.br\/index.php\/2025\/02\/21\/iniciativa-oferece-servicos-de-cidadania-e-dia-da-beleza-a-pessoas-em-situacao-de-rua-em-sorocaba-na-proxima-terca-feira-25\/","title":{"rendered":"Iniciativa oferece servi\u00e7os de cidadania e Dia da Beleza a pessoas em situa\u00e7\u00e3o de rua em Sorocaba na pr\u00f3xima ter\u00e7a-feira (25)"},"content":{"rendered":"<p><\/p>\n<div>\n<div class=\"col\">\n<p class=\"mt-0\">\n                        <strong><br \/>\n                            <span class=\"far fa-calendar mr-1 mt-2\"\/><br \/>\n                            21 de fevereiro de 2025<br \/>\n                            <span class=\"far fa-clock ml-3 mt-2\"\/><br \/>\n                            10:54<br \/>\n                        <\/strong>\n                    <\/p>\n<p class=\"mb-0\">Por: <strong>Mariana Campos<\/strong><\/p>\n<\/p><\/div>\n<\/p><\/div>\n<div>\n<p>\u00a0<\/p>\n<p style=\"text-align: center;\"><span style=\"text-decoration: underline;\">J\u00e1 na quarta-feira (26), a mesma a\u00e7\u00e3o ocorrer\u00e1 na Pra\u00e7a Coronel Fernando Prestes, aberta a todos os moradores<\/span><\/p>\n<p>A Prefeitura de Sorocaba e o Governo do Estado de S\u00e3o Paulo v\u00e3o oferecer, na pr\u00f3xima ter\u00e7a-feira (25), das 9h \u00e0s 17h, servi\u00e7os gratuitos de documenta\u00e7\u00e3o e o Dia da Beleza a pessoas em situa\u00e7\u00e3o de rua no munic\u00edpio. A programa\u00e7\u00e3o, articulada pela Secretaria da Cidadania (Secid), ocorrer\u00e1 no SOS (Servi\u00e7o de Obras Sociais), localizado na Rua Francelino Rom\u00e3o, 100, no Jardim Capit\u00e3o.<\/p>\n<p>No local, das 9h \u00e0s 17h, a Prefeitura de Sorocaba promover\u00e1 corte gratuito de cabelo a todos que desejarem, al\u00e9m de levar o Sine M\u00f3vel ao SOS. A unidade itinerante, vinculada \u00e0 Secretaria de Rela\u00e7\u00f5es do Trabalho e Qualifica\u00e7\u00e3o Profissional (Sert), receber\u00e1 as pessoas que estiverem em busca de contrata\u00e7\u00e3o no mercado de trabalho. J\u00e1 das 9h \u00e0s 12h, a Secretaria da Sa\u00fade (SES) vai realizar aferi\u00e7\u00e3o de press\u00e3o e testes de glicemia. Al\u00e9m disso, uma equipe do CAPS AD III levar\u00e1 orienta\u00e7\u00f5es ao p\u00fablico.<\/p>\n<p>Os servi\u00e7os gratuitos de documenta\u00e7\u00e3o ser\u00e3o oferecidos pela Secretaria da Justi\u00e7a e Cidadania (SJC), do Governo do Estado, por meio do projeto Cidadania Itinerante. A a\u00e7\u00e3o ser\u00e1 realizada em um \u00f4nibus. Ser\u00e3o distribu\u00eddas 100 senhas por dia, por ordem de chegada, at\u00e9 uma hora antes do t\u00e9rmino dos atendimentos.<\/p>\n<p>No \u00f4nibus do projeto Cidadania Itinerante, ser\u00e3o oferecidos os seguintes servi\u00e7os: agendamento de 1.\u00aa e 2.\u00aa via de RG; agendamento de 2.\u00aa via de CNH; agendamento na Receita Federal; atestado de antecedentes criminais; baixar Carteira de Trabalho Digital no celular; consulta Serasa; cria\u00e7\u00e3o de conta GOV; elabora\u00e7\u00e3o de curr\u00edculo; emiss\u00e3o de 2.\u00aa via de CPF e t\u00edtulo de eleitor; emiss\u00e3o de 2.\u00aa via de contas (\u00e1gua e luz); encaminhamento para coordena\u00e7\u00f5es, programas e ouvidoria da SJC; entrada no seguro-desemprego; orienta\u00e7\u00f5es do Procon e da Defensoria P\u00fablica; orienta\u00e7\u00f5es migrat\u00f3rias oferecidas pela Organiza\u00e7\u00e3o Internacional para as Migra\u00e7\u00f5es (OIM); recebimento de den\u00fancias de discrimina\u00e7\u00e3o \u00e9tnico-racial, em raz\u00e3o de orienta\u00e7\u00e3o sexual e\/ou identidade de g\u00eanero e de intoler\u00e2ncia religiosa; registro de boletim de ocorr\u00eancia; e solicita\u00e7\u00e3o de 2.\u00aa via das certid\u00f5es de nascimento, casamento e \u00f3bito.<\/p>\n<p><strong>Quarta-feira na Pra\u00e7a Coronel Fernando Prestes<\/strong><\/p>\n<p>J\u00e1 na quarta-feira (26), das 9h \u00e0s 17h, a popula\u00e7\u00e3o que estiver na Pra\u00e7a Coronel Fernando Prestes, no Centro de Sorocaba, o p\u00fablico em geral tamb\u00e9m poder\u00e1 receber corte gratuito de cabelo e, ainda, ser atendido no Sine M\u00f3vel. Da mesma forma, a Secretaria da Justi\u00e7a e Cidadania levar\u00e1 o \u00f4nibus do projeto Cidadania Itinerante \u00e0 Pra\u00e7a Coronel Fernando Prestes. L\u00e1 os moradores tamb\u00e9m ter\u00e3o acesso a todos os servi\u00e7os gratuitos de documenta\u00e7\u00e3o. Ser\u00e3o distribu\u00eddas 100 senhas por dia, por ordem de chegada, at\u00e9 uma hora antes do t\u00e9rmino dos atendimentos.<\/p>\n<\/p><\/div>\n","protected":false},"excerpt":{"rendered":"<p>21 de fevereiro de 2025 10:54 Por: Mariana Campos \u00a0 J\u00e1 na quarta-feira (26), a&#8230;<\/p>\n","protected":false},"author":2,"featured_media":0,"comment_status":"","ping_status":"","sticky":false,"template":"","format":"standard","meta":{"footnotes":""},"categories":[2],"tags":[],"class_list":["post-18452","post","type-post","status-publish","format-standard","hentry","category-jogos-ao-vivo"],"amp_enabled":true,"_links":{"self":[{"href":"https:\/\/ipatingafc.com.br\/index.php\/wp-json\/wp\/v2\/posts\/18452","targetHints":{"allow":["GET"]}}],"collection":[{"href":"https:\/\/ipatingafc.com.br\/index.php\/wp-json\/wp\/v2\/posts"}],"about":[{"href":"https:\/\/ipatingafc.com.br\/index.php\/wp-json\/wp\/v2\/types\/post"}],"author":[{"embeddable":true,"href":"https:\/\/ipatingafc.com.br\/index.php\/wp-json\/wp\/v2\/users\/2"}],"replies":[{"embeddable":true,"href":"https:\/\/ipatingafc.com.br\/index.php\/wp-json\/wp\/v2\/comments?post=18452"}],"version-history":[{"count":0,"href":"https:\/\/ipatingafc.com.br\/index.php\/wp-json\/wp\/v2\/posts\/18452\/revisions"}],"wp:attachment":[{"href":"https:\/\/ipatingafc.com.br\/index.php\/wp-json\/wp\/v2\/media?parent=18452"}],"wp:term":[{"taxonomy":"category","embeddable":true,"href":"https:\/\/ipatingafc.com.br\/index.php\/wp-json\/wp\/v2\/categories?post=18452"},{"taxonomy":"post_tag","embeddable":true,"href":"https:\/\/ipatingafc.com.br\/index.php\/wp-json\/wp\/v2\/tags?post=18452"}],"curies":[{"name":"wp","href":"https:\/\/api.w.org\/{rel}","templated":true}]}}