{"id":18497,"date":"2025-02-22T08:21:52","date_gmt":"2025-02-22T11:21:52","guid":{"rendered":"https:\/\/ipatingafc.com.br\/index.php\/2025\/02\/22\/dona-de-creche-que-esqueceu-menino-de-2-anos-em-carro-tentou-fugir\/"},"modified":"2025-02-22T08:21:52","modified_gmt":"2025-02-22T11:21:52","slug":"dona-de-creche-que-esqueceu-menino-de-2-anos-em-carro-tentou-fugir","status":"publish","type":"post","link":"https:\/\/ipatingafc.com.br\/index.php\/2025\/02\/22\/dona-de-creche-que-esqueceu-menino-de-2-anos-em-carro-tentou-fugir\/","title":{"rendered":"Dona de creche que esqueceu menino de 2 anos em carro tentou fugir"},"content":{"rendered":"<p><\/p>\n<div wp_automatic_readability=\"60.255924170616\">\n<p><strong>Dona de Creche Tenta Fugir Ap\u00f3s Esquecer Menino de 2 Anos em Carro<\/strong><\/p>\n<p>O caso que chocou a cidade de Ner\u00f3polis, em Goi\u00e1s, ganhou novos desdobramentos nesta semana. A Pol\u00edcia Civil revelou que Flaviane Lima, dona de uma creche local, tentou fugir ap\u00f3s esquecer um menino de dois anos dentro do carro por quatro horas. O delegado Andr\u00e9 Fernandes informou que ela foi localizada na cidade de Itabera\u00ed, a aproximadamente 80 quil\u00f4metros do local da trag\u00e9dia.<\/p>\n<h3><strong>Trag\u00e9dia na Creche<\/strong><\/h3>\n<p>O incidente aconteceu na \u00faltima ter\u00e7a-feira (18). Flaviane buscou Salom\u00e3o Rodrigues Faustino em casa para lev\u00e1-lo \u00e0 creche, mas, ao chegar ao local, entrou na unidade e esqueceu a crian\u00e7a presa \u00e0 cadeirinha no banco de tr\u00e1s do ve\u00edculo, com os vidros fechados. Somente horas depois, ao perceber o erro, ela acionou o Corpo de Bombeiros. O menino foi levado \u00e0s pressas para o hospital, mas n\u00e3o resistiu.<\/p>\n<p>A empres\u00e1ria foi presa e autuada por homic\u00eddio culposo, crime que ocorre quando n\u00e3o h\u00e1 inten\u00e7\u00e3o de matar. A defesa de Flaviane afirmou que ela est\u00e1 profundamente abalada e que tentou prestar socorro \u00e0 crian\u00e7a assim que percebeu o erro.<\/p>\n<h3><strong>Dona de Creche Est\u00e1 Abalada<\/strong><\/h3>\n<p>Durante depoimento \u00e0 pol\u00edcia, Flaviane declarou que o esquecimento ocorreu porque estava preocupada com a chegada de tr\u00eas novas crian\u00e7as na creche. Seu advogado destacou que a empres\u00e1ria possui treinamento em primeiros socorros e insistiu que n\u00e3o houve neglig\u00eancia deliberada.<\/p>\n<p>A morte de Salom\u00e3o gerou grande como\u00e7\u00e3o entre os moradores da cidade e nas redes sociais. A m\u00e3e da crian\u00e7a, Giselle Faustino, desabafou sobre sua dor em uma publica\u00e7\u00e3o emocionante, onde lamentou o pouco tempo que teve com o filho e afirmou estar vivendo um verdadeiro pesadelo desde sua perda.<\/p>\n<h3><strong>Investiga\u00e7\u00e3o Segue em Andamento<\/strong><\/h3>\n<p>Flaviane Lima foi levada para o Complexo de Pris\u00e3o Provis\u00f3ria de Aparecida de Goi\u00e2nia, onde permanece detida enquanto a Pol\u00edcia Civil continua investigando o caso. O inqu\u00e9rito busca esclarecer todas as circunst\u00e2ncias do ocorrido e determinar se novas medidas legais ser\u00e3o aplicadas contra a empres\u00e1ria.<\/p>\n<p><!-- CONTENT END 2 --><\/p><\/div>\n","protected":false},"excerpt":{"rendered":"<p>Dona de Creche Tenta Fugir Ap\u00f3s Esquecer Menino de 2 Anos em Carro O caso&#8230;<\/p>\n","protected":false},"author":2,"featured_media":0,"comment_status":"","ping_status":"","sticky":false,"template":"","format":"standard","meta":{"footnotes":""},"categories":[2],"tags":[],"class_list":["post-18497","post","type-post","status-publish","format-standard","hentry","category-jogos-ao-vivo"],"amp_enabled":true,"_links":{"self":[{"href":"https:\/\/ipatingafc.com.br\/index.php\/wp-json\/wp\/v2\/posts\/18497","targetHints":{"allow":["GET"]}}],"collection":[{"href":"https:\/\/ipatingafc.com.br\/index.php\/wp-json\/wp\/v2\/posts"}],"about":[{"href":"https:\/\/ipatingafc.com.br\/index.php\/wp-json\/wp\/v2\/types\/post"}],"author":[{"embeddable":true,"href":"https:\/\/ipatingafc.com.br\/index.php\/wp-json\/wp\/v2\/users\/2"}],"replies":[{"embeddable":true,"href":"https:\/\/ipatingafc.com.br\/index.php\/wp-json\/wp\/v2\/comments?post=18497"}],"version-history":[{"count":0,"href":"https:\/\/ipatingafc.com.br\/index.php\/wp-json\/wp\/v2\/posts\/18497\/revisions"}],"wp:attachment":[{"href":"https:\/\/ipatingafc.com.br\/index.php\/wp-json\/wp\/v2\/media?parent=18497"}],"wp:term":[{"taxonomy":"category","embeddable":true,"href":"https:\/\/ipatingafc.com.br\/index.php\/wp-json\/wp\/v2\/categories?post=18497"},{"taxonomy":"post_tag","embeddable":true,"href":"https:\/\/ipatingafc.com.br\/index.php\/wp-json\/wp\/v2\/tags?post=18497"}],"curies":[{"name":"wp","href":"https:\/\/api.w.org\/{rel}","templated":true}]}}