{"id":18983,"date":"2025-03-06T01:26:54","date_gmt":"2025-03-06T04:26:54","guid":{"rendered":"https:\/\/ipatingafc.com.br\/index.php\/2025\/03\/06\/veiculo-furtado-e-recuperado-pela-gcm-em-posto-de-combustiveis-no-bairro-wanel-ville-agencia-de-noticias\/"},"modified":"2025-03-06T01:26:54","modified_gmt":"2025-03-06T04:26:54","slug":"veiculo-furtado-e-recuperado-pela-gcm-em-posto-de-combustiveis-no-bairro-wanel-ville-agencia-de-noticias","status":"publish","type":"post","link":"https:\/\/ipatingafc.com.br\/index.php\/2025\/03\/06\/veiculo-furtado-e-recuperado-pela-gcm-em-posto-de-combustiveis-no-bairro-wanel-ville-agencia-de-noticias\/","title":{"rendered":"Ve\u00edculo furtado \u00e9 recuperado pela GCM em posto de combust\u00edveis no bairro Wanel Ville \u2013 Ag\u00eancia de Not\u00edcias"},"content":{"rendered":"<p><\/p>\n<div>\n<div class=\"col\">\n<p class=\"mt-0\">\n                        <strong><br \/>\n                            <span class=\"far fa-calendar mr-1 mt-2\"\/><br \/>\n                            5 de mar\u00e7o de 2025<br \/>\n                            <span class=\"far fa-clock ml-3 mt-2\"\/><br \/>\n                            15:19<br \/>\n                        <\/strong>\n                    <\/p>\n<p class=\"mb-0\">Por: <strong>Eduardo Santinon (esantinon@sorocaba.sp.gov.br)<\/strong><\/p>\n<\/p><\/div>\n<\/p><\/div>\n<div>\n<figure id=\"attachment_153660\" aria-describedby=\"caption-attachment-153660\" style=\"width: 1024px\" class=\"wp-caption aligncenter\"><figcaption id=\"caption-attachment-153660\" class=\"wp-caption-text\">Foto: GCM<\/figcaption><\/figure>\n<p>\u00a0<\/p>\n<p>A Guarda Civil Municipal (GCM) de Sorocaba recuperou, no fim da tarde de ter\u00e7a-feira (4), uma caminhonete que tinha sido furtada na cidade, em janeiro passado. O propriet\u00e1rio o localizou em um posto de combust\u00edveis no bairro Wanel Ville, Zona Oeste da cidade, e acionou a GCM, que fez a apreens\u00e3o e deteve o condutor que estava com o ve\u00edculo, pelo crime de recepta\u00e7\u00e3o.<\/p>\n<p>A ocorr\u00eancia foi registrada \u00e0s 17h30, momento em que uma equipe da GCM fazia patrulhamento preventivo pela Avenida Elias Maluf e foi solicitada por um cidad\u00e3o, de 34 anos, que alegou ter encontrado nas imedia\u00e7\u00f5es a sua Saveiro, furtada no dia 18 de janeiro.<\/p>\n<p>No local indicado, a GCM avistou o ve\u00edculo indicado, estacionado junto com o motorista, que estava acompanhado de sua esposa. Os dois foram abordados e nada de il\u00edcito foi encontrado com eles. No compartimento de carga da caminhonete havia um carrinho de beb\u00ea.<\/p>\n<p>As numera\u00e7\u00f5es de chassi e de motor estavam em ordem, por\u00e9m a Saveiro apresentava placas de outro ve\u00edculo. Houve a confirma\u00e7\u00e3o da queixa de furto do ve\u00edculo, sendo que o condutor alegou que pepou emprestado de um amigo.<\/p>\n<p>As partes envolvidas foram apresentadas no Plant\u00e3o da Pol\u00edcia Civil e a autoridade pol\u00edcia, ap\u00f3s tomar conhecimento dos fatos, indiciou o acusado, de 44 anos de idade, por recepta\u00e7\u00e3o, com base no artigo 180 do C\u00f3digo Penal, ficando \u00e0 disposi\u00e7\u00e3o da Justi\u00e7a.<\/p>\n<\/p><\/div>\n","protected":false},"excerpt":{"rendered":"<p>5 de mar\u00e7o de 2025 15:19 Por: Eduardo Santinon (esantinon@sorocaba.sp.gov.br) Foto: GCM \u00a0 A Guarda&#8230;<\/p>\n","protected":false},"author":2,"featured_media":0,"comment_status":"","ping_status":"","sticky":false,"template":"","format":"standard","meta":{"footnotes":""},"categories":[2],"tags":[],"class_list":["post-18983","post","type-post","status-publish","format-standard","hentry","category-jogos-ao-vivo"],"amp_enabled":true,"_links":{"self":[{"href":"https:\/\/ipatingafc.com.br\/index.php\/wp-json\/wp\/v2\/posts\/18983","targetHints":{"allow":["GET"]}}],"collection":[{"href":"https:\/\/ipatingafc.com.br\/index.php\/wp-json\/wp\/v2\/posts"}],"about":[{"href":"https:\/\/ipatingafc.com.br\/index.php\/wp-json\/wp\/v2\/types\/post"}],"author":[{"embeddable":true,"href":"https:\/\/ipatingafc.com.br\/index.php\/wp-json\/wp\/v2\/users\/2"}],"replies":[{"embeddable":true,"href":"https:\/\/ipatingafc.com.br\/index.php\/wp-json\/wp\/v2\/comments?post=18983"}],"version-history":[{"count":0,"href":"https:\/\/ipatingafc.com.br\/index.php\/wp-json\/wp\/v2\/posts\/18983\/revisions"}],"wp:attachment":[{"href":"https:\/\/ipatingafc.com.br\/index.php\/wp-json\/wp\/v2\/media?parent=18983"}],"wp:term":[{"taxonomy":"category","embeddable":true,"href":"https:\/\/ipatingafc.com.br\/index.php\/wp-json\/wp\/v2\/categories?post=18983"},{"taxonomy":"post_tag","embeddable":true,"href":"https:\/\/ipatingafc.com.br\/index.php\/wp-json\/wp\/v2\/tags?post=18983"}],"curies":[{"name":"wp","href":"https:\/\/api.w.org\/{rel}","templated":true}]}}