{"id":19039,"date":"2025-03-07T00:56:55","date_gmt":"2025-03-07T03:56:55","guid":{"rendered":"https:\/\/ipatingafc.com.br\/index.php\/2025\/03\/07\/estao-abertas-as-inscricoes-para-o-projeto-conexao-escola-familia-deste-sabado-8-agencia-de-noticias\/"},"modified":"2025-03-07T00:56:55","modified_gmt":"2025-03-07T03:56:55","slug":"estao-abertas-as-inscricoes-para-o-projeto-conexao-escola-familia-deste-sabado-8-agencia-de-noticias","status":"publish","type":"post","link":"https:\/\/ipatingafc.com.br\/index.php\/2025\/03\/07\/estao-abertas-as-inscricoes-para-o-projeto-conexao-escola-familia-deste-sabado-8-agencia-de-noticias\/","title":{"rendered":"Est\u00e3o abertas as inscri\u00e7\u00f5es para o projeto \u201cConex\u00e3o Escola Fam\u00edlia\u201d deste s\u00e1bado (8) \u2013 Ag\u00eancia de Not\u00edcias"},"content":{"rendered":"<p><\/p>\n<div>\n<div class=\"col\">\n<p class=\"mt-0\">\n                        <strong><br \/>\n                            <span class=\"far fa-calendar mr-1 mt-2\"\/><br \/>\n                            6 de mar\u00e7o de 2025<br \/>\n                            <span class=\"far fa-clock ml-3 mt-2\"\/><br \/>\n                            17:47<br \/>\n                        <\/strong>\n                    <\/p>\n<p class=\"mb-0\">Por: <strong>Evelyn Azevedo<\/strong><\/p>\n<\/p><\/div>\n<\/p><\/div>\n<div>\n<p>As fam\u00edlias interessadas j\u00e1 podem realizar as inscri\u00e7\u00f5es para o projeto \u201cConex\u00e3o Escola Fam\u00edlia\u201d, que acontece neste s\u00e1bado (8), das 10h \u00e0s 13h, em seis escolas municipais. Para participar da programa\u00e7\u00e3o gratuita, os interessados devem se inscrever pelo link: http:\/\/escola-familia.sorocaba.sp.gov.br\/conefam\/inscricoes\/. Para garantir a participa\u00e7\u00e3o, o formul\u00e1rio deve ser completamente preenchido, at\u00e9 que a mensagem de confirma\u00e7\u00e3o da inscri\u00e7\u00e3o apare\u00e7a na tela. As vagas s\u00e3o limitadas e disponibilizadas semanalmente.<\/p>\n<p>Promovido pela Prefeitura de Sorocaba, por meio da Secretaria da Educa\u00e7\u00e3o (Sedu), com o apoio de diversas secretarias municipais, o projeto tem como objetivo promover a integra\u00e7\u00e3o entre escola, estudantes e suas fam\u00edlias, por meio de atividades educativas, socioculturais e de alimenta\u00e7\u00e3o saud\u00e1vel, refor\u00e7ando a import\u00e2ncia da qualidade de vida e bem-estar e da conviv\u00eancia comunit\u00e1ria.<\/p>\n<p>A iniciativa \u00e9 voltada aos estudantes matriculados na rede municipal de ensino, que dever\u00e3o estar acompanhados de um adulto respons\u00e1vel durante toda perman\u00eancia na escola escolhida.<\/p>\n<p>Os interessados podem escolher uma das seis unidades que receber\u00e3o o projeto. S\u00e3o elas: E.M. \u201cJo\u00e3o Batista Larizzatti J\u00fanior\u201d (Altos do Ipanema), E.M. \u201cRonaldo Campos de Arruda\u201d (Jardim Josane), E.M. \u201cEdward Frufru Marciano da Silva\u201d (Jardim Botucatu), E.M. \u201cProf.\u00aa Ana Cec\u00edlia Falcato Prado Fontes\u201d (Jardim Renascer), E.M. \u201cDr. Milton Leite de Oliveira\u201d (Brigadeiro Tobias) e E.M. \u201cProf.\u00aa Genny Kalil Milego\u201d (Conjunto Habitacional Herbert de Souza).<\/p>\n<p>Aten\u00e7\u00e3o, para realizar a inscri\u00e7\u00e3o, os interessados devem estar de acordo com os termos descritos no seguinte documento: https:\/\/abre.ai\/termodeusoconexaoescolafamilia.<\/p>\n<\/p><\/div>\n","protected":false},"excerpt":{"rendered":"<p>6 de mar\u00e7o de 2025 17:47 Por: Evelyn Azevedo As fam\u00edlias interessadas j\u00e1 podem realizar&#8230;<\/p>\n","protected":false},"author":2,"featured_media":0,"comment_status":"","ping_status":"","sticky":false,"template":"","format":"standard","meta":{"footnotes":""},"categories":[2],"tags":[],"class_list":["post-19039","post","type-post","status-publish","format-standard","hentry","category-jogos-ao-vivo"],"amp_enabled":true,"_links":{"self":[{"href":"https:\/\/ipatingafc.com.br\/index.php\/wp-json\/wp\/v2\/posts\/19039","targetHints":{"allow":["GET"]}}],"collection":[{"href":"https:\/\/ipatingafc.com.br\/index.php\/wp-json\/wp\/v2\/posts"}],"about":[{"href":"https:\/\/ipatingafc.com.br\/index.php\/wp-json\/wp\/v2\/types\/post"}],"author":[{"embeddable":true,"href":"https:\/\/ipatingafc.com.br\/index.php\/wp-json\/wp\/v2\/users\/2"}],"replies":[{"embeddable":true,"href":"https:\/\/ipatingafc.com.br\/index.php\/wp-json\/wp\/v2\/comments?post=19039"}],"version-history":[{"count":0,"href":"https:\/\/ipatingafc.com.br\/index.php\/wp-json\/wp\/v2\/posts\/19039\/revisions"}],"wp:attachment":[{"href":"https:\/\/ipatingafc.com.br\/index.php\/wp-json\/wp\/v2\/media?parent=19039"}],"wp:term":[{"taxonomy":"category","embeddable":true,"href":"https:\/\/ipatingafc.com.br\/index.php\/wp-json\/wp\/v2\/categories?post=19039"},{"taxonomy":"post_tag","embeddable":true,"href":"https:\/\/ipatingafc.com.br\/index.php\/wp-json\/wp\/v2\/tags?post=19039"}],"curies":[{"name":"wp","href":"https:\/\/api.w.org\/{rel}","templated":true}]}}