{"id":19114,"date":"2025-03-08T04:22:54","date_gmt":"2025-03-08T07:22:54","guid":{"rendered":"https:\/\/ipatingafc.com.br\/index.php\/2025\/03\/08\/prefeitura-realiza-integracaps-no-parque-dos-espanhois-agencia-de-noticias\/"},"modified":"2025-03-08T04:22:54","modified_gmt":"2025-03-08T07:22:54","slug":"prefeitura-realiza-integracaps-no-parque-dos-espanhois-agencia-de-noticias","status":"publish","type":"post","link":"https:\/\/ipatingafc.com.br\/index.php\/2025\/03\/08\/prefeitura-realiza-integracaps-no-parque-dos-espanhois-agencia-de-noticias\/","title":{"rendered":"Prefeitura realiza \u201cIntegracaps\u201d no Parque dos Espanh\u00f3is \u2013 Ag\u00eancia de Not\u00edcias"},"content":{"rendered":"<p><\/p>\n<div wp_automatic_readability=\"32\">\n<div class=\"col\" wp_automatic_readability=\"9\">\n<p class=\"mt-0\">\n                        <strong><br \/>\n                            <span class=\"far fa-calendar mr-1 mt-2\"\/><br \/>\n                            7 de mar\u00e7o de 2025<br \/>\n                            <span class=\"far fa-clock ml-3 mt-2\"\/><br \/>\n                            14:51<br \/>\n                        <\/strong>\n                    <\/p>\n<p class=\"mb-0\">Por: <strong>Lu\u00eds Gustavo Adabro<\/strong><\/p>\n<\/p><\/div>\n<\/p><\/div>\n<div wp_automatic_readability=\"64\">\n<p>A prefeitura de Sorocaba, por meio dos Centros de Aten\u00e7\u00e3o Psicossocial (CAPS), ligados \u00e0 coordenadoria de Sa\u00fade Mental da Secretaria da Sa\u00fade (SES), realizou, na \u00faltima sexta-feira (28), mais uma edi\u00e7\u00e3o do \u201cIntegracaps\u201d, no Parque dos Espanh\u00f3is. O evento reuniu cerca de 80 participantes assistidos pelas unidades.<\/p>\n<p>O objetivo principal do evento \u00e9 promover a sa\u00fade mental por meio de interven\u00e7\u00f5es cooperativas, lazer e apropria\u00e7\u00e3o cultural, incentivando a autonomia, o reencontro e a conex\u00e3o entre os usu\u00e1rios e colaboradores dos servi\u00e7os dos CAPSs e dos servi\u00e7os residenciais terap\u00eauticas.<\/p>\n<p>Neste ano, o \u201cIntegracaps\u201d contou com uma banda animando o ambiente, desfile de fantasias e muitas brincadeiras que aproximaram ainda mais os usu\u00e1rios e colaboradores dos servi\u00e7os p\u00fablico municipal.<\/p>\n<p>\u201cO evento \u00e9 uma oportunidade para que todos sejam envolvidos em atividades de conviv\u00eancia, fortalecendo a integra\u00e7\u00e3o entre as unidades de aten\u00e7\u00e3o psicossocial do munic\u00edpio. Al\u00e9m disso, oferece um espa\u00e7o para que os participantes sejam protagonistas de suas pr\u00f3prias hist\u00f3rias, valorizando a cultura e o lazer como ferramentas terap\u00eauticas\u201d, disse a chefe de Se\u00e7\u00e3o de Sa\u00fade Mental, Cristiane Treimann.<\/p>\n<p><!-- Root element of PhotoSwipe. Must have class pswp. --><\/p><\/div>\n","protected":false},"excerpt":{"rendered":"<p>7 de mar\u00e7o de 2025 14:51 Por: Lu\u00eds Gustavo Adabro A prefeitura de Sorocaba, por&#8230;<\/p>\n","protected":false},"author":2,"featured_media":0,"comment_status":"","ping_status":"","sticky":false,"template":"","format":"standard","meta":{"footnotes":""},"categories":[2],"tags":[],"class_list":["post-19114","post","type-post","status-publish","format-standard","hentry","category-jogos-ao-vivo"],"amp_enabled":true,"_links":{"self":[{"href":"https:\/\/ipatingafc.com.br\/index.php\/wp-json\/wp\/v2\/posts\/19114","targetHints":{"allow":["GET"]}}],"collection":[{"href":"https:\/\/ipatingafc.com.br\/index.php\/wp-json\/wp\/v2\/posts"}],"about":[{"href":"https:\/\/ipatingafc.com.br\/index.php\/wp-json\/wp\/v2\/types\/post"}],"author":[{"embeddable":true,"href":"https:\/\/ipatingafc.com.br\/index.php\/wp-json\/wp\/v2\/users\/2"}],"replies":[{"embeddable":true,"href":"https:\/\/ipatingafc.com.br\/index.php\/wp-json\/wp\/v2\/comments?post=19114"}],"version-history":[{"count":0,"href":"https:\/\/ipatingafc.com.br\/index.php\/wp-json\/wp\/v2\/posts\/19114\/revisions"}],"wp:attachment":[{"href":"https:\/\/ipatingafc.com.br\/index.php\/wp-json\/wp\/v2\/media?parent=19114"}],"wp:term":[{"taxonomy":"category","embeddable":true,"href":"https:\/\/ipatingafc.com.br\/index.php\/wp-json\/wp\/v2\/categories?post=19114"},{"taxonomy":"post_tag","embeddable":true,"href":"https:\/\/ipatingafc.com.br\/index.php\/wp-json\/wp\/v2\/tags?post=19114"}],"curies":[{"name":"wp","href":"https:\/\/api.w.org\/{rel}","templated":true}]}}